{"id":186791,"date":"2022-02-28T16:23:44","date_gmt":"2022-02-28T15:23:44","guid":{"rendered":"https:\/\/www.iphone-ticker.de\/?p=186791"},"modified":"2023-06-08T08:42:03","modified_gmt":"2023-06-08T06:42:03","slug":"apples-sieht-sich-beim-app-store-streit-in-den-niederlanden-im-recht","status":"publish","type":"post","link":"https:\/\/www.iphone-ticker.de\/apples-sieht-sich-beim-app-store-streit-in-den-niederlanden-im-recht-186791\/","title":{"rendered":"Apple sieht sich beim App-Store-Streit in den Niederlanden im Recht"},"content":{"rendered":"<p>Nachdem Apple in den Niederlanden bereits <a href=\"https:\/\/www.ifun.de\/apple-weiter-unbeeindruckt-moeglichst-umstaendlich-trotz-millionenstrafen-182514\/\">f\u00fcnf Wochen in Folge<\/a> die dem iPhone-Hersteller von dortigen Wettbewerbsh\u00fctern auferlegte Strafe von jeweils 5 Millionen Euro in Kauf genommen hat, lie\u00df sogar die europ\u00e4ische Kommissarin f\u00fcr Wettbewerb Margrethe Vestager <a href=\"https:\/\/www.iphone-ticker.de\/eu-kommissarin-apple-zahlt-lieber-strafe-als-den-app-store-anzupassen-186602\/\">verlauten<\/a>, dass es Unternehmen vom Kaliber Apples eher vorziehen, eine Geldstrafe zu bezahlen, als sich an g\u00fcltige Kartellvorschriften zu halten. Wohl nicht zuletzt vor diesem Hintergrund hat Apple in einem Schreiben an die niederl\u00e4ndischen Wettbewerbsh\u00fcter nun erneut betont, dass es sich diesbez\u00fcglich keiner Schuld bewusst sei.<\/p>\n<p><a href=\"https:\/\/images.iphone-ticker.de\/wp-content\/uploads\/2022\/02\/iphone-amsterdam-unsplash.jpg\"><img loading=\"lazy\" decoding=\"async\" src=\"https:\/\/images.iphone-ticker.de\/wp-content\/uploads\/2022\/02\/iphone-amsterdam-unsplash-700x467.jpg\" alt=\"Iphone Amsterdam Unsplash\" width=\"700\" height=\"467\" class=\"alignnone size-large wp-image-186240\" srcset=\"https:\/\/images.iphone-ticker.de\/wp-content\/uploads\/2022\/02\/iphone-amsterdam-unsplash-700x467.jpg 700w, https:\/\/images.iphone-ticker.de\/wp-content\/uploads\/2022\/02\/iphone-amsterdam-unsplash-500x334.jpg 500w, https:\/\/images.iphone-ticker.de\/wp-content\/uploads\/2022\/02\/iphone-amsterdam-unsplash.jpg 1400w\" sizes=\"auto, (max-width: 700px) 100vw, 700px\" \/><\/a><\/p>\n<h6>Bilder: <a href=\"https:\/\/de.depositphotos.com\/\">depositphotos.com<\/a> \/ <a href=\"https:\/\/unsplash.com\/@driesdeschepper\">Dries de Scheper<\/a><\/h6>\n<p>In dem der Nachrichtenagentur <a href=\"https:\/\/www.reuters.com\/article\/idUSS8N2LZ0AW\">Reuters vorliegenden Schreiben<\/a> an die niederl\u00e4ndische Beh\u00f6rde f\u00fcr Verbraucherschutz und Marktaufsicht (ACM) \u00e4u\u00dfert sich Apple offenbar dahingehend, dass man der Anordnung nachgekommen sei, den App Store f\u00fcr alternative Zahlungsanbieter f\u00fcr Dating-Apps in den Niederlanden zu \u00f6ffnen. Die L\u00f6sung erfordert aus Sicht des iPhone-Herstellers demnach nur eine \u201egeringf\u00fcgige technische \u00c4nderung\u201c, ohne dass dabei zus\u00e4tzliche Kosten entstehen.<\/p>\n<h2>Verbrauchersch\u00fctzer sehen zu hohe H\u00fcrden<\/h2>\n<p>Die niederl\u00e4ndischen Verbrauchersch\u00fctzer waren sich diesbez\u00fcglich bislang allerdings nicht mit Apple einig. So hatte die Beh\u00f6rde <a href=\"https:\/\/www.iphone-ticker.de\/apple-gegen-die-niederlande-erneut-5-millionen-faellig-186236\/\">zuletzt kritisiert<\/a>, dass der mit der von Apple bereitgestellten L\u00f6sung verbundene zus\u00e4tzliche Aufwand sowohl f\u00fcr Entwickler als auch f\u00fcr die Nutzer unverh\u00e4ltnism\u00e4\u00dfig hoch sei. So erwartet Apple beispielsweise, dass die alternative Abrechnungsm\u00f6glichkeit \u00fcber eine zus\u00e4tzliche und eigenst\u00e4ndige App angeboten wird, die nicht nur parallel entwickelt und gepflegt, sondern auch vom Kunden zus\u00e4tzlich beziehungsweise anstelle der Standard-App werden muss.<\/p>\n<p>Auch die von Apple von den Entwicklern in diesem Zusammenhang geforderten Geb\u00fchren haben f\u00fcr Unverst\u00e4ndnis gesorgt. So fordert Apple statt der bisherigen 30 Prozent mit 27 Prozent Provision lediglich 3 Prozent weniger, was in der Regel aber nur den von den Zahlungsabwicklern einbehaltenen Geb\u00fchren entspricht.<\/p>\n<p>Wir gehen davon aus, dass wir sp\u00e4testens morgen erfahren, wie es in dieser Angelegenheit weitergeht. Schon in den vergangenen Wochen haben die Updates \u00fcber den Stand der Strafzahlungen und damit verbundenen Forderungen jeweils in der Nacht von Montag auf Dienstag die Runde gemacht.<img loading=\"lazy\" decoding=\"async\" src=\"https:\/\/vg06.met.vgwort.de\/na\/68d296b738be4be1a2b06e0454272939\" width=\"1\" height=\"1\" no-lazy class=\"tracking\"><\/p>\n","protected":false},"excerpt":{"rendered":"<a href=\"https:\/\/www.iphone-ticker.de\/apples-sieht-sich-beim-app-store-streit-in-den-niederlanden-im-recht-186791\/\"><img decoding=\"async\" width=\"150\" src=\"https:\/\/images.iphone-ticker.de\/wp-content\/uploads\/2022\/02\/iphone-amsterdam-unsplash-700x467.jpg\" class=\"alignright wp-post-image tfe\" alt=\"Iphone Amsterdam Unsplash\" title=\"\" \/><\/a><p>Nachdem Apple in den Niederlanden bereits f\u00fcnf Wochen in Folge die dem iPhone-Hersteller von dortigen Wettbewerbsh\u00fctern auferlegte Strafe von jeweils 5 Millionen Euro in Kauf genommen hat, lie\u00df sogar die europ\u00e4ische Kommissarin f\u00fcr Wettbewerb Margrethe Vestager verlauten, dass es Unternehmen vom Kaliber Apples eher vorziehen, eine Geldstrafe zu bezahlen, als sich an g\u00fcltige Kartellvorschriften zu [&hellip;]<\/p>\n","protected":false},"author":2,"featured_media":0,"comment_status":"open","ping_status":"closed","sticky":false,"template":"","format":"standard","meta":{"footnotes":""},"categories":[1],"tags":[],"class_list":["post-186791","post","type-post","status-publish","format-standard","hentry","category-news"],"aioseo_notices":[],"subheadline":["Bereits 25 Millionen Strafe aufgelaufen"],"featured_image":["https:\/\/images.iphone-ticker.de\/wp-content\/uploads\/2022\/02\/apple-store-amsterdam-feature-dp.jpg"],"rest_api_enabler":{"subheadline":"Bereits 25 Millionen Strafe aufgelaufen","featured_image":"https:\/\/images.iphone-ticker.de\/wp-content\/uploads\/2022\/02\/apple-store-amsterdam-feature-dp.jpg"},"_links":{"self":[{"href":"https:\/\/www.iphone-ticker.de\/apiv2\/wp\/v2\/posts\/186791","targetHints":{"allow":["GET"]}}],"collection":[{"href":"https:\/\/www.iphone-ticker.de\/apiv2\/wp\/v2\/posts"}],"about":[{"href":"https:\/\/www.iphone-ticker.de\/apiv2\/wp\/v2\/types\/post"}],"author":[{"embeddable":true,"href":"https:\/\/www.iphone-ticker.de\/apiv2\/wp\/v2\/users\/2"}],"replies":[{"embeddable":true,"href":"https:\/\/www.iphone-ticker.de\/apiv2\/wp\/v2\/comments?post=186791"}],"version-history":[{"count":6,"href":"https:\/\/www.iphone-ticker.de\/apiv2\/wp\/v2\/posts\/186791\/revisions"}],"predecessor-version":[{"id":214359,"href":"https:\/\/www.iphone-ticker.de\/apiv2\/wp\/v2\/posts\/186791\/revisions\/214359"}],"wp:attachment":[{"href":"https:\/\/www.iphone-ticker.de\/apiv2\/wp\/v2\/media?parent=186791"}],"wp:term":[{"taxonomy":"category","embeddable":true,"href":"https:\/\/www.iphone-ticker.de\/apiv2\/wp\/v2\/categories?post=186791"},{"taxonomy":"post_tag","embeddable":true,"href":"https:\/\/www.iphone-ticker.de\/apiv2\/wp\/v2\/tags?post=186791"}],"curies":[{"name":"wp","href":"https:\/\/api.w.org\/{rel}","templated":true}]}}