{"id":186684,"date":"2022-02-24T18:47:24","date_gmt":"2022-02-24T17:47:24","guid":{"rendered":"https:\/\/www.iphone-ticker.de\/?p=186684"},"modified":"2022-02-24T18:57:16","modified_gmt":"2022-02-24T17:57:16","slug":"face-id-reperatur-erfordert-bald-keinen-geraetetausch-mehr","status":"publish","type":"post","link":"https:\/\/www.iphone-ticker.de\/face-id-reperatur-erfordert-bald-keinen-geraetetausch-mehr-186684\/","title":{"rendered":"Face-ID-Reparatur erfordert bald keinen Ger\u00e4tetausch mehr"},"content":{"rendered":"<p>Apple will defekte Face-ID-Module k\u00fcnftig kosteng\u00fcnstiger reparieren. Bislang war es in diesem Zusammenhang unumg\u00e4nglich, das komplette iPhone auszutauschen. K\u00fcnftig soll es nun m\u00f6glich sein, lediglich ein entsprechendes Modul auszutauschen.<\/p>\n<p><a href=\"https:\/\/images.iphone-ticker.de\/wp-content\/uploads\/2017\/11\/face-id-apple.jpg\"><img loading=\"lazy\" decoding=\"async\" src=\"https:\/\/images.iphone-ticker.de\/wp-content\/uploads\/2017\/11\/face-id-apple.jpg\" alt=\"Face Id Apple\" width=\"500\" height=\"270\" class=\"alignnone size-full wp-image-118814\" srcset=\"https:\/\/images.iphone-ticker.de\/wp-content\/uploads\/2017\/11\/face-id-apple.jpg 700w, https:\/\/images.iphone-ticker.de\/wp-content\/uploads\/2017\/11\/face-id-apple-300x162.jpg 300w\" sizes=\"auto, (max-width: 500px) 100vw, 500px\" \/><\/a><\/p>\n<p>Apple bereitet einem Bericht des Magazins <a href=\"https:\/\/www.macrumors.com\/2022\/02\/24\/iphone-same-unit-face-id-repairs\/\">MacRumors<\/a> zufolge derzeit den hauseigenen Support sowie zertifizierte Reparaturpartner auf die neue Option vor. Offenbar wird der Hersteller hierf\u00fcr ein bislang nicht erh\u00e4ltliches TrueDepth-Modul f\u00fcr autorisierte Servicetechniker bereitstellen, das alle Kamera- und Face-ID-Komponenten enth\u00e4lt. Zuvor m\u00fcsse mithilfe von Apples Service Toolkit eine Analyse durchgef\u00fchrt werden um zu bestimmen, ob die neue Reparaturvariante m\u00f6glich ist oder tats\u00e4chlich das komplette Ger\u00e4t getauscht werden muss.<\/p>\n<p>Bemerkenswert ist die Tatsache, dass die Face-ID-Reparaturen erst ab dem iPhone XS m\u00f6glich sein sollen. Apple hat das iPhone XS im Herbst 2018 auf den Markt gebracht, Face ID wurde allerdings schon ein Jahr zuvor mit dem iPhone X eingef\u00fchrt. Offenbar wurden jedoch erst im Zusammenhang mit der zweiten Generation der Gesichtserkennungstechnologie jene \u00c4nderungen vorgenommen, die eine separate Reparatur des Moduls k\u00fcnftig erm\u00f6glichen. <\/p>\n","protected":false},"excerpt":{"rendered":"<a href=\"https:\/\/www.iphone-ticker.de\/face-id-reperatur-erfordert-bald-keinen-geraetetausch-mehr-186684\/\"><img decoding=\"async\" width=\"150\" src=\"https:\/\/images.iphone-ticker.de\/wp-content\/uploads\/2017\/11\/face-id-apple.jpg\" class=\"alignright wp-post-image tfe\" alt=\"Face Id Apple\" title=\"\" \/><\/a><p>Apple will defekte Face-ID-Module k\u00fcnftig kosteng\u00fcnstiger reparieren. Bislang war es in diesem Zusammenhang unumg\u00e4nglich, das komplette iPhone auszutauschen. K\u00fcnftig soll es nun m\u00f6glich sein, lediglich ein entsprechendes Modul auszutauschen. Apple bereitet einem Bericht des Magazins MacRumors zufolge derzeit den hauseigenen Support sowie zertifizierte Reparaturpartner auf die neue Option vor. Offenbar wird der Hersteller hierf\u00fcr ein [&hellip;]<\/p>\n","protected":false},"author":2,"featured_media":0,"comment_status":"open","ping_status":"closed","sticky":false,"template":"","format":"standard","meta":{"footnotes":""},"categories":[749],"tags":[4057,344,794],"class_list":["post-186684","post","type-post","status-publish","format-standard","hentry","category-iphone-2","tag-face-id","tag-iphone","tag-reparatur"],"aioseo_notices":[],"subheadline":["Ab dem iPhone XS"],"featured_image":["https:\/\/images.iphone-ticker.de\/wp-content\/uploads\/2018\/10\/iphone-xs-face-id-header.jpg"],"rest_api_enabler":{"subheadline":"Ab dem iPhone XS","featured_image":"https:\/\/images.iphone-ticker.de\/wp-content\/uploads\/2018\/10\/iphone-xs-face-id-header.jpg"},"_links":{"self":[{"href":"https:\/\/www.iphone-ticker.de\/apiv2\/wp\/v2\/posts\/186684","targetHints":{"allow":["GET"]}}],"collection":[{"href":"https:\/\/www.iphone-ticker.de\/apiv2\/wp\/v2\/posts"}],"about":[{"href":"https:\/\/www.iphone-ticker.de\/apiv2\/wp\/v2\/types\/post"}],"author":[{"embeddable":true,"href":"https:\/\/www.iphone-ticker.de\/apiv2\/wp\/v2\/users\/2"}],"replies":[{"embeddable":true,"href":"https:\/\/www.iphone-ticker.de\/apiv2\/wp\/v2\/comments?post=186684"}],"version-history":[{"count":4,"href":"https:\/\/www.iphone-ticker.de\/apiv2\/wp\/v2\/posts\/186684\/revisions"}],"predecessor-version":[{"id":186688,"href":"https:\/\/www.iphone-ticker.de\/apiv2\/wp\/v2\/posts\/186684\/revisions\/186688"}],"wp:attachment":[{"href":"https:\/\/www.iphone-ticker.de\/apiv2\/wp\/v2\/media?parent=186684"}],"wp:term":[{"taxonomy":"category","embeddable":true,"href":"https:\/\/www.iphone-ticker.de\/apiv2\/wp\/v2\/categories?post=186684"},{"taxonomy":"post_tag","embeddable":true,"href":"https:\/\/www.iphone-ticker.de\/apiv2\/wp\/v2\/tags?post=186684"}],"curies":[{"name":"wp","href":"https:\/\/api.w.org\/{rel}","templated":true}]}}