{"id":186465,"date":"2022-02-21T11:06:51","date_gmt":"2022-02-21T10:06:51","guid":{"rendered":"https:\/\/www.iphone-ticker.de\/?p=186465"},"modified":"2022-02-21T11:07:19","modified_gmt":"2022-02-21T10:07:19","slug":"neue-anker-ladegeraete-mit-einem-und-zwei-usb-c-ports","status":"publish","type":"post","link":"https:\/\/www.iphone-ticker.de\/neue-anker-ladegeraete-mit-einem-und-zwei-usb-c-ports-186465\/","title":{"rendered":"Neue Anker-Ladeger\u00e4te mit einem und zwei USB-C-Ports"},"content":{"rendered":"<p>Anker bietet sein kompaktes 20-Watt-USB-C-Netzteil jetzt auch mit doppelter Ladekapazit\u00e4t an. Das mit zwei Anschl\u00fcssen ausgestattete Modell <a rel=\"noindex, nofollow\" href=\"http:\/\/www.ifun.de\/amzn\/B09L7TXFCY\">Anker 521 Nano Pro<\/a> ist jetzt in den Farben Arktis-Weiss und Black-Ice zum Preis von 39,99 Euro erh\u00e4ltlich.<\/p>\n<p><a href=\"https:\/\/images.iphone-ticker.de\/wp-content\/uploads\/2022\/02\/anker-521.jpg\"><img loading=\"lazy\" decoding=\"async\" src=\"https:\/\/images.iphone-ticker.de\/wp-content\/uploads\/2022\/02\/anker-521-500x490.jpg\" alt=\"Anker 521\" width=\"500\" height=\"490\" class=\"alignnone size-medium wp-image-186469\" srcset=\"https:\/\/images.iphone-ticker.de\/wp-content\/uploads\/2022\/02\/anker-521-500x490.jpg 500w, https:\/\/images.iphone-ticker.de\/wp-content\/uploads\/2022\/02\/anker-521-700x685.jpg 700w, https:\/\/images.iphone-ticker.de\/wp-content\/uploads\/2022\/02\/anker-521.jpg 1000w\" sizes=\"auto, (max-width: 500px) 100vw, 500px\" \/><\/a><\/p>\n<p> Die einfache Version <a rel=\"noindex, nofollow\" href=\"http:\/\/www.ifun.de\/amzn\/B099K9QPLX\" title=\"Nano Pro 20W\">Anker Nano Pro 20W<\/a> gibt es hierzulande ja schon seit vergangenem Jahr in mittlerweile vier verschiedenen Farben zu Preisen ab 19,99 Euro erh\u00e4ltlich. Jetzt bietet Anker auch eine Version mit insgesamt 40 Watt Ladeleistung an, mit deren Hilfe sich dann beispielsweise zwei iPhones parallel laden oder auch ein iPhone und eine Apple Watch gemeinsam \u00fcber USB-C betanken lassen.<\/p>\n<p>Anker betont im Rahmen der Produktbeschreibung, dass sich die 40 Watt H\u00f6chstleistung des Ger\u00e4ts auch \u00fcber einen der beiden USB-Anschl\u00fcsse einzeln abrufen lassen und sich der neue Ladeadapter dar\u00fcber hinaus auch zur Stromversorgung von Apple-Notebooks eignet.<\/p>\n<p>Falls die neuen Produktbezeichnungen von Anker bei euch Stirnrunzeln verursachen. So richtig gelungen ist die Namensgebung mithilfe von Nummern, also Anker 521, Anker 633 oder Anker 711 und dergleichen zun\u00e4chst einmal in der Tat nicht. Vielleicht hilft es ein wenig, wenn man \u00fcber das dahinter stehende Konzept des Herstellers Bescheid wei\u00df. So sortiert Anker sein Angebot seit wenigen Monaten in drei verschiedenen Kategorien und unterscheidet zwischen den Serien 3 bis 7 von einfacher bis h\u00f6chster Qualit\u00e4t und Entwicklungsstufe:<\/p>\n<p><a href=\"https:\/\/images.iphone-ticker.de\/wp-content\/uploads\/2022\/02\/anker-produktreihen-3-5-6-7-unterschiede.jpg\"><img loading=\"lazy\" decoding=\"async\" src=\"https:\/\/images.iphone-ticker.de\/wp-content\/uploads\/2022\/02\/anker-produktreihen-3-5-6-7-unterschiede-700x357.jpg\" alt=\"Anker Produktreihen 3 5 6 7 Unterschiede\" width=\"700\" height=\"357\" class=\"alignnone size-large wp-image-186468\" srcset=\"https:\/\/images.iphone-ticker.de\/wp-content\/uploads\/2022\/02\/anker-produktreihen-3-5-6-7-unterschiede-700x357.jpg 700w, https:\/\/images.iphone-ticker.de\/wp-content\/uploads\/2022\/02\/anker-produktreihen-3-5-6-7-unterschiede-500x255.jpg 500w, https:\/\/images.iphone-ticker.de\/wp-content\/uploads\/2022\/02\/anker-produktreihen-3-5-6-7-unterschiede.jpg 1400w\" sizes=\"auto, (max-width: 700px) 100vw, 700px\" \/><\/a><\/p>\n<script>\r\n  function open_amazon(link) {\r\n    if (navigator.userAgent.indexOf(\"Firefox\") != -1) {\r\n      window.open(link, '_blank');\r\n    } else {\r\n      var tag = document.createElement('a');\r\n      tag.setAttribute('href', link);\r\n      tag.innerHTML = \"amzn\";\r\n      tag.click();\r\n    }\r\n  }\r\n<\/script>\r\n    <div id=\"article-single-amazon-preview\" onclick=\"return open_amazon('https:\/\/www.amazon.de\/dp\/B09L7TXFCY?tag=musicweb02&linkCode=ogi&th=1&psc=1');\">\n  <div id=\"article-single-amazon-preview-header\">\n    <span class=\"title\">Produkthinweis<\/span>\n      <\/div>\n  <div id=\"article-single-amazon-preview-content\">\n    <div id=\"article-single-amazon-preview-img\" style=\"background: url('https:\/\/m.media-amazon.com\/images\/I\/217vyGwGPHL.jpg') center center no-repeat; background-size: cover;\"><\/div>\n    <div id=\"article-single-amazon-preview-desc\">\n      <span class=\"bezeichnung\"><a href=\"https:\/\/www.amazon.de\/dp\/B09L7TXFCY?tag=musicweb02&linkCode=ogi&th=1&psc=1\" style=\"text-decoration: none; border-bottom: 0px; box-shadow: none;\">Anker 521 Ladeger\u00e4t, Anker Nano, 40W PIQ 3.0 Dual-Port USB-C Netzteil, F\u00fcr iPhone 17\/Pro\/Pro Max\/iPhone Air...<\/a><\/span>\n      <span class=\"preis--aktuell\">29,99 EUR<\/span>\n      <span class=\"preis--alt\"><\/span>\n    <\/div>\n  <\/div>\n<\/div>\n<h2>Anker Nano II hei\u00dft jetzt 711<\/h2>\n<p>In seiner Top-Linie der mit neuesten Ladetechnologien ausgestatteten Ladeger\u00e4te f\u00fchrt Anker das im vergangenen Jahr vorstellte Anker Nano II 30W nun unter der Bezeichnung <a rel=\"noindex, nofollow\" href=\"http:\/\/www.ifun.de\/amzn\/B09LLXVYXG\">Anker 711<\/a> ein ganzes St\u00fcck g\u00fcnstiger als <a href=\"https:\/\/www.iphone-ticker.de\/anker-nano-ii-neue-mini-usb-c-ladegeraete-erstmals-mit-preisnachlass-178686\/\">urspr\u00fcnglich<\/a> an. Als neuer Kaufpreis werden hier nun 24,99 Euro f\u00fcr den in Wei\u00df oder Schwarz erh\u00e4ltlichen, und extrem kompakten Ladew\u00fcrfel genannt, der mit gerade mal 2,9 x 3,1 x 3,8 Zentimetern aus der Wandsteckdose ragt.<\/p>\n<p>Die kompakten Abmessungen werden m\u00f6glich, weil das Ladeger\u00e4t auf effiziente GaN-II-Technologie setzt, mit deren Hilfe sich auch die verbundene W\u00e4rmeentwicklung deutlich reduzieren l\u00e4sst.<img loading=\"lazy\" decoding=\"async\" src=\"https:\/\/vg02.met.vgwort.de\/na\/5dade95b43774243bee1b4916aa1cb4a\" width=\"1\" height=\"1\" no-lazy class=\"tracking\"><\/p>\n<script>\r\n  function open_amazon(link) {\r\n    if (navigator.userAgent.indexOf(\"Firefox\") != -1) {\r\n      window.open(link, '_blank');\r\n    } else {\r\n      var tag = document.createElement('a');\r\n      tag.setAttribute('href', link);\r\n      tag.innerHTML = \"amzn\";\r\n      tag.click();\r\n    }\r\n  }\r\n<\/script>\r\n    <div id=\"article-single-amazon-preview\" onclick=\"return open_amazon('https:\/\/www.amazon.de\/dp\/B09LLXVYXG?tag=musicweb02&linkCode=ogi&th=1&psc=1');\">\n  <div id=\"article-single-amazon-preview-header\">\n    <span class=\"title\">Produkthinweis<\/span>\n      <\/div>\n  <div id=\"article-single-amazon-preview-content\">\n    <div id=\"article-single-amazon-preview-img\" style=\"background: url('https:\/\/m.media-amazon.com\/images\/I\/31wuVfKOWxL.jpg') center center no-repeat; background-size: cover;\"><\/div>\n    <div id=\"article-single-amazon-preview-desc\">\n      <span class=\"bezeichnung\"><a href=\"https:\/\/www.amazon.de\/dp\/B09LLXVYXG?tag=musicweb02&linkCode=ogi&th=1&psc=1\" style=\"text-decoration: none; border-bottom: 0px; box-shadow: none;\">Anker 711 Charger (Nano II 30W) USB-C Ladeger\u00e4t, Kompaktes Design, Geeignet f\u00fcr MacBook Air\/iPhone 13\/13 Mini\/13 Pro...<\/a><\/span>\n      <span class=\"preis--aktuell\"><\/span>\n      <span class=\"preis--alt\"><\/span>\n    <\/div>\n  <\/div>\n<\/div>\n","protected":false},"excerpt":{"rendered":"<a href=\"https:\/\/www.iphone-ticker.de\/neue-anker-ladegeraete-mit-einem-und-zwei-usb-c-ports-186465\/\"><img width=\"150\" height=\"150\" src=\"https:\/\/images.iphone-ticker.de\/wp-content\/uploads\/2022\/02\/anker-521-150x150.jpg\" class=\"alignright tfe wp-post-image\" alt=\"Anker 521\" decoding=\"async\" loading=\"lazy\" \/><\/a><p>Anker bietet sein kompaktes 20-Watt-USB-C-Netzteil jetzt auch mit doppelter Ladekapazit\u00e4t an. Das mit zwei Anschl\u00fcssen ausgestattete Modell Anker 521 Nano Pro ist jetzt in den Farben Arktis-Weiss und Black-Ice zum Preis von 39,99 Euro erh\u00e4ltlich. Die einfache Version Anker Nano Pro 20W gibt es hierzulande ja schon seit vergangenem Jahr in mittlerweile vier verschiedenen Farben [&hellip;]<\/p>\n","protected":false},"author":2,"featured_media":186469,"comment_status":"open","ping_status":"closed","sticky":false,"template":"","format":"standard","meta":{"footnotes":""},"categories":[24],"tags":[2357,45,5239],"class_list":["post-186465","post","type-post","status-publish","format-standard","has-post-thumbnail","hentry","category-zubehor","tag-anker","tag-ladegerat","tag-zubehoer"],"aioseo_notices":[],"featured_image":["https:\/\/images.iphone-ticker.de\/wp-content\/uploads\/2022\/02\/anker-521-ladegeraet-feature.jpg"],"subheadline":["Anker 521 und Anker 711"],"rest_api_enabler":{"featured_image":"https:\/\/images.iphone-ticker.de\/wp-content\/uploads\/2022\/02\/anker-521-ladegeraet-feature.jpg","subheadline":"Anker 521 und Anker 711"},"_links":{"self":[{"href":"https:\/\/www.iphone-ticker.de\/apiv2\/wp\/v2\/posts\/186465","targetHints":{"allow":["GET"]}}],"collection":[{"href":"https:\/\/www.iphone-ticker.de\/apiv2\/wp\/v2\/posts"}],"about":[{"href":"https:\/\/www.iphone-ticker.de\/apiv2\/wp\/v2\/types\/post"}],"author":[{"embeddable":true,"href":"https:\/\/www.iphone-ticker.de\/apiv2\/wp\/v2\/users\/2"}],"replies":[{"embeddable":true,"href":"https:\/\/www.iphone-ticker.de\/apiv2\/wp\/v2\/comments?post=186465"}],"version-history":[{"count":3,"href":"https:\/\/www.iphone-ticker.de\/apiv2\/wp\/v2\/posts\/186465\/revisions"}],"predecessor-version":[{"id":186471,"href":"https:\/\/www.iphone-ticker.de\/apiv2\/wp\/v2\/posts\/186465\/revisions\/186471"}],"wp:featuredmedia":[{"embeddable":true,"href":"https:\/\/www.iphone-ticker.de\/apiv2\/wp\/v2\/media\/186469"}],"wp:attachment":[{"href":"https:\/\/www.iphone-ticker.de\/apiv2\/wp\/v2\/media?parent=186465"}],"wp:term":[{"taxonomy":"category","embeddable":true,"href":"https:\/\/www.iphone-ticker.de\/apiv2\/wp\/v2\/categories?post=186465"},{"taxonomy":"post_tag","embeddable":true,"href":"https:\/\/www.iphone-ticker.de\/apiv2\/wp\/v2\/tags?post=186465"}],"curies":[{"name":"wp","href":"https:\/\/api.w.org\/{rel}","templated":true}]}}