{"id":186352,"date":"2022-02-17T08:38:43","date_gmt":"2022-02-17T07:38:43","guid":{"rendered":"https:\/\/www.iphone-ticker.de\/?p=186352"},"modified":"2022-02-17T08:38:43","modified_gmt":"2022-02-17T07:38:43","slug":"beats-fit-pro-anwender-klagen-ueber-stoerendes-rauschen","status":"publish","type":"post","link":"https:\/\/www.iphone-ticker.de\/beats-fit-pro-anwender-klagen-ueber-stoerendes-rauschen-186352\/","title":{"rendered":"Beats Fit Pro: Anwender klagen \u00fcber st\u00f6rendes Rauschen"},"content":{"rendered":"<p>Die seit drei Wochen in Deutschland erh\u00e4ltlichen Apple-Ohrh\u00f6rer <a href=\"https:\/\/apple.sjv.io\/b3qVgP\" title=\"Beats Fit Pro\">Beats Fit Pro<\/a> sorgen nicht bei allen K\u00e4ufern f\u00fcr Begeisterung. So finden sich zahlreiche Klagen \u00fcber St\u00f6rger\u00e4usche und Rauschen bei Verwendung der Ohrh\u00f6rer.<\/p>\n<p><a href=\"https:\/\/images.iphone-ticker.de\/wp-content\/uploads\/2022\/02\/beats-fit-pro-mit-iphone.jpg\"><img loading=\"lazy\" decoding=\"async\" src=\"https:\/\/images.iphone-ticker.de\/wp-content\/uploads\/2022\/02\/beats-fit-pro-mit-iphone-500x441.jpg\" alt=\"Beats Fit Pro Mit Iphone\" width=\"500\" height=\"441\" class=\"alignnone size-medium wp-image-186359\" srcset=\"https:\/\/images.iphone-ticker.de\/wp-content\/uploads\/2022\/02\/beats-fit-pro-mit-iphone-500x441.jpg 500w, https:\/\/images.iphone-ticker.de\/wp-content\/uploads\/2022\/02\/beats-fit-pro-mit-iphone-700x617.jpg 700w, https:\/\/images.iphone-ticker.de\/wp-content\/uploads\/2022\/02\/beats-fit-pro-mit-iphone.jpg 1000w\" sizes=\"auto, (max-width: 500px) 100vw, 500px\" \/><\/a><\/p>\n<p>Mit Blick auf die vorliegenden Fehlerberichte scheint es sich hier allerdings um zwei unterschiedliche Ursachen zu handeln. Zun\u00e4chst einmal hatte Apple schon beim Verkaufsstart der Ohrh\u00f6rer in den USA grunds\u00e4tzlich ein Problem, bei dem die Beats Fit Pro teilweise mit einem Defekt in einem der beiden H\u00f6rer ausgeliefert wurde. Auch in Deutschland berichten nun vereinzelt Kunden davon, dass einer der beiden Ohrh\u00f6rer teils mehr und teils weniger deutlich h\u00f6rbar rauscht. Hier sollte der Kontakt mit dem Beats-Support und ein Austausch der H\u00f6rer Abhilfe schaffen.<\/p>\n<h2>Transparenzmodus schlechter als bei den AirPods?<\/h2>\n<p>Bei dem zweiten geschilderten Problem gestaltet sich der Sachverhalt schwieriger. So wird \u00fcber einen unverh\u00e4ltnism\u00e4\u00dfig hohen Rauschpegel im Transparenzmodus berichtet. Dazu ist allerdings generell zu sagen, dass auch andere Ohrh\u00f6rer wie etwa die AirPods in diesem Modus dazu neigen, Fremdger\u00e4usche zu verst\u00e4rken, was auch zu einem erh\u00f6hten Rauscheffekt f\u00fchren kann.<\/p>\n<p>Unabh\u00e4ngig davon ist nat\u00fcrlich auch hier ein Problem mit dem Ger\u00e4t selbst nicht auszuschlie\u00dfen &#8211; insbesondere wenn der Effekt als unnat\u00fcrlich stark empfunden wird. Es kann somit keinesfalls schaden, wenn man sich diesbez\u00fcglich mit dem Beats-Support in Verbindung setzt. Ein Austausch ist hier allerdings keine Garantie f\u00fcr Besserung, so schreibt uns ein Leser, dass er bereits sein drittes Paar erhalten hat, das starke Rauschen im Transparenzmodus aber dennoch weiterhin zu vernehmen ist.<\/p>\n<p><a href=\"https:\/\/images.iphone-ticker.de\/wp-content\/uploads\/2022\/02\/beats-fit-pro-weiss.jpg\"><img loading=\"lazy\" decoding=\"async\" src=\"https:\/\/images.iphone-ticker.de\/wp-content\/uploads\/2022\/02\/beats-fit-pro-weiss-700x350.jpg\" alt=\"Beats Fit Pro Weiss\" width=\"700\" height=\"350\" class=\"alignnone size-large wp-image-186356\" srcset=\"https:\/\/images.iphone-ticker.de\/wp-content\/uploads\/2022\/02\/beats-fit-pro-weiss-700x350.jpg 700w, https:\/\/images.iphone-ticker.de\/wp-content\/uploads\/2022\/02\/beats-fit-pro-weiss-500x250.jpg 500w, https:\/\/images.iphone-ticker.de\/wp-content\/uploads\/2022\/02\/beats-fit-pro-weiss.jpg 1200w\" sizes=\"auto, (max-width: 700px) 100vw, 700px\" \/><\/a><\/p>\n<p>Die Beats Fit Pro pr\u00e4sentieren sich als optisch interessante und auch farblich vielseitigere Alternative zu den AirPods. Dank der mitgelieferten Ohrb\u00fcgel versprechen die H\u00f6rer auch bei intensiveren sportlichen Aktivit\u00e4ten sicheren Halt. Bei dem von Apple abgerufenen Premiumpreis von 229 Euro sollte man allerdings auch einwandfreie akustische Eigenschaften erwarten d\u00fcrfen.<img loading=\"lazy\" decoding=\"async\" src=\"https:\/\/vg02.met.vgwort.de\/na\/f573c5a1c7ea42b78d260d4956f683bf\" width=\"1\" height=\"1\" no-lazy class=\"tracking\"><\/p>\n<script>\r\n  function open_amazon(link) {\r\n    if (navigator.userAgent.indexOf(\"Firefox\") != -1) {\r\n      window.open(link, '_blank');\r\n    } else {\r\n      var tag = document.createElement('a');\r\n      tag.setAttribute('href', link);\r\n      tag.innerHTML = \"amzn\";\r\n      tag.click();\r\n    }\r\n  }\r\n<\/script>\r\n    <div id=\"article-single-amazon-preview\" onclick=\"return open_amazon('https:\/\/www.amazon.de\/dp\/B09Q768ND9?tag=musicweb02&linkCode=ogi&th=1&psc=1');\">\n  <div id=\"article-single-amazon-preview-header\">\n    <span class=\"title\">Produkthinweis<\/span>\n      <\/div>\n  <div id=\"article-single-amazon-preview-content\">\n    <div id=\"article-single-amazon-preview-img\" style=\"background: url('https:\/\/m.media-amazon.com\/images\/I\/31zr3rZHOCL.jpg') center center no-repeat; background-size: cover;\"><\/div>\n    <div id=\"article-single-amazon-preview-desc\">\n      <span class=\"bezeichnung\"><a href=\"https:\/\/www.amazon.de\/dp\/B09Q768ND9?tag=musicweb02&linkCode=ogi&th=1&psc=1\" style=\"text-decoration: none; border-bottom: 0px; box-shadow: none;\">Beats Fit Pro \u2013 Komplett kabellose In-Ear Kopfh\u00f6rer \u2013 Aktives Noise-Cancelling, Kompatibel mit Apple & Android...<\/a><\/span>\n      <span class=\"preis--aktuell\">179,00 EUR<\/span>\n      <span class=\"preis--alt\"><\/span>\n    <\/div>\n  <\/div>\n<\/div>\n","protected":false},"excerpt":{"rendered":"<a href=\"https:\/\/www.iphone-ticker.de\/beats-fit-pro-anwender-klagen-ueber-stoerendes-rauschen-186352\/\"><img width=\"150\" height=\"150\" src=\"https:\/\/images.iphone-ticker.de\/wp-content\/uploads\/2022\/02\/beats-fit-pro-mit-iphone-150x150.jpg\" class=\"alignright tfe wp-post-image\" alt=\"Beats Fit Pro Mit Iphone\" decoding=\"async\" loading=\"lazy\" \/><\/a><p>Die seit drei Wochen in Deutschland erh\u00e4ltlichen Apple-Ohrh\u00f6rer Beats Fit Pro sorgen nicht bei allen K\u00e4ufern f\u00fcr Begeisterung. So finden sich zahlreiche Klagen \u00fcber St\u00f6rger\u00e4usche und Rauschen bei Verwendung der Ohrh\u00f6rer. Mit Blick auf die vorliegenden Fehlerberichte scheint es sich hier allerdings um zwei unterschiedliche Ursachen zu handeln. Zun\u00e4chst einmal hatte Apple schon beim Verkaufsstart [&hellip;]<\/p>\n","protected":false},"author":2,"featured_media":186359,"comment_status":"open","ping_status":"closed","sticky":false,"template":"","format":"standard","meta":{"footnotes":""},"categories":[1],"tags":[5937,208],"class_list":["post-186352","post","type-post","status-publish","format-standard","has-post-thumbnail","hentry","category-news","tag-beats-fit-pro","tag-ohrhorer"],"aioseo_notices":[],"subheadline":["Austausch hilft zum Teil"],"featured_image":["https:\/\/images.iphone-ticker.de\/wp-content\/uploads\/2022\/02\/beats-fit-pro-feature-schwarz.jpg"],"rest_api_enabler":{"subheadline":"Austausch hilft zum Teil","featured_image":"https:\/\/images.iphone-ticker.de\/wp-content\/uploads\/2022\/02\/beats-fit-pro-feature-schwarz.jpg"},"_links":{"self":[{"href":"https:\/\/www.iphone-ticker.de\/apiv2\/wp\/v2\/posts\/186352","targetHints":{"allow":["GET"]}}],"collection":[{"href":"https:\/\/www.iphone-ticker.de\/apiv2\/wp\/v2\/posts"}],"about":[{"href":"https:\/\/www.iphone-ticker.de\/apiv2\/wp\/v2\/types\/post"}],"author":[{"embeddable":true,"href":"https:\/\/www.iphone-ticker.de\/apiv2\/wp\/v2\/users\/2"}],"replies":[{"embeddable":true,"href":"https:\/\/www.iphone-ticker.de\/apiv2\/wp\/v2\/comments?post=186352"}],"version-history":[{"count":5,"href":"https:\/\/www.iphone-ticker.de\/apiv2\/wp\/v2\/posts\/186352\/revisions"}],"predecessor-version":[{"id":186360,"href":"https:\/\/www.iphone-ticker.de\/apiv2\/wp\/v2\/posts\/186352\/revisions\/186360"}],"wp:featuredmedia":[{"embeddable":true,"href":"https:\/\/www.iphone-ticker.de\/apiv2\/wp\/v2\/media\/186359"}],"wp:attachment":[{"href":"https:\/\/www.iphone-ticker.de\/apiv2\/wp\/v2\/media?parent=186352"}],"wp:term":[{"taxonomy":"category","embeddable":true,"href":"https:\/\/www.iphone-ticker.de\/apiv2\/wp\/v2\/categories?post=186352"},{"taxonomy":"post_tag","embeddable":true,"href":"https:\/\/www.iphone-ticker.de\/apiv2\/wp\/v2\/tags?post=186352"}],"curies":[{"name":"wp","href":"https:\/\/api.w.org\/{rel}","templated":true}]}}