{"id":185860,"date":"2022-02-07T06:46:04","date_gmt":"2022-02-07T05:46:04","guid":{"rendered":"https:\/\/www.iphone-ticker.de\/?p=185860"},"modified":"2022-02-07T06:46:04","modified_gmt":"2022-02-07T05:46:04","slug":"apple-event-iphone-se-und-ipad-air-sollen-bereits-anfang-maerz-kommen","status":"publish","type":"post","link":"https:\/\/www.iphone-ticker.de\/apple-event-iphone-se-und-ipad-air-sollen-bereits-anfang-maerz-kommen-185860\/","title":{"rendered":"Apple-Event: iPhone SE und iPad Air sollen bereits Anfang M\u00e4rz kommen"},"content":{"rendered":"<p>Apple pr\u00e4sentiert seine ersten Hardware-Neuheiten im aktuellen Jahr voraussichtlich fr\u00fcher als erwartet. Das Wirtschaftsmagazin <a href=\"https:\/\/www.bloomberg.com\/news\/articles\/2022-02-04\/apple-aims-to-debut-new-low-cost-5g-iphone-ipad-in-early-march\">Bloomberg<\/a> wirft einen Termin Anfang M\u00e4rz ins Rennen. Laut mit der Angelegenheit vertrauten Personen soll das erste Apple-Event 2022 bereits am 8. M\u00e4rz oder zumindest um diesen Dreh herum stattfinden.<\/p>\n<p>Somit w\u00e4ren es nur noch vier Wochen, bis Apple mit seiner Fr\u00fchjahrspr\u00e4sentation in ein Jahr startet, das sich den bisherigen Erwartungen zufolge in Sachen Produkteinf\u00fchrungen rekordverd\u00e4chtig pr\u00e4sentieren soll.<\/p>\n<p><a href=\"https:\/\/images.iphone-ticker.de\/wp-content\/uploads\/2021\/08\/tim-cook-apple.jpg\"><img loading=\"lazy\" decoding=\"async\" src=\"https:\/\/images.iphone-ticker.de\/wp-content\/uploads\/2021\/08\/tim-cook-apple.jpg\" alt=\"Tim Cook Apple\" width=\"700\" height=\"378\" class=\"alignnone size-full wp-image-178443\" srcset=\"https:\/\/images.iphone-ticker.de\/wp-content\/uploads\/2021\/08\/tim-cook-apple.jpg 700w, https:\/\/images.iphone-ticker.de\/wp-content\/uploads\/2021\/08\/tim-cook-apple-500x270.jpg 500w\" sizes=\"auto, (max-width: 700px) 100vw, 700px\" \/><\/a><\/p>\n<p>F\u00fcr den M\u00e4rz stehen zun\u00e4chst eine neue Version des kosteng\u00fcnstigen iPhone SE auf dem Programm. Hier wird neben den \u00fcblichen Verbesserungen wie ein schnellerer Prozessor und eine leistungsf\u00e4higere Kamera auch die Unterst\u00fctzung von 5G-Netzen erwartet. Optisch soll sich dagegen im Vergleich zu dem seit April 2020 erh\u00e4ltlichen <a href=\"https:\/\/www.iphone-ticker.de\/iphone-se-2020-apple-stellt-neue-generation-vor-155706\/\">Vorg\u00e4ngermodell<\/a> nichts \u00e4ndern.<\/p>\n<p>Im Tablet-Bereich wird erwartet, dass Apple eine neue Version des iPad Air vorstellt. Das derzeit noch <a href=\"https:\/\/www.ifun.de\/ipad-air-integriert-touch-id-in-die-standby-taste-159479\/\" title=\"iPad Air integriert Touch ID in die Standby-Taste\">aktuelle Modell<\/a> wurde von Apple im September 2020 vorgestellt und kam erstmals mit Touch ID in der Standby-Taste. Auch hier soll neben den \u00fcblichen Verbesserungen im Bereich Prozessor und Kamera 5G-Unterst\u00fctzung Einzug halten.<\/p>\n<p>Ob Apple bereits im M\u00e4rz auch weitere auf eigenen Prozessoren basierende Mac-Modelle vorstellt, ist umstritten. Gesichert ist wohl nur, dass Apple die Umstellung von Intel- auf Apple-Prozessoren in diesem Jahr komplettiert. Apples letztes Hardware-Event haben wir im Oktober 2021 mit den neuen Modellen des MacBook Pro gesehen.<\/p>\n<h2>iOS 15.4 in der ersten M\u00e4rz-H\u00e4lfte<\/h2>\n<p>Der M\u00e4rz soll auch in Sachen iOS nennenswerte Neuerungen bringen. So plant Apple den Bloomberg-Quellen zufolge die Ver\u00f6ffentlichung von <a href=\"https:\/\/www.iphone-ticker.de\/tag\/ios-15-4\/\">iOS 15.4<\/a> f\u00fcr die erste H\u00e4lfte des kommenden Monats. Das Update wird unter anderem die Gesichtserkennung trotz aufgesetzter Maske erlauben, neue Emoji-Grafiken erg\u00e4nzen sowie mit dem bereits vergangenen Sommer von Apple angek\u00fcndigten \u201e<a href=\"https:\/\/www.ifun.de\/neue-betas-fuer-mac-und-ios-bringen-universal-control-181484\/\">Universal Control<\/a>\u201c die M\u00f6glichkeit bieten, eine Tastatur, Maus oder ein einzelnes Trackpad auf einfache Weise mit mehreren Ger\u00e4ten zu verwenden.<img loading=\"lazy\" decoding=\"async\" src=\"https:\/\/vg07.met.vgwort.de\/na\/f302bec006ad423aa0c77bb655d673de\" width=\"1\" height=\"1\" no-lazy class=\"tracking\"><\/p>\n","protected":false},"excerpt":{"rendered":"<a href=\"https:\/\/www.iphone-ticker.de\/apple-event-iphone-se-und-ipad-air-sollen-bereits-anfang-maerz-kommen-185860\/\"><img decoding=\"async\" width=\"150\" src=\"https:\/\/images.iphone-ticker.de\/wp-content\/uploads\/2021\/08\/tim-cook-apple.jpg\" class=\"alignright wp-post-image tfe\" alt=\"Tim Cook Apple\" title=\"\" \/><\/a><p>Apple pr\u00e4sentiert seine ersten Hardware-Neuheiten im aktuellen Jahr voraussichtlich fr\u00fcher als erwartet. Das Wirtschaftsmagazin Bloomberg wirft einen Termin Anfang M\u00e4rz ins Rennen. Laut mit der Angelegenheit vertrauten Personen soll das erste Apple-Event 2022 bereits am 8. M\u00e4rz oder zumindest um diesen Dreh herum stattfinden. Somit w\u00e4ren es nur noch vier Wochen, bis Apple mit seiner [&hellip;]<\/p>\n","protected":false},"author":2,"featured_media":0,"comment_status":"open","ping_status":"closed","sticky":false,"template":"","format":"standard","meta":{"footnotes":""},"categories":[14],"tags":[1643,5962,3321],"class_list":["post-185860","post","type-post","status-publish","format-standard","hentry","category-apple","tag-apple-event","tag-ipad-air","tag-iphone-se"],"aioseo_notices":[],"subheadline":["Neue Hardware und iOS 15.4"],"featured_image":["https:\/\/images.iphone-ticker.de\/wp-content\/uploads\/2020\/08\/apple-event-show-time-buehne.jpg"],"rest_api_enabler":{"subheadline":"Neue Hardware und iOS 15.4","featured_image":"https:\/\/images.iphone-ticker.de\/wp-content\/uploads\/2020\/08\/apple-event-show-time-buehne.jpg"},"_links":{"self":[{"href":"https:\/\/www.iphone-ticker.de\/apiv2\/wp\/v2\/posts\/185860","targetHints":{"allow":["GET"]}}],"collection":[{"href":"https:\/\/www.iphone-ticker.de\/apiv2\/wp\/v2\/posts"}],"about":[{"href":"https:\/\/www.iphone-ticker.de\/apiv2\/wp\/v2\/types\/post"}],"author":[{"embeddable":true,"href":"https:\/\/www.iphone-ticker.de\/apiv2\/wp\/v2\/users\/2"}],"replies":[{"embeddable":true,"href":"https:\/\/www.iphone-ticker.de\/apiv2\/wp\/v2\/comments?post=185860"}],"version-history":[{"count":4,"href":"https:\/\/www.iphone-ticker.de\/apiv2\/wp\/v2\/posts\/185860\/revisions"}],"predecessor-version":[{"id":185864,"href":"https:\/\/www.iphone-ticker.de\/apiv2\/wp\/v2\/posts\/185860\/revisions\/185864"}],"wp:attachment":[{"href":"https:\/\/www.iphone-ticker.de\/apiv2\/wp\/v2\/media?parent=185860"}],"wp:term":[{"taxonomy":"category","embeddable":true,"href":"https:\/\/www.iphone-ticker.de\/apiv2\/wp\/v2\/categories?post=185860"},{"taxonomy":"post_tag","embeddable":true,"href":"https:\/\/www.iphone-ticker.de\/apiv2\/wp\/v2\/tags?post=185860"}],"curies":[{"name":"wp","href":"https:\/\/api.w.org\/{rel}","templated":true}]}}