{"id":185496,"date":"2022-01-27T20:50:35","date_gmt":"2022-01-27T19:50:35","guid":{"rendered":"https:\/\/www.iphone-ticker.de\/?p=185496"},"modified":"2022-02-02T14:44:35","modified_gmt":"2022-02-02T13:44:35","slug":"ios-15-4-erlaubt-face-id-mit-aufgesetzter-maske","status":"publish","type":"post","link":"https:\/\/www.iphone-ticker.de\/ios-15-4-erlaubt-face-id-mit-aufgesetzter-maske-185496\/","title":{"rendered":"iOS 15.4 erlaubt Face ID mit aufgesetzter Maske"},"content":{"rendered":"<p>Mit iOS 15.4 stellt sich auch Apple darauf ein, dass uns Gesichtsmasken im Alltag noch eine ganze Weile begleiten werden. Die zun\u00e4chst nur f\u00fcr Entwickler verf\u00fcgbare Software-Version bietet auf Ger\u00e4ten mit Face ID die M\u00f6glichkeit, die Gesichtserkennung mit aufgesetzter Maske zu aktivieren.<\/p>\n<p>\u201eFace ID mit Mund-Nasen-Bedeckung\u201c hei\u00dft die Funktion in der deutschen Version von iOS 15.4 und ist nicht mit der M\u00f6glichkeit zu verwechseln, das <a href=\"https:\/\/www.iphone-ticker.de\/iphone-mit-der-apple-watch-entsperren-so-gehts-173607\/\" title=\"iPhone mit der Apple Watch entsperren \u2013 so geht\u2019s\">iPhone mit der Apple Watch zu entsperren<\/a>. Mit \u201eFace ID mit Mund-Nasen-Bedeckung\u201c besteht die M\u00f6glichkeit, Face ID auch dann zu verwenden, wenn Mund und Nase durch eine Maske bedeckt sind.<\/p>\n<p><a href=\"https:\/\/images.iphone-ticker.de\/wp-content\/uploads\/2022\/01\/face-id-maske-einstellung.jpg\"><img loading=\"lazy\" decoding=\"async\" src=\"https:\/\/images.iphone-ticker.de\/wp-content\/uploads\/2022\/01\/face-id-maske-einstellung-700x247.jpg\" alt=\"Face Id Maske Einstellung\" width=\"700\" height=\"247\" class=\"alignnone size-large wp-image-185498\" srcset=\"https:\/\/images.iphone-ticker.de\/wp-content\/uploads\/2022\/01\/face-id-maske-einstellung-700x247.jpg 700w, https:\/\/images.iphone-ticker.de\/wp-content\/uploads\/2022\/01\/face-id-maske-einstellung-500x176.jpg 500w, https:\/\/images.iphone-ticker.de\/wp-content\/uploads\/2022\/01\/face-id-maske-einstellung.jpg 947w\" sizes=\"auto, (max-width: 700px) 100vw, 700px\" \/><\/a><\/p>\n<h6>Bilder: <a href=\"https:\/\/twitter.com\/BrandonButch\">Brandon Butch @ Twitter<\/a><\/h6>\n<p>Apple weist in diesem Zusammenhang allerdings ausdr\u00fccklich darauf hin, dass die Genauigkeit von Face ID damit verbunden abnimmt. Dementsprechend muss die neue Option explizit von Nutzer aktiviert werden. In der Folge l\u00e4uft die Face-ID-Authentifizierung ausschlie\u00dflich \u00fcber einen Abgleich der nicht von der Maske bedeckten Gesichtspartien und insbesondere der Augen, weshalb hier auch ein direkter Blick aufs iPhone zwingend erforderlich ist. Bei regul\u00e4rer Face-ID-Benutzung kann man diese sogenannte Aufermerksamkeitspr\u00fcfung ja deaktivieren.<\/p>\n<p>iOS 15.4 steht wie gesagt zun\u00e4chst ausschlie\u00dflich f\u00fcr Entwickler zur Verf\u00fcgung. Wir gehen davon aus, dass die Version f\u00fcr Teilnehmer an Apples \u00f6ffentlichem Beta-Programm zeitnah folgt. Mit einer Freigabe f\u00fcr alle Nutzer ist nicht vor M\u00e4rz zu rechnen.<\/p>\n<p><b>Update:<\/b> Wie sich mittlerweile herausgestellt hat, erfordert diese Funktion zumindest aktuell mindestens ein iPhone 12. M\u00f6glicherweise ist die Kameratechnik \u00e4lterer Ger\u00e4te nicht ausreichend, um eine zuverl\u00e4ssige Funktion zu gew\u00e4hrleisten, offizielle Angaben diesbez\u00fcglich liegen bislang nicht vor.<\/p>\n","protected":false},"excerpt":{"rendered":"<a href=\"https:\/\/www.iphone-ticker.de\/ios-15-4-erlaubt-face-id-mit-aufgesetzter-maske-185496\/\"><img width=\"150\" height=\"150\" src=\"https:\/\/images.iphone-ticker.de\/wp-content\/uploads\/2022\/01\/face-id-mit-maske-150x150.jpg\" class=\"alignright tfe wp-post-image\" alt=\"Face Id Mit Maske\" decoding=\"async\" loading=\"lazy\" \/><\/a><p>Mit iOS 15.4 stellt sich auch Apple darauf ein, dass uns Gesichtsmasken im Alltag noch eine ganze Weile begleiten werden. Die zun\u00e4chst nur f\u00fcr Entwickler verf\u00fcgbare Software-Version bietet auf Ger\u00e4ten mit Face ID die M\u00f6glichkeit, die Gesichtserkennung mit aufgesetzter Maske zu aktivieren. \u201eFace ID mit Mund-Nasen-Bedeckung\u201c hei\u00dft die Funktion in der deutschen Version von iOS [&hellip;]<\/p>\n","protected":false},"author":2,"featured_media":185499,"comment_status":"open","ping_status":"closed","sticky":false,"template":"","format":"standard","meta":{"footnotes":""},"categories":[639,1975],"tags":[4057,5957],"class_list":["post-185496","post","type-post","status-publish","format-standard","has-post-thumbnail","hentry","category-ios","category-feature","tag-face-id","tag-ios-15-4"],"aioseo_notices":[],"subheadline":["Beta f\u00fcr Entwickler verf\u00fcgbar"],"featured_image":["https:\/\/images.iphone-ticker.de\/wp-content\/uploads\/2022\/01\/face-id-mit-maske.jpg"],"rest_api_enabler":{"subheadline":"Beta f\u00fcr Entwickler verf\u00fcgbar","featured_image":"https:\/\/images.iphone-ticker.de\/wp-content\/uploads\/2022\/01\/face-id-mit-maske.jpg"},"_links":{"self":[{"href":"https:\/\/www.iphone-ticker.de\/apiv2\/wp\/v2\/posts\/185496","targetHints":{"allow":["GET"]}}],"collection":[{"href":"https:\/\/www.iphone-ticker.de\/apiv2\/wp\/v2\/posts"}],"about":[{"href":"https:\/\/www.iphone-ticker.de\/apiv2\/wp\/v2\/types\/post"}],"author":[{"embeddable":true,"href":"https:\/\/www.iphone-ticker.de\/apiv2\/wp\/v2\/users\/2"}],"replies":[{"embeddable":true,"href":"https:\/\/www.iphone-ticker.de\/apiv2\/wp\/v2\/comments?post=185496"}],"version-history":[{"count":3,"href":"https:\/\/www.iphone-ticker.de\/apiv2\/wp\/v2\/posts\/185496\/revisions"}],"predecessor-version":[{"id":185501,"href":"https:\/\/www.iphone-ticker.de\/apiv2\/wp\/v2\/posts\/185496\/revisions\/185501"}],"wp:featuredmedia":[{"embeddable":true,"href":"https:\/\/www.iphone-ticker.de\/apiv2\/wp\/v2\/media\/185499"}],"wp:attachment":[{"href":"https:\/\/www.iphone-ticker.de\/apiv2\/wp\/v2\/media?parent=185496"}],"wp:term":[{"taxonomy":"category","embeddable":true,"href":"https:\/\/www.iphone-ticker.de\/apiv2\/wp\/v2\/categories?post=185496"},{"taxonomy":"post_tag","embeddable":true,"href":"https:\/\/www.iphone-ticker.de\/apiv2\/wp\/v2\/tags?post=185496"}],"curies":[{"name":"wp","href":"https:\/\/api.w.org\/{rel}","templated":true}]}}