{"id":185312,"date":"2022-01-25T07:06:46","date_gmt":"2022-01-25T06:06:46","guid":{"rendered":"https:\/\/www.iphone-ticker.de\/?p=185312"},"modified":"2022-01-26T21:34:06","modified_gmt":"2022-01-26T20:34:06","slug":"spektakulaere-recherche-airtag-deckt-tarnbehoerde-auf","status":"publish","type":"post","link":"https:\/\/www.iphone-ticker.de\/spektakulaere-recherche-airtag-deckt-tarnbehoerde-auf-185312\/","title":{"rendered":"Spektakul\u00e4re Recherche: AirTag deckt Tarnbeh\u00f6rde auf"},"content":{"rendered":"<p>Die Netzaktivistin Lilith Wittmann ist hier Mitlesenden inzwischen schon mehrfach \u00fcber den Weg gelaufen. Im vergangenen August rasselte Wittmann mit der CDU aneinander. Nachdem die Fachinformatikerin Schwachstellen in den offiziellen Apps der Christlich Demokratischen Union entdeckt hatte, ging die Partei zum Angriff \u00fcber und stellte trotz freundlichen Hinweisen auf die Datenschutz-Missst\u00e4nde <a href=\"https:\/\/www.iphone-ticker.de\/luecke-in-cduconnect-app-partei-stellt-strafanzeige-gegen-aktivistin-177894\/\">Anzeige gegen die Hackerin<\/a>.<\/p>\n<p><a href=\"https:\/\/images.iphone-ticker.de\/wp-content\/uploads\/2022\/01\/Lilith_Wittmann_L1009494.jpg\"><img loading=\"lazy\" decoding=\"async\" class=\"aligncenter size-medium wp-image-185314\" src=\"https:\/\/images.iphone-ticker.de\/wp-content\/uploads\/2022\/01\/Lilith_Wittmann_L1009494-500x416.jpg\" alt=\"Lilith Wittmann L1009494\" width=\"500\" height=\"416\" srcset=\"https:\/\/images.iphone-ticker.de\/wp-content\/uploads\/2022\/01\/Lilith_Wittmann_L1009494-500x416.jpg 500w, https:\/\/images.iphone-ticker.de\/wp-content\/uploads\/2022\/01\/Lilith_Wittmann_L1009494-700x582.jpg 700w, https:\/\/images.iphone-ticker.de\/wp-content\/uploads\/2022\/01\/Lilith_Wittmann_L1009494-1536x1278.jpg 1536w, https:\/\/images.iphone-ticker.de\/wp-content\/uploads\/2022\/01\/Lilith_Wittmann_L1009494.jpg 1920w\" sizes=\"auto, (max-width: 500px) 100vw, 500px\" \/><\/a><\/p>\n<h6><a href=\"https:\/\/de.wikipedia.org\/wiki\/Lilith_Wittmann#\/media\/Datei:Lilith_Wittmann_L1009494.jpg\">Lilith Wittmann | Bild: Martin Moerke<\/a><\/h6>\n<p>Im Herbst machte sich Wittmann dann an der ID Wallet-Applikation der damaligen Bundesregierung <a href=\"https:\/\/www.iphone-ticker.de\/digital-perso-und-fuehrerschein-identitaets-und-datendiebstahl-bei-id-wallet-moeglich-180447\/\">zu schaffen<\/a> und zeigte, dass die offizielle Anwendung zum Mitf\u00fchren von digitalem Personalausweis und digitalem F\u00fchrerschein angreifbar und alles andere als Sicher war. Nach einem miserablen Deb\u00fct verschwand die ID Wallet-Applikation daraufhin aus dem App Store und ist bis heute nicht in diesen zur\u00fcckgekehrt.<\/p>\n<h2>Spektakul\u00e4re Recherche<\/h2>\n<p>Jetzt hat sich Lilith Wittmann mit einer <a href=\"https:\/\/lilithwittmann.medium.com\/bundesservice-telekommunikation-enttarnt-dieser-geheimdienst-steckt-dahinter-cd2e2753d7ca\">spektakul\u00e4ren Recherche<\/a> zur\u00fcckgemeldet, die diesmal zwar nicht mit iPhone-Anwendungen des App Stores zu tun hat, daf\u00fcr aber die von Apple angebotenen AirTag-Sachenfinder bem\u00fcht, um aufzudecken was es mit der vermeintlichen Bundesbeh\u00f6rde &#8222;Bundesservice Telekommunikation&#8220; auf sich hat.<\/p>\n<p>Den durch und durch lesenswerten Bericht hat Wittmann unter der \u00dcberschrift Wittmann &#8222;Bundesservice Telekommunikation \u2014 enttarnt: Dieser Geheimdienst steckt dahinter&#8220; in ihrem Medium-Blog ver\u00f6ffentlicht und durch ihre Ver\u00f6ffentlichungen auch f\u00fcr mehrere Fragen in der Bundespressekonferenz gesorgt, die die anwesenden Vertreter des Bundesinnenministeriums deutlich aus dem Tritt gebracht haben.<\/p>\n<p><center><\/p>\n<blockquote class=\"twitter-tweet\">\n<p dir=\"ltr\" lang=\"de\">Der omin\u00f6se <a href=\"https:\/\/twitter.com\/hashtag\/BundesserviceTelekommunikation?src=hash&amp;ref_src=twsrc%5Etfw\">#BundesserviceTelekommunikation<\/a> geh\u00f6rt nicht zum &#8222;Gesch\u00e4ftsbereich der Bundesregierung&#8220;. Man hat damit also GAR NIX zu tun, ok? Ob&#8217;s eine Tarnorganisation des Verfassungsschutzes ist, will man uns aber nicht verraten. Grund: weil man es nicht \u00f6ffentlich verraten muss. <a href=\"https:\/\/t.co\/MupV788L7m\">pic.twitter.com\/MupV788L7m<\/a><\/p>\n<p>\u2014 Tilo Jung (@TiloJung) <a href=\"https:\/\/twitter.com\/TiloJung\/status\/1485589468908302336?ref_src=twsrc%5Etfw\">January 24, 2022<\/a><\/p><\/blockquote>\n<p><\/center><br \/>\n<script async src=\"https:\/\/platform.twitter.com\/widgets.js\" charset=\"utf-8\"><\/script><\/p>\n<h2>Herausfinden wo die Post landet<\/h2>\n<p>Apples AirTags kamen im letzten Abschnitt der Posse zum Einsatz und sollten f\u00fcr eine geografische Verortung der im Bericht aufgef\u00fchrten Tarnbeh\u00f6rden sorgen. Die zu kl\u00e4rende Frage: sind das BMI K\u00f6ln und das BMI Treptow Tarnbeh\u00f6rden des Verfassungsschutzes?<\/p>\n<blockquote><p>Aber es fehlt noch der letzte Beweis, denn von den Mitarbeiter*innen, mit denen ich sprach, wurde ja immer abgestritten, dass sie Teil des Verfassungsschutzes sind. Ein guter Indikator w\u00e4re zum Beispiel, wenn wir w\u00fcssten, dass die Post f\u00fcr das \u201cBMI K\u00f6ln\u201d auch tats\u00e4chlich beim Verfassungsschutz landet.<\/p>\n<p>Nachvollziehen, wo Post landet. Das geht entweder mit sehr viel manueller Recherche. Oder man verschickt einfach ein kleines Ger\u00e4t, das regelm\u00e4\u00dfig seine aktuelle Position \u00fcbermittelt (ein sogenannter Airtag). Und schaut, wo dieser landet. Also eine \u201cReisezeitung\u201d \u2014 Norwegen m\u00f6gen die beim Verfassungsschutz bestimmt \u2014 mit passender Dicke zerschnippelt, Peilsender eingebaut und ab in den Briefkasten.<\/p>\n<p>[&#8230;] Und tats\u00e4chlich, wenig sp\u00e4ter \u2014 p\u00fcnktlich um 8:30 Uhr morgens \u2014 taucht der Brief beim Verfassungsschutz in K\u00f6ln auf.<\/p><\/blockquote>\n<p><h8>Mit Dank an Bernhard!<\/h8><\/p>\n<p><img loading=\"lazy\" decoding=\"async\" src=\"https:\/\/vg04.met.vgwort.de\/na\/e29a81e8996445c7a7f24788aa9bdfcd\" width=\"1\" height=\"1\" no-lazy class=\"tracking\"><\/p>\n","protected":false},"excerpt":{"rendered":"<a href=\"https:\/\/www.iphone-ticker.de\/spektakulaere-recherche-airtag-deckt-tarnbehoerde-auf-185312\/\"><img width=\"150\" height=\"150\" src=\"https:\/\/images.iphone-ticker.de\/wp-content\/uploads\/2022\/01\/Lilith_Wittmann_L1009494-150x150.jpg\" class=\"alignright tfe wp-post-image\" alt=\"Lilith Wittmann L1009494\" decoding=\"async\" loading=\"lazy\" \/><\/a><p>Die Netzaktivistin Lilith Wittmann ist hier Mitlesenden inzwischen schon mehrfach \u00fcber den Weg gelaufen. Im vergangenen August rasselte Wittmann mit der CDU aneinander. Nachdem die Fachinformatikerin Schwachstellen in den offiziellen Apps der Christlich Demokratischen Union entdeckt hatte, ging die Partei zum Angriff \u00fcber und stellte trotz freundlichen Hinweisen auf die Datenschutz-Missst\u00e4nde Anzeige gegen die Hackerin. [&hellip;]<\/p>\n","protected":false},"author":1,"featured_media":185314,"comment_status":"open","ping_status":"closed","sticky":false,"template":"","format":"standard","meta":{"footnotes":""},"categories":[1,1975],"tags":[5031],"class_list":["post-185312","post","type-post","status-publish","format-standard","has-post-thumbnail","hentry","category-news","category-feature","tag-airtags"],"aioseo_notices":[],"subheadline":["Bundesservice Telekommunikation"],"featured_image":["https:\/\/images.iphone-ticker.de\/wp-content\/uploads\/2022\/01\/airtag-zeitung-wittmann-feature.jpg"],"rest_api_enabler":{"subheadline":"Bundesservice Telekommunikation","featured_image":"https:\/\/images.iphone-ticker.de\/wp-content\/uploads\/2022\/01\/airtag-zeitung-wittmann-feature.jpg"},"_links":{"self":[{"href":"https:\/\/www.iphone-ticker.de\/apiv2\/wp\/v2\/posts\/185312","targetHints":{"allow":["GET"]}}],"collection":[{"href":"https:\/\/www.iphone-ticker.de\/apiv2\/wp\/v2\/posts"}],"about":[{"href":"https:\/\/www.iphone-ticker.de\/apiv2\/wp\/v2\/types\/post"}],"author":[{"embeddable":true,"href":"https:\/\/www.iphone-ticker.de\/apiv2\/wp\/v2\/users\/1"}],"replies":[{"embeddable":true,"href":"https:\/\/www.iphone-ticker.de\/apiv2\/wp\/v2\/comments?post=185312"}],"version-history":[{"count":1,"href":"https:\/\/www.iphone-ticker.de\/apiv2\/wp\/v2\/posts\/185312\/revisions"}],"predecessor-version":[{"id":185315,"href":"https:\/\/www.iphone-ticker.de\/apiv2\/wp\/v2\/posts\/185312\/revisions\/185315"}],"wp:featuredmedia":[{"embeddable":true,"href":"https:\/\/www.iphone-ticker.de\/apiv2\/wp\/v2\/media\/185314"}],"wp:attachment":[{"href":"https:\/\/www.iphone-ticker.de\/apiv2\/wp\/v2\/media?parent=185312"}],"wp:term":[{"taxonomy":"category","embeddable":true,"href":"https:\/\/www.iphone-ticker.de\/apiv2\/wp\/v2\/categories?post=185312"},{"taxonomy":"post_tag","embeddable":true,"href":"https:\/\/www.iphone-ticker.de\/apiv2\/wp\/v2\/tags?post=185312"}],"curies":[{"name":"wp","href":"https:\/\/api.w.org\/{rel}","templated":true}]}}