{"id":185078,"date":"2022-01-18T17:29:41","date_gmt":"2022-01-18T16:29:41","guid":{"rendered":"https:\/\/www.iphone-ticker.de\/?p=185078"},"modified":"2022-01-18T17:29:41","modified_gmt":"2022-01-18T16:29:41","slug":"patent-krieg-ericsson-springt-apple-wieder-an-die-kehle","status":"publish","type":"post","link":"https:\/\/www.iphone-ticker.de\/patent-krieg-ericsson-springt-apple-wieder-an-die-kehle-185078\/","title":{"rendered":"Patent-Krieg: Ericsson springt Apple wieder an die Kehle"},"content":{"rendered":"<p><a href=\"https:\/\/www.iphone-ticker.de\/nun-auch-in-deutschland-ericsson-strengt-patent-klage-gegen-apple-an-81428\/\">Bereits 2015<\/a> trommelte sich der skandinavische Mobilfunk-Zulieferer Ericsson mit beiden F\u00e4usten auf den Brustkorb und reichte in mehreren L\u00e4ndern der europ\u00e4ischen Union, darunter in Deutschland, in England und in den Niederlanden, Patentklagen gegen Apple ein.<\/p>\n<blockquote class=\"twitter-tweet\" lang=\"de\" data-cards=\"hidden\">\n<p dir=\"ltr\" lang=\"en\">Ericsson asserts patents against Apple in Germany, the UK and the Netherlands <a href=\"http:\/\/t.co\/XkDHwHs7rJ\">http:\/\/t.co\/XkDHwHs7rJ<\/a> <a href=\"http:\/\/t.co\/xnTDuUxJQW\">pic.twitter.com\/xnTDuUxJQW<\/a><\/p>\n<p>\u2014 Ericsson (@ericsson) <a href=\"https:\/\/twitter.com\/ericsson\/status\/596650927630721024\">8. Mai 2015<\/a><\/p><\/blockquote>\n<p><script async src=\"\/\/platform.twitter.com\/widgets.js\" charset=\"utf-8\"><\/script><\/p>\n<p>Das Traditionsunternehmen war \u00fcberzeugt: Apple w\u00fcrde mit dem Verkauf der damals aktuellen iPhone 6S-Ger\u00e4te mehrere der gehaltenen Patente verletzen, die unter anderem Technologien der 2G- und 4G-Netztechnik beschrieben, sowie auf den Bau von Halbleiter-Komponenten eingingen.<\/p>\n<h2>Einigung nach Klage bereits 2015<\/h2>\n<p>Ein halbes Jahr nach Einreichung der Klage in der Bundesrepublik einigten sich Apple und Ericsson dann auf eine auf ein Patent-Abkommen das Lizenzzahlungen von Apple vorsah und legten ihren \u00f6ffentlich ausgetragenen Streit vorerst bei.<\/p>\n<p>Die damals verhandelte, nicht-\u00f6ffentliche Einigung der beiden Unternehmen erstreckte sich auf einen Zeitraum von sieben Jahren und sollte anschlie\u00dfend erneuert werden. Zum Ablauf der sieben Jahre stehen Ericsson und Apple nun wieder vor Gericht. Bereits im Oktober klagte Ericsson und behauptete, dass Apple die Lizenzzahlungen reduzieren w\u00fcrde. Im Dezember brachte sich Cupertino in Stellung und strengte seinerseits eine Klage gegen Ericsson an, die den Schweden vorwarf die Erneuerung des Lizenzabkommens mit unverh\u00e4ltnism\u00e4\u00dfigen Forderungen zu torpedieren.<\/p>\n<h2>Diesmal geht es um 5G-Patente<\/h2>\n<p>Jetzt hat Ericsson nachgesetzt. Wie die Nachrichten-Agentur Reuters <a href=\"https:\/\/www.reuters.com\/technology\/ericsson-sues-apple-again-over-5g-patent-licensing-2022-01-18\/\">heute mitteilt<\/a>, soll Ericsson neue Patentklagen gegenApple eingereicht haben und diesmal gegen die Verletzung von Ideenschriften vorgehen, die 5G-Komponenten beschreiben. Ericsson selbst h\u00e4lt fast 60.000 Patente und verdient durch deren Lizenzierung umgerechnet zwischen 2,20 Euro und 4,40 Euro an jedem verkauften iPhone mit. Zuletzt zogen die Skandinavier gegen Samsung vor Gericht.<\/p>\n<p>Aktuell ist davon auszugehen, dass sich Apple und Ericsson wieder auf einen Vergleich einigen werden. Die angestrengten Verfahren dienen je nach Unternehmen lediglich dazu den Preis zu dr\u00fccken bzw. diesen in die H\u00f6he zu treiben.<\/p>\n<p><img loading=\"lazy\" decoding=\"async\" src=\"https:\/\/vg04.met.vgwort.de\/na\/18ce7bfb7f554041a5825c1917b39f39\" width=\"1\" height=\"1\" no-lazy class=\"tracking\"><\/p>\n","protected":false},"excerpt":{"rendered":"<a href=\"https:\/\/www.iphone-ticker.de\/patent-krieg-ericsson-springt-apple-wieder-an-die-kehle-185078\/\"><img width=\"150\" height=\"150\" src=\"https:\/\/images.iphone-ticker.de\/wp-content\/uploads\/2022\/01\/ericsson-feature-150x150.jpg\" class=\"alignright tfe wp-post-image\" alt=\"Ericsson Feature\" decoding=\"async\" loading=\"lazy\" \/><\/a><p>Bereits 2015 trommelte sich der skandinavische Mobilfunk-Zulieferer Ericsson mit beiden F\u00e4usten auf den Brustkorb und reichte in mehreren L\u00e4ndern der europ\u00e4ischen Union, darunter in Deutschland, in England und in den Niederlanden, Patentklagen gegen Apple ein. Ericsson asserts patents against Apple in Germany, the UK and the Netherlands http:\/\/t.co\/XkDHwHs7rJ pic.twitter.com\/xnTDuUxJQW \u2014 Ericsson (@ericsson) 8. Mai 2015 [&hellip;]<\/p>\n","protected":false},"author":1,"featured_media":185079,"comment_status":"open","ping_status":"closed","sticky":false,"template":"","format":"standard","meta":{"footnotes":""},"categories":[1],"tags":[3912,3013,1081,147,5945],"class_list":["post-185078","post","type-post","status-publish","format-standard","has-post-thumbnail","hentry","category-news","tag-apple","tag-ericsson","tag-patente","tag-recht","tag-sumsung"],"aioseo_notices":[],"featured_image":["https:\/\/images.iphone-ticker.de\/wp-content\/uploads\/2022\/01\/ericsson-feature.jpg"],"subheadline":["Diesmal geht es um 5G-Patente"],"rest_api_enabler":{"featured_image":"https:\/\/images.iphone-ticker.de\/wp-content\/uploads\/2022\/01\/ericsson-feature.jpg","subheadline":"Diesmal geht es um 5G-Patente"},"_links":{"self":[{"href":"https:\/\/www.iphone-ticker.de\/apiv2\/wp\/v2\/posts\/185078","targetHints":{"allow":["GET"]}}],"collection":[{"href":"https:\/\/www.iphone-ticker.de\/apiv2\/wp\/v2\/posts"}],"about":[{"href":"https:\/\/www.iphone-ticker.de\/apiv2\/wp\/v2\/types\/post"}],"author":[{"embeddable":true,"href":"https:\/\/www.iphone-ticker.de\/apiv2\/wp\/v2\/users\/1"}],"replies":[{"embeddable":true,"href":"https:\/\/www.iphone-ticker.de\/apiv2\/wp\/v2\/comments?post=185078"}],"version-history":[{"count":1,"href":"https:\/\/www.iphone-ticker.de\/apiv2\/wp\/v2\/posts\/185078\/revisions"}],"predecessor-version":[{"id":185080,"href":"https:\/\/www.iphone-ticker.de\/apiv2\/wp\/v2\/posts\/185078\/revisions\/185080"}],"wp:featuredmedia":[{"embeddable":true,"href":"https:\/\/www.iphone-ticker.de\/apiv2\/wp\/v2\/media\/185079"}],"wp:attachment":[{"href":"https:\/\/www.iphone-ticker.de\/apiv2\/wp\/v2\/media?parent=185078"}],"wp:term":[{"taxonomy":"category","embeddable":true,"href":"https:\/\/www.iphone-ticker.de\/apiv2\/wp\/v2\/categories?post=185078"},{"taxonomy":"post_tag","embeddable":true,"href":"https:\/\/www.iphone-ticker.de\/apiv2\/wp\/v2\/tags?post=185078"}],"curies":[{"name":"wp","href":"https:\/\/api.w.org\/{rel}","templated":true}]}}