{"id":184758,"date":"2022-01-11T08:23:25","date_gmt":"2022-01-11T07:23:25","guid":{"rendered":"https:\/\/www.iphone-ticker.de\/?p=184758"},"modified":"2022-01-11T08:25:30","modified_gmt":"2022-01-11T07:25:30","slug":"stalking-per-airtag-mehr-aufmerksamkeit-fuer-ein-vorhandenes-problem","status":"publish","type":"post","link":"https:\/\/www.iphone-ticker.de\/stalking-per-airtag-mehr-aufmerksamkeit-fuer-ein-vorhandenes-problem-184758\/","title":{"rendered":"Stalking per AirTag: Mehr Aufmerksamkeit f\u00fcr ein vorhandenes Problem?"},"content":{"rendered":"<p>Beinahe seit der initialen Verf\u00fcgbarkeit der von Apple angebotenen AirTags tauchen die g\u00fcnstigen Sachen-Finder in Artikeln auf, die sich weniger mit den Vorz\u00fcgen der Schl\u00fcsselanh\u00e4nger und der ihnen eigentlich zugeschriebenen Funktionsweise besch\u00e4ftigen, sondern mehr auf die Negativbeispiele eingehen, in denen Apples AirTags eine Rolle gespielt haben.<\/p>\n<p><a href=\"https:\/\/images.iphone-ticker.de\/wp-content\/uploads\/2021\/12\/airtags-holder.jpg\"><img loading=\"lazy\" decoding=\"async\" class=\"aligncenter size-medium wp-image-183566\" src=\"https:\/\/images.iphone-ticker.de\/wp-content\/uploads\/2021\/12\/airtags-holder-500x500.jpg\" alt=\"Airtags Holder\" width=\"500\" height=\"500\" srcset=\"https:\/\/images.iphone-ticker.de\/wp-content\/uploads\/2021\/12\/airtags-holder-500x500.jpg 500w, https:\/\/images.iphone-ticker.de\/wp-content\/uploads\/2021\/12\/airtags-holder-700x700.jpg 700w, https:\/\/images.iphone-ticker.de\/wp-content\/uploads\/2021\/12\/airtags-holder-150x150.jpg 150w, https:\/\/images.iphone-ticker.de\/wp-content\/uploads\/2021\/12\/airtags-holder.jpg 1005w\" sizes=\"auto, (max-width: 500px) 100vw, 500px\" \/><\/a><\/p>\n<p>Diese sind vielf\u00e4ltiger Natur und werden nahezu im Wochenrhythmus von neuen Berichten erg\u00e4nzt. Angefangen <a href=\"https:\/\/www.ifun.de\/autodiebe-lokalisieren-attraktive-beute-mit-airtags-179200\/\">beim heimlichen Auskundschaften<\/a> von Parkpl\u00e4tzen und Fahrtrouten zum Diebstahl vorgemerkter Luxusfahrzeuge durch kriminelle Banden, bis hin zur Personen\u00fcberwachung durch Stalker, machen Apples AirTags in den letzten Wochen vor allem durch negative Meldungen <a href=\"https:\/\/www.nytimes.com\/2021\/12\/30\/technology\/apple-airtags-tracking-stalking.html\">auf sich aufmerksam<\/a>.<\/p>\n<p>Zuletzt sorgte der <a href=\"https:\/\/swimsuit.si.com\/swimnews\/brooks-nader-shares-scary-stalking-story-involving-an-air-tag\">Fall des Modells Brooks Nader<\/a> f\u00fcr Aufsehen. Wie die 25-j\u00e4hrige selbst berichtete, wurde ihr in einer New Yorker Bar ein AirTag heimlich in die Manteltasche gesteckt. \u00dcber dessen Vorhandensein wurde Brooks dann, erst Stunden sp\u00e4ter, Nachts um 23:30 aufmerksam gemacht, als diese sich bereits alleine auf dem Weg nach Hause befand.<\/p>\n<p><div class=\"responsive-video\"><iframe loading=\"lazy\" title=\"Model claims she was stalked via electronic tracking device l GMA\" width=\"500\" height=\"281\" src=\"https:\/\/www.youtube-nocookie.com\/embed\/ce9pNAh-Rw0?feature=oembed\" frameborder=\"0\" allow=\"accelerometer; autoplay; clipboard-write; encrypted-media; gyroscope; picture-in-picture; web-share\" referrerpolicy=\"strict-origin-when-cross-origin\" allowfullscreen><\/iframe><\/div><\/p>\n<h2>Klassisches Baader-Meinhof-Ph\u00e4nomen?<\/h2>\n<p>Die im Raum stehende Frage: F\u00fchrt die Verf\u00fcgbarkeit der von Apple auch im Viererpack angebotenen AirTags zu einer Zunahme an Stalking-F\u00e4llen oder wirft der mit dem Firmennamen Apple verbundene Scheinwerfen nur mehr Licht auf ein ohnehin vorhandenes Problem, das jetzt lediglich eine gr\u00f6\u00dfere Medien\u00f6ffentlichkeit erreicht als bislang?<\/p>\n<p>Matt Van Ormer <a href=\"https:\/\/www.peerreviewed.io\/blog\/2022\/1\/8\/on-apples-airtag-stalking-problem\">argumentiert<\/a> auf &#8222;Peer Reviewed&#8220; f\u00fcr letztgenannte M\u00f6glichkeit. In Verbindung mit Apples AirTag w\u00fcrden entsprechende Stalking-F\u00e4lle <a href=\"https:\/\/waldhirsch.de\/neuromarketing\/baader-meinhof-phaenomen\/\">vom Baader-Meinhof-Ph\u00e4nomen<\/a> verst\u00e4rkt. Die erh\u00f6hte Aufmerksamkeit, die die Medien dem Thema seit einigen Monaten schenken, sorgt f\u00fcr die Illusion, die entsprechenden Stalking-F\u00e4lle w\u00fcrden nun h\u00e4ufiger auftauchen bzw. durch die AirTags zus\u00e4tzlich befeuert werden.<\/p>\n<p>Dabei d\u00fcrften ausgerechnet Apples Sachen-Finder mit ihren integrierten Anti-Stalking-Warnungen das Bewusstsein f\u00fcr das schon l\u00e4nger vorhandene Problem nun endlich sch\u00e4rfen.<\/p>\n<p><img loading=\"lazy\" decoding=\"async\" src=\"https:\/\/vg04.met.vgwort.de\/na\/d7190860c2f1438b802a447ed9fbd29f\" width=\"1\" height=\"1\" no-lazy class=\"tracking\"><\/p>\n","protected":false},"excerpt":{"rendered":"<a href=\"https:\/\/www.iphone-ticker.de\/stalking-per-airtag-mehr-aufmerksamkeit-fuer-ein-vorhandenes-problem-184758\/\"><img decoding=\"async\" width=\"150\" src=\"https:\/\/images.iphone-ticker.de\/wp-content\/uploads\/2021\/12\/airtags-holder-500x500.jpg\" class=\"alignright wp-post-image tfe\" alt=\"Airtags Holder\" title=\"\" \/><\/a><p>Beinahe seit der initialen Verf\u00fcgbarkeit der von Apple angebotenen AirTags tauchen die g\u00fcnstigen Sachen-Finder in Artikeln auf, die sich weniger mit den Vorz\u00fcgen der Schl\u00fcsselanh\u00e4nger und der ihnen eigentlich zugeschriebenen Funktionsweise besch\u00e4ftigen, sondern mehr auf die Negativbeispiele eingehen, in denen Apples AirTags eine Rolle gespielt haben. Diese sind vielf\u00e4ltiger Natur und werden nahezu im Wochenrhythmus [&hellip;]<\/p>\n","protected":false},"author":1,"featured_media":0,"comment_status":"open","ping_status":"closed","sticky":false,"template":"","format":"standard","meta":{"footnotes":""},"categories":[1],"tags":[5031,32],"class_list":["post-184758","post","type-post","status-publish","format-standard","hentry","category-news","tag-airtags","tag-kritik"],"aioseo_notices":[],"subheadline":["Klassisches Baader-Meinhof-Ph\u00e4nomen?"],"featured_image":["https:\/\/images.iphone-ticker.de\/wp-content\/uploads\/2021\/04\/airtags-feature-1.jpg"],"rest_api_enabler":{"subheadline":"Klassisches Baader-Meinhof-Ph\u00e4nomen?","featured_image":"https:\/\/images.iphone-ticker.de\/wp-content\/uploads\/2021\/04\/airtags-feature-1.jpg"},"_links":{"self":[{"href":"https:\/\/www.iphone-ticker.de\/apiv2\/wp\/v2\/posts\/184758","targetHints":{"allow":["GET"]}}],"collection":[{"href":"https:\/\/www.iphone-ticker.de\/apiv2\/wp\/v2\/posts"}],"about":[{"href":"https:\/\/www.iphone-ticker.de\/apiv2\/wp\/v2\/types\/post"}],"author":[{"embeddable":true,"href":"https:\/\/www.iphone-ticker.de\/apiv2\/wp\/v2\/users\/1"}],"replies":[{"embeddable":true,"href":"https:\/\/www.iphone-ticker.de\/apiv2\/wp\/v2\/comments?post=184758"}],"version-history":[{"count":4,"href":"https:\/\/www.iphone-ticker.de\/apiv2\/wp\/v2\/posts\/184758\/revisions"}],"predecessor-version":[{"id":184762,"href":"https:\/\/www.iphone-ticker.de\/apiv2\/wp\/v2\/posts\/184758\/revisions\/184762"}],"wp:attachment":[{"href":"https:\/\/www.iphone-ticker.de\/apiv2\/wp\/v2\/media?parent=184758"}],"wp:term":[{"taxonomy":"category","embeddable":true,"href":"https:\/\/www.iphone-ticker.de\/apiv2\/wp\/v2\/categories?post=184758"},{"taxonomy":"post_tag","embeddable":true,"href":"https:\/\/www.iphone-ticker.de\/apiv2\/wp\/v2\/tags?post=184758"}],"curies":[{"name":"wp","href":"https:\/\/api.w.org\/{rel}","templated":true}]}}