{"id":184406,"date":"2022-01-03T12:33:35","date_gmt":"2022-01-03T11:33:35","guid":{"rendered":"https:\/\/www.iphone-ticker.de\/?p=184406"},"modified":"2022-01-05T13:04:27","modified_gmt":"2022-01-05T12:04:27","slug":"airpods-pro-2-wohl-mit-lossless-wiedergabe-und-such-signal","status":"publish","type":"post","link":"https:\/\/www.iphone-ticker.de\/airpods-pro-2-wohl-mit-lossless-wiedergabe-und-such-signal-184406\/","title":{"rendered":"AirPods Pro 2: Wohl mit Lossless-Wiedergabe und Such-Signal"},"content":{"rendered":"<p>In diesem Jahr, nur wenige Monate nach der Pr\u00e4sentation der dritten regul\u00e4ren AirPods-Generation, soll Apple auch eine neue Version der AirPods Pro pr\u00e4sentieren.<\/p>\n<p>Eine Frage die diesbez\u00fcglich noch beantwortet werden will: Welche neuen Features sollen Verbraucher zum Kauf der ger\u00e4uschunterdr\u00fcckenden In-Ear-Ohrh\u00f6rer animieren, die voraussichtlich wieder deutlich teurer als die regul\u00e4ren AirPods angeboten werden?<\/p>\n<h2>Ersatz f\u00fcr die aktuellen AirPods Pro<\/h2>\n<p>Kurz der Blick auf die aktuell von Apple aufgerufenen Verkaufspreise: Die AirPods der 2. Generation kosten 149 Euro. Die AirPods der 3. Generation kosten 199 Euro. Die AirPods Pro werden f\u00fcr 279 Euro angeboten. Wir gehen aktuell davon aus, dass Apple die AirPods Pro aus dem Programm nehmen und durch die AirPods Pro der 2. Generation ersetzen wird &#8211; bei gleichbleibendem Preis.<\/p>\n<p><a href=\"https:\/\/images.iphone-ticker.de\/wp-content\/uploads\/2022\/01\/airpods-generationen.jpg\"><img loading=\"lazy\" decoding=\"async\" class=\"aligncenter size-large wp-image-184407\" src=\"https:\/\/images.iphone-ticker.de\/wp-content\/uploads\/2022\/01\/airpods-generationen-700x325.jpg\" alt=\"Airpods Generationen\" width=\"700\" height=\"325\" srcset=\"https:\/\/images.iphone-ticker.de\/wp-content\/uploads\/2022\/01\/airpods-generationen-700x325.jpg 700w, https:\/\/images.iphone-ticker.de\/wp-content\/uploads\/2022\/01\/airpods-generationen-500x232.jpg 500w, https:\/\/images.iphone-ticker.de\/wp-content\/uploads\/2022\/01\/airpods-generationen-1536x713.jpg 1536w, https:\/\/images.iphone-ticker.de\/wp-content\/uploads\/2022\/01\/airpods-generationen.jpg 1873w\" sizes=\"auto, (max-width: 700px) 100vw, 700px\" \/><\/a><\/p>\n<h2>Lossless-Wiedergabe und Such-Signal<\/h2>\n<p>W\u00e4hrend man f\u00fcr die zus\u00e4tzlichen 80 Euro, die f\u00fcr die AirPods Pro investiert werden m\u00fcssen, im Vergleich mit den AirPods der 3. Generation derzeit vor allem eine aktive Ger\u00e4usch\u00adunterdr\u00fcckung bekommt, soll die im Anmarsch befindliche 2. Generation der AirPods Pro zus\u00e4tzlich die Lossless-Wiedergabe von Musikinhalten und ein Such-Signal im Ladecase mitbringen, das auf Wunsch einen Ton abspielen kann und so beim Wiederfinden hilft, wenn das Case versehentlich zwischen Couch und Wohnzimmerwand gerutscht sein sollte.<\/p>\n<p>Die neuen Funktionsmerkmale will der f\u00fcr Apple zust\u00e4ndige Star-Analyst Ming-Chi Kuo <a href=\"https:\/\/www.macrumors.com\/2022\/01\/02\/airpods-pro-2-lossless-and-sound-emitting-case\/\">aufgeschnappt haben<\/a>, der \u00fcber gute Kontakte zu den Auftragsfertigern und Zulieferern Apples verf\u00fcgt.<\/p>\n<p><a href=\"https:\/\/images.iphone-ticker.de\/wp-content\/uploads\/2022\/01\/AirPodsPro-2.jpg\"><img loading=\"lazy\" decoding=\"async\" class=\"aligncenter size-large wp-image-184408\" src=\"https:\/\/images.iphone-ticker.de\/wp-content\/uploads\/2022\/01\/AirPodsPro-2-700x490.jpg\" alt=\"AirPodsPro 2\" width=\"700\" height=\"490\" srcset=\"https:\/\/images.iphone-ticker.de\/wp-content\/uploads\/2022\/01\/AirPodsPro-2-700x490.jpg 700w, https:\/\/images.iphone-ticker.de\/wp-content\/uploads\/2022\/01\/AirPodsPro-2-500x350.jpg 500w, https:\/\/images.iphone-ticker.de\/wp-content\/uploads\/2022\/01\/AirPodsPro-2.jpg 1400w\" sizes=\"auto, (max-width: 700px) 100vw, 700px\" \/><\/a><\/p>\n<h6><a href=\"https:\/\/www.macrumors.com\/2021\/10\/22\/airpods-pro-2-photo-rumor\/\">Seit Oktober im Umlauf: Case-Bilder mit Lautsprecher-\u00d6ffnungen<\/a><\/h6>\n<p>So soll die zweite Generation der AirPods Pro das Encodierungsverfahren ALAC unterst\u00fctzen, das Apple nutzt um den Apple Music-Katalog in einem verlustfreien Audioformat in CD-Qualit\u00e4t anbieten zu k\u00f6nnen. M\u00f6glich w\u00e4re damit, dass die neuen AirPods Pro das HD-Format ausschlie\u00dflich bei Apple Music, nicht aber bei konkurrierenden Diensten wie Tidal, Amazon Music oder Spotify unterst\u00fctzen.<\/p>\n<p>Erwartet werden die neuen AirPods Pro der 2. Generation <a href=\"https:\/\/www.iphone-ticker.de\/bericht-neue-airpods-2021-neue-airpods-pro-2022-174985\/\">im letzten Quartal 2022<\/a> und d\u00fcrften zusammen mit den neuen iPhone-Modellen vorgestellt werden.<\/p>\n<p><img loading=\"lazy\" decoding=\"async\" src=\"https:\/\/vg04.met.vgwort.de\/na\/e7b0749761c84ac898152a7f83fc53ce\" width=\"1\" height=\"1\" no-lazy class=\"tracking\"><\/p>\n","protected":false},"excerpt":{"rendered":"<a href=\"https:\/\/www.iphone-ticker.de\/airpods-pro-2-wohl-mit-lossless-wiedergabe-und-such-signal-184406\/\"><img width=\"150\" height=\"150\" src=\"https:\/\/images.iphone-ticker.de\/wp-content\/uploads\/2022\/01\/airpods-pro-unsplash-feature-G_GFA2grq-k-150x150.jpg\" class=\"alignright tfe wp-post-image\" alt=\"Airpods Pro Unsplash Feature G GFA2grq K\" decoding=\"async\" loading=\"lazy\" \/><\/a><p>In diesem Jahr, nur wenige Monate nach der Pr\u00e4sentation der dritten regul\u00e4ren AirPods-Generation, soll Apple auch eine neue Version der AirPods Pro pr\u00e4sentieren. Eine Frage die diesbez\u00fcglich noch beantwortet werden will: Welche neuen Features sollen Verbraucher zum Kauf der ger\u00e4uschunterdr\u00fcckenden In-Ear-Ohrh\u00f6rer animieren, die voraussichtlich wieder deutlich teurer als die regul\u00e4ren AirPods angeboten werden? Ersatz f\u00fcr [&hellip;]<\/p>\n","protected":false},"author":1,"featured_media":184409,"comment_status":"open","ping_status":"closed","sticky":false,"template":"","format":"standard","meta":{"footnotes":""},"categories":[1,1975],"tags":[3567,2064,54,3910],"class_list":["post-184406","post","type-post","status-publish","format-standard","has-post-thumbnail","hentry","category-news","category-feature","tag-airpods","tag-geruechte","tag-kopfhorer","tag-rumors"],"aioseo_notices":[],"featured_image":["https:\/\/images.iphone-ticker.de\/wp-content\/uploads\/2022\/01\/airpods-pro-unsplash-feature-G_GFA2grq-k.jpg"],"subheadline":["Kommen zum Jahresende"],"rest_api_enabler":{"featured_image":"https:\/\/images.iphone-ticker.de\/wp-content\/uploads\/2022\/01\/airpods-pro-unsplash-feature-G_GFA2grq-k.jpg","subheadline":"Kommen zum Jahresende"},"_links":{"self":[{"href":"https:\/\/www.iphone-ticker.de\/apiv2\/wp\/v2\/posts\/184406","targetHints":{"allow":["GET"]}}],"collection":[{"href":"https:\/\/www.iphone-ticker.de\/apiv2\/wp\/v2\/posts"}],"about":[{"href":"https:\/\/www.iphone-ticker.de\/apiv2\/wp\/v2\/types\/post"}],"author":[{"embeddable":true,"href":"https:\/\/www.iphone-ticker.de\/apiv2\/wp\/v2\/users\/1"}],"replies":[{"embeddable":true,"href":"https:\/\/www.iphone-ticker.de\/apiv2\/wp\/v2\/comments?post=184406"}],"version-history":[{"count":1,"href":"https:\/\/www.iphone-ticker.de\/apiv2\/wp\/v2\/posts\/184406\/revisions"}],"predecessor-version":[{"id":184410,"href":"https:\/\/www.iphone-ticker.de\/apiv2\/wp\/v2\/posts\/184406\/revisions\/184410"}],"wp:featuredmedia":[{"embeddable":true,"href":"https:\/\/www.iphone-ticker.de\/apiv2\/wp\/v2\/media\/184409"}],"wp:attachment":[{"href":"https:\/\/www.iphone-ticker.de\/apiv2\/wp\/v2\/media?parent=184406"}],"wp:term":[{"taxonomy":"category","embeddable":true,"href":"https:\/\/www.iphone-ticker.de\/apiv2\/wp\/v2\/categories?post=184406"},{"taxonomy":"post_tag","embeddable":true,"href":"https:\/\/www.iphone-ticker.de\/apiv2\/wp\/v2\/tags?post=184406"}],"curies":[{"name":"wp","href":"https:\/\/api.w.org\/{rel}","templated":true}]}}