{"id":183485,"date":"2021-12-08T11:20:09","date_gmt":"2021-12-08T10:20:09","guid":{"rendered":"https:\/\/www.iphone-ticker.de\/?p=183485"},"modified":"2021-12-08T11:20:09","modified_gmt":"2021-12-08T10:20:09","slug":"apples-2022-airpods-pro-2-erst-spaet-im-jahr","status":"publish","type":"post","link":"https:\/\/www.iphone-ticker.de\/apples-2022-airpods-pro-2-erst-spaet-im-jahr-183485\/","title":{"rendered":"Apples 2022: AirPods Pro 2 erst sp\u00e4t im Jahr"},"content":{"rendered":"<p>Apples m\u00f6glichen Jahresplan 2022 haben wir <a href=\"https:\/\/www.ifun.de\/apples-fahrplan-2022-drei-neue-ipads-fuenf-neue-macs-fuenf-iphones-179230\/\">am Montag skizziert<\/a>. Nach den Weihnachtsferien stehen auch im kommenden Jahr wieder zahlreiche Produkt-Neuvorstellungen auf dem Programm, unter denen das iPhone und die Apple Watch eine Sonderrolle spielen werden.<\/p>\n<p><a href=\"https:\/\/images.iphone-ticker.de\/wp-content\/uploads\/2021\/01\/airpods-pro-chinesisch-neujahr.jpg\"><img loading=\"lazy\" decoding=\"async\" class=\"aligncenter size-medium wp-image-168325\" src=\"https:\/\/images.iphone-ticker.de\/wp-content\/uploads\/2021\/01\/airpods-pro-chinesisch-neujahr-500x440.jpg\" alt=\"Airpods Pro Chinesisch Neujahr\" width=\"500\" height=\"440\" srcset=\"https:\/\/images.iphone-ticker.de\/wp-content\/uploads\/2021\/01\/airpods-pro-chinesisch-neujahr-500x440.jpg 500w, https:\/\/images.iphone-ticker.de\/wp-content\/uploads\/2021\/01\/airpods-pro-chinesisch-neujahr-700x616.jpg 700w, https:\/\/images.iphone-ticker.de\/wp-content\/uploads\/2021\/01\/airpods-pro-chinesisch-neujahr.jpg 1144w\" sizes=\"auto, (max-width: 500px) 100vw, 500px\" \/><\/a><\/p>\n<h2>iPhone und Watch auf SE-Kurs<\/h2>\n<p>Das iPhone, weil Apple neben der Vorstellung der neuen Ger\u00e4te-Generation im Herbst auch die Freigabe des <a href=\"https:\/\/www.iphone-ticker.de\/iphone-se-dritte-generation-schon-im-q12022-183251\/\">dritten iPhone SE im Fr\u00fchjahr<\/a> planen soll. Die Apple Watch, weil Apple im n\u00e4chsten Jahr ein neues SE-Modell und ein zus\u00e4tzliches Sportmodell in das Lineup aufnehmen soll.<\/p>\n<p>Ber\u00fccksichtigt werden sollen auch Apples AirPods-Kopfh\u00f6rer. Genauer gesagt, dass AirPods-Pro-Modell mit Ger\u00e4uschunterdr\u00fcckung. Von diesen wird 2022 die zweite Generation erwartet. Bis diese im Handel verf\u00fcgbar sein werden, soll es <a href=\"https:\/\/www.macrumors.com\/2021\/12\/08\/kuo-airpods-pro-late-2022-launch\/\">nach Angaben<\/a> des auf Apple spezialisierten Star-Analysten Ming Chi-Kuo jedoch noch fast ein ganzes Jahr dauern.<\/p>\n<p>Nach Einsch\u00e4tzung des Marktbeobachters mit der \u00fcberdurchschnittlich guten Trefferrate sollen die AirPods Pro der 2. Generation erst im letzten Quartal 2022 vorgestellt werden.<\/p>\n<h2>Mit neuen Gesundheitssensoren<\/h2>\n<p>M\u00f6glich w\u00e4re damit die Pr\u00e4sentation zusammen mit der neuen iPhone-Generation im Herbst und der anschlie\u00dfende Verkaufsstart zwischen Oktober und November.<\/p>\n<p>Wie genau sich die Kopfh\u00f6rer von dem aktuellen In-Ear-Topmodell unterscheiden werden bleibt abzuwarten. Ger\u00fcchteweise soll Apple mit der Integration von Gesundheitssensoren experimentieren und k\u00f6nnte die Ohrh\u00f6rer so zu einfachen Fitness-Trackern aufwerten, die vielleicht sogar die Nutzung von Apple Fitness+ ohne Apple Watch erm\u00f6glichen k\u00f6nnten.<\/p>\n<p>Neben den Mobilger\u00e4ten sollen im kommenden Jahr auch die gro\u00dfen Desktop-Rechner Apples, also der gro\u00dfe iMac, der Mac Pro und der Mac mini \u00fcberarbeitet und in erneuerten Versionen vorgestellt werden.<\/p>\n<script>\r\n  function open_amazon(link) {\r\n    if (navigator.userAgent.indexOf(\"Firefox\") != -1) {\r\n      window.open(link, '_blank');\r\n    } else {\r\n      var tag = document.createElement('a');\r\n      tag.setAttribute('href', link);\r\n      tag.innerHTML = \"amzn\";\r\n      tag.click();\r\n    }\r\n  }\r\n<\/script>\r\n    <div id=\"article-single-amazon-preview\" onclick=\"return open_amazon('https:\/\/www.amazon.de\/dp\/B09JQZ5DYM?tag=musicweb02&linkCode=ogi&th=1&psc=1');\">\n  <div id=\"article-single-amazon-preview-header\">\n    <span class=\"title\">Produkthinweis<\/span>\n      <\/div>\n  <div id=\"article-single-amazon-preview-content\">\n    <div id=\"article-single-amazon-preview-img\" style=\"background: url('https:\/\/m.media-amazon.com\/images\/I\/21hYcTxpI+L.jpg') center center no-repeat; background-size: cover;\"><\/div>\n    <div id=\"article-single-amazon-preview-desc\">\n      <span class=\"bezeichnung\"><a href=\"https:\/\/www.amazon.de\/dp\/B09JQZ5DYM?tag=musicweb02&linkCode=ogi&th=1&psc=1\" style=\"text-decoration: none; border-bottom: 0px; box-shadow: none;\">Apple AirPods Pro (1. Generation) \u200b\u200b\u200b\u200b\u200b\u200b\u200bmit MagSafe Ladecase (2021)<\/a><\/span>\n      <span class=\"preis--aktuell\">199 EUR<\/span>\n      <span class=\"preis--alt\"><\/span>\n    <\/div>\n  <\/div>\n<\/div>\n<p><img loading=\"lazy\" decoding=\"async\" src=\"https:\/\/vg09.met.vgwort.de\/na\/8e13a6b648764b708f338359075af19d\" width=\"1\" height=\"1\" no-lazy class=\"tracking\"><\/p>\n","protected":false},"excerpt":{"rendered":"<a href=\"https:\/\/www.iphone-ticker.de\/apples-2022-airpods-pro-2-erst-spaet-im-jahr-183485\/\"><img decoding=\"async\" width=\"150\" src=\"https:\/\/images.iphone-ticker.de\/wp-content\/uploads\/2021\/01\/airpods-pro-chinesisch-neujahr-500x440.jpg\" class=\"alignright wp-post-image tfe\" alt=\"Airpods Pro Chinesisch Neujahr\" title=\"\" \/><\/a><p>Apples m\u00f6glichen Jahresplan 2022 haben wir am Montag skizziert. Nach den Weihnachtsferien stehen auch im kommenden Jahr wieder zahlreiche Produkt-Neuvorstellungen auf dem Programm, unter denen das iPhone und die Apple Watch eine Sonderrolle spielen werden. iPhone und Watch auf SE-Kurs Das iPhone, weil Apple neben der Vorstellung der neuen Ger\u00e4te-Generation im Herbst auch die Freigabe [&hellip;]<\/p>\n","protected":false},"author":1,"featured_media":0,"comment_status":"open","ping_status":"closed","sticky":false,"template":"","format":"standard","meta":{"footnotes":""},"categories":[1],"tags":[4903,3912,2064,3321,3910],"class_list":["post-183485","post","type-post","status-publish","format-standard","hentry","category-news","tag-airpods-pro","tag-apple","tag-geruechte","tag-iphone-se","tag-rumors"],"aioseo_notices":[],"subheadline":["iPhone und Watch auf SE-Kurs","iPhone und Watch auf SE-Kurs"],"featured_image":["https:\/\/images.iphone-ticker.de\/wp-content\/uploads\/2020\/07\/airpods-pro-dunkel.jpg"],"rest_api_enabler":{"subheadline":["iPhone und Watch auf SE-Kurs","iPhone und Watch auf SE-Kurs"],"featured_image":"https:\/\/images.iphone-ticker.de\/wp-content\/uploads\/2020\/07\/airpods-pro-dunkel.jpg"},"_links":{"self":[{"href":"https:\/\/www.iphone-ticker.de\/apiv2\/wp\/v2\/posts\/183485","targetHints":{"allow":["GET"]}}],"collection":[{"href":"https:\/\/www.iphone-ticker.de\/apiv2\/wp\/v2\/posts"}],"about":[{"href":"https:\/\/www.iphone-ticker.de\/apiv2\/wp\/v2\/types\/post"}],"author":[{"embeddable":true,"href":"https:\/\/www.iphone-ticker.de\/apiv2\/wp\/v2\/users\/1"}],"replies":[{"embeddable":true,"href":"https:\/\/www.iphone-ticker.de\/apiv2\/wp\/v2\/comments?post=183485"}],"version-history":[{"count":2,"href":"https:\/\/www.iphone-ticker.de\/apiv2\/wp\/v2\/posts\/183485\/revisions"}],"predecessor-version":[{"id":183487,"href":"https:\/\/www.iphone-ticker.de\/apiv2\/wp\/v2\/posts\/183485\/revisions\/183487"}],"wp:attachment":[{"href":"https:\/\/www.iphone-ticker.de\/apiv2\/wp\/v2\/media?parent=183485"}],"wp:term":[{"taxonomy":"category","embeddable":true,"href":"https:\/\/www.iphone-ticker.de\/apiv2\/wp\/v2\/categories?post=183485"},{"taxonomy":"post_tag","embeddable":true,"href":"https:\/\/www.iphone-ticker.de\/apiv2\/wp\/v2\/tags?post=183485"}],"curies":[{"name":"wp","href":"https:\/\/api.w.org\/{rel}","templated":true}]}}