{"id":182959,"date":"2021-11-24T19:33:25","date_gmt":"2021-11-24T18:33:25","guid":{"rendered":"https:\/\/www.iphone-ticker.de\/?p=182959"},"modified":"2021-11-25T06:43:49","modified_gmt":"2021-11-25T05:43:49","slug":"wieder-sehenswert-apples-weihnachtsvideo-2021","status":"publish","type":"post","link":"https:\/\/www.iphone-ticker.de\/wieder-sehenswert-apples-weihnachtsvideo-2021-182959\/","title":{"rendered":"Wieder sehenswert: Apples Weihnachtsvideo 2021"},"content":{"rendered":"<p>Es hat mittlerweile Tradition, dass Apple in den letzten Novembertagen sein jeweils aktuelles Weihnachtsvideo ver\u00f6ffentlicht. Der diesj\u00e4hrige Titel \u201eSaving Simon\u201c ist in der Reihe \u201eShot on iPhone 13 Pro\u201c erschienen.<\/p>\n<p><a href=\"https:\/\/images.iphone-ticker.de\/wp-content\/uploads\/2021\/11\/saving-simon-schneemann.jpg\"><img loading=\"lazy\" decoding=\"async\" src=\"https:\/\/images.iphone-ticker.de\/wp-content\/uploads\/2021\/11\/saving-simon-schneemann-500x253.jpg\" alt=\"Saving Simon Schneemann\" width=\"500\" height=\"253\" class=\"alignnone size-medium wp-image-182967\" srcset=\"https:\/\/images.iphone-ticker.de\/wp-content\/uploads\/2021\/11\/saving-simon-schneemann-500x253.jpg 500w, https:\/\/images.iphone-ticker.de\/wp-content\/uploads\/2021\/11\/saving-simon-schneemann-700x354.jpg 700w, https:\/\/images.iphone-ticker.de\/wp-content\/uploads\/2021\/11\/saving-simon-schneemann.jpg 1000w\" sizes=\"auto, (max-width: 500px) 100vw, 500px\" \/><\/a><\/p>\n<p>F\u00fcr \u201eSaving Simon\u201c zeichnet das erfolgreiche kanadische Vater-Sohn-Team Jason und Ivan Reitman verantwortlich. Der Film mit dem Untertitel \u201eTo the ones we\u2019ve waited all year to be with\u201c gef\u00e4llt uns dann auch wieder ein ganzes St\u00fcck besser, als die eher an einen Werbespot f\u00fcr den HomePod mini erinnernde Produktion \u201e<a href=\"https:\/\/www.iphone-ticker.de\/apples-weihnachtsvideo-ein-werbeclip-fuer-den-homepod-mini-166552\/\">The magic of mini<\/a>\u201c aus dem vergangenen Jahr.<\/p>\n<p>Der diesj\u00e4hrige Titel pr\u00e4sentiert sich wieder mit stark famili\u00e4rem Bezug und erinnert an <a href=\"https:\/\/www.ifun.de\/the-surprise-apples-weihnachtsvideo-2019-ist-da-146481\/\" title=\"In den vergangenen Jahren\">gro\u00dfartige Vorg\u00e4nger<\/a> wie \u201eThe Surprise\u201c, \u201eSway\u201c, \u201eFrankie\u2019s Holiday\u201c und allem voran \u201eMisunderstood\u201c aus dem Jahr 2013. <\/p>\n<p>https:\/\/www.youtube.com\/watch?v=S5WaFx8rx54<\/p>\n<h2>Update: Auch &#8222;Making of&#8220; ver\u00f6ffentlicht<\/h2>\n<p>https:\/\/www.youtube.com\/watch?v=JCzFO1dFF-k<\/p>\n","protected":false},"excerpt":{"rendered":"<a href=\"https:\/\/www.iphone-ticker.de\/wieder-sehenswert-apples-weihnachtsvideo-2021-182959\/\"><img width=\"150\" height=\"150\" src=\"https:\/\/images.iphone-ticker.de\/wp-content\/uploads\/2021\/11\/saving-simon-150x150.jpg\" class=\"alignright tfe wp-post-image\" alt=\"Saving Simon\" decoding=\"async\" loading=\"lazy\" \/><\/a><p>Es hat mittlerweile Tradition, dass Apple in den letzten Novembertagen sein jeweils aktuelles Weihnachtsvideo ver\u00f6ffentlicht. Der diesj\u00e4hrige Titel \u201eSaving Simon\u201c ist in der Reihe \u201eShot on iPhone 13 Pro\u201c erschienen. F\u00fcr \u201eSaving Simon\u201c zeichnet das erfolgreiche kanadische Vater-Sohn-Team Jason und Ivan Reitman verantwortlich. Der Film mit dem Untertitel \u201eTo the ones we\u2019ve waited all year [&hellip;]<\/p>\n","protected":false},"author":2,"featured_media":182962,"comment_status":"open","ping_status":"closed","sticky":false,"template":"","format":"standard","meta":{"footnotes":""},"categories":[489],"tags":[3912,8,756,9],"class_list":["post-182959","post","type-post","status-publish","format-standard","has-post-thumbnail","hentry","category-videos","tag-apple","tag-video","tag-weihnachten","tag-werbung"],"aioseo_notices":[],"featured_image":["https:\/\/images.iphone-ticker.de\/wp-content\/uploads\/2021\/11\/saving-simon-1.jpg"],"subheadline":["\"Shot on iPhone 13 Pro\""],"rest_api_enabler":{"featured_image":"https:\/\/images.iphone-ticker.de\/wp-content\/uploads\/2021\/11\/saving-simon-1.jpg","subheadline":"\"Shot on iPhone 13 Pro\""},"_links":{"self":[{"href":"https:\/\/www.iphone-ticker.de\/apiv2\/wp\/v2\/posts\/182959","targetHints":{"allow":["GET"]}}],"collection":[{"href":"https:\/\/www.iphone-ticker.de\/apiv2\/wp\/v2\/posts"}],"about":[{"href":"https:\/\/www.iphone-ticker.de\/apiv2\/wp\/v2\/types\/post"}],"author":[{"embeddable":true,"href":"https:\/\/www.iphone-ticker.de\/apiv2\/wp\/v2\/users\/2"}],"replies":[{"embeddable":true,"href":"https:\/\/www.iphone-ticker.de\/apiv2\/wp\/v2\/comments?post=182959"}],"version-history":[{"count":7,"href":"https:\/\/www.iphone-ticker.de\/apiv2\/wp\/v2\/posts\/182959\/revisions"}],"predecessor-version":[{"id":182970,"href":"https:\/\/www.iphone-ticker.de\/apiv2\/wp\/v2\/posts\/182959\/revisions\/182970"}],"wp:featuredmedia":[{"embeddable":true,"href":"https:\/\/www.iphone-ticker.de\/apiv2\/wp\/v2\/media\/182962"}],"wp:attachment":[{"href":"https:\/\/www.iphone-ticker.de\/apiv2\/wp\/v2\/media?parent=182959"}],"wp:term":[{"taxonomy":"category","embeddable":true,"href":"https:\/\/www.iphone-ticker.de\/apiv2\/wp\/v2\/categories?post=182959"},{"taxonomy":"post_tag","embeddable":true,"href":"https:\/\/www.iphone-ticker.de\/apiv2\/wp\/v2\/tags?post=182959"}],"curies":[{"name":"wp","href":"https:\/\/api.w.org\/{rel}","templated":true}]}}