{"id":182822,"date":"2021-11-23T07:06:24","date_gmt":"2021-11-23T06:06:24","guid":{"rendered":"https:\/\/www.iphone-ticker.de\/?p=182822"},"modified":"2021-11-23T09:29:58","modified_gmt":"2021-11-23T08:29:58","slug":"homepod-mini-neue-farben-und-apple-music-voice-wohl-in-kuerze","status":"publish","type":"post","link":"https:\/\/www.iphone-ticker.de\/homepod-mini-neue-farben-und-apple-music-voice-wohl-in-kuerze-182822\/","title":{"rendered":"HomePod mini: Neue Farben und &#8222;Apple Music Voice&#8220; wohl in K\u00fcrze"},"content":{"rendered":"<p><b>UPDATE:<\/b> Die neuen Farben sind <a href=\"https:\/\/www.ifun.de\/homepod-mini-jetzt-in-blau-gelb-und-orange-erhaeltlich-178707\/\">jetzt erh\u00e4ltlich<\/a>.<\/p>\n<p>Apple hat angek\u00fcndigt, dass die neuen Farben des HomePod mini von Ende November an auch in Deutschland verf\u00fcgbar sind. Eine Woche bleibt f\u00fcr die Produkteinf\u00fchrung hierzulande somit noch Zeit. Damit verbunden erwarten wir ja auch die Bereitstellung von <a href=\"https:\/\/www.iphone-ticker.de\/apple-music-voice-wer-siri-nutzt-zahlt-nur-die-haelfte-181233\/\" title=\"Sprachtarif von Apple Music\">Apple Music Voice<\/a> und die von deutschen Nutzern lange ersehnte Stimmerkennung f\u00fcr den HomePod.<\/p>\n<p><a href=\"https:\/\/images.iphone-ticker.de\/wp-content\/uploads\/2021\/11\/homepod-mini-blau.jpg\"><img loading=\"lazy\" decoding=\"async\" src=\"https:\/\/images.iphone-ticker.de\/wp-content\/uploads\/2021\/11\/homepod-mini-blau-500x355.jpg\" alt=\"Homepod Mini Blau\" width=\"500\" height=\"355\" class=\"alignnone size-medium wp-image-182826\" srcset=\"https:\/\/images.iphone-ticker.de\/wp-content\/uploads\/2021\/11\/homepod-mini-blau-500x355.jpg 500w, https:\/\/images.iphone-ticker.de\/wp-content\/uploads\/2021\/11\/homepod-mini-blau-700x498.jpg 700w, https:\/\/images.iphone-ticker.de\/wp-content\/uploads\/2021\/11\/homepod-mini-blau.jpg 1400w\" sizes=\"auto, (max-width: 500px) 100vw, 500px\" \/><\/a><\/p>\n<p>Hoffnung auf einen kurzfristigen Start kommt aus Italien. Das dortige Apple-Blog <a href=\"https:\/\/www.ispazio.net\/2020558\/homepod-mini-disponibile-in-italia-23-novembre\">iSpazio<\/a> berichtet, dass Apple am heutigen Dienstag mit dem Verkaufsstart des dort bislang noch nicht erh\u00e4ltlichen HomePod mini beginnen will und beruft sich dabei auf eine verl\u00e4ssliche Quelle.<\/p>\n<h2>Warten auf \u201eApple Music Voice\u201c<\/h2>\n<p>Es steht eigentlich au\u00dfer Frage, dass ein Verkaufsstart des HomePod mini in Italien gleicherma\u00dfen den Startschuss f\u00fcr die neuen Ger\u00e4tefarben in weiteren europ\u00e4ischen L\u00e4ndern geben wird. Bleibt nur offen, ob damit verbunden auch direkt \u201eApple Music Voice\u201c eingef\u00fchrt wird. Der speziell auf HomePod-Besitzer ausgerichtete Sprachtarif von Apple Music findet sich in der <a href=\"https:\/\/www.apple.com\/de\/apple-music\/#plans\">Abo-\u00dcbersicht zu Apple Music<\/a> weiterhin als \u201eKommt bald\u201c gekennzeichnet.<\/p>\n<p>Zum halbierten Monatspreis werden Apple-Kunden mit \u201eApple Music Voice\u201c Zugriff auf das komplette, mittlerweile 90 Millionen Songs umfassende Angebot des Musikdienstes haben, ihr Abo allerdings nur per Sprachsteuerung bedienen k\u00f6nnen. Ob Siri dem inzwischen tats\u00e4chlich gewachsen ist, wird sich zeigen. Um die Bedienung per Sprache einfacher zu machen, hat Apple seinen Musikdienst unl\u00e4ngst um rund <a href=\"https:\/\/www.iphone-ticker.de\/neu-bei-apple-music-250-themen-und-workout-wiedergabelisten-181479\/\" title=\"Neu bei Apple Music: 250 Themen- und Workout-Wiedergabelisten\">250 Themen- und Workout-Wiedergabelisten<\/a> erweitert.<\/p>\n<p><a href=\"https:\/\/images.iphone-ticker.de\/wp-content\/uploads\/2021\/11\/homepod-mini-lifestyle.jpg\"><img loading=\"lazy\" decoding=\"async\" src=\"https:\/\/images.iphone-ticker.de\/wp-content\/uploads\/2021\/11\/homepod-mini-lifestyle-700x394.jpg\" alt=\"Homepod Mini Lifestyle\" width=\"700\" height=\"394\" class=\"alignnone size-large wp-image-182827\" srcset=\"https:\/\/images.iphone-ticker.de\/wp-content\/uploads\/2021\/11\/homepod-mini-lifestyle-700x394.jpg 700w, https:\/\/images.iphone-ticker.de\/wp-content\/uploads\/2021\/11\/homepod-mini-lifestyle-500x281.jpg 500w, https:\/\/images.iphone-ticker.de\/wp-content\/uploads\/2021\/11\/homepod-mini-lifestyle.jpg 1400w\" sizes=\"auto, (max-width: 700px) 100vw, 700px\" \/><\/a><\/p>\n<h2>HomePod-Beta verlangt Stimmerkennung<\/h2>\n<p>Auch in Sachen HomePod-Mehrbenutzermodus gibt es Neuigkeiten. Beta-Tester berichten, dass der Lautsprecher nun bei bestimmten Befehlen mit den Worten \u201eBevor ich dir damit helfen kann, muss ich wissen, wer spricht\u201c darum bittet, die Stimmerkennung zu aktivieren. In den Einstellungen wird jedoch auch in der Beta-Version der HomePod-Software weiterhin drauf hingewiesen, dass dies f\u00fcr die deutsche Sprache noch nicht verf\u00fcgbar ist.<img loading=\"lazy\" decoding=\"async\" src=\"https:\/\/vg07.met.vgwort.de\/na\/c1cc376fbf124b71bd8bf0a68ac85214\" width=\"1\" height=\"1\" no-lazy class=\"tracking\"><\/p>\n<p><h8>Danke Stephan<\/h8><\/p>\n","protected":false},"excerpt":{"rendered":"<a href=\"https:\/\/www.iphone-ticker.de\/homepod-mini-neue-farben-und-apple-music-voice-wohl-in-kuerze-182822\/\"><img width=\"150\" height=\"150\" src=\"https:\/\/images.iphone-ticker.de\/wp-content\/uploads\/2021\/11\/homepod-mini-lifestyle-150x150.jpg\" class=\"alignright tfe wp-post-image\" alt=\"Homepod Mini Lifestyle\" decoding=\"async\" loading=\"lazy\" \/><\/a><p>UPDATE: Die neuen Farben sind jetzt erh\u00e4ltlich. Apple hat angek\u00fcndigt, dass die neuen Farben des HomePod mini von Ende November an auch in Deutschland verf\u00fcgbar sind. Eine Woche bleibt f\u00fcr die Produkteinf\u00fchrung hierzulande somit noch Zeit. Damit verbunden erwarten wir ja auch die Bereitstellung von Apple Music Voice und die von deutschen Nutzern lange ersehnte [&hellip;]<\/p>\n","protected":false},"author":2,"featured_media":182827,"comment_status":"open","ping_status":"closed","sticky":false,"template":"","format":"standard","meta":{"footnotes":""},"categories":[1],"tags":[3017,5835,5347],"class_list":["post-182822","post","type-post","status-publish","format-standard","has-post-thumbnail","hentry","category-news","tag-apple-music","tag-apple-music-voice","tag-homepod-mini"],"aioseo_notices":[],"subheadline":["Beta-Hinweise auf kommende Stimmerkennung"],"featured_image":["https:\/\/images.iphone-ticker.de\/wp-content\/uploads\/2021\/11\/homepod-mini-neue-farben-feature.jpg"],"rest_api_enabler":{"subheadline":"Beta-Hinweise auf kommende Stimmerkennung","featured_image":"https:\/\/images.iphone-ticker.de\/wp-content\/uploads\/2021\/11\/homepod-mini-neue-farben-feature.jpg"},"_links":{"self":[{"href":"https:\/\/www.iphone-ticker.de\/apiv2\/wp\/v2\/posts\/182822","targetHints":{"allow":["GET"]}}],"collection":[{"href":"https:\/\/www.iphone-ticker.de\/apiv2\/wp\/v2\/posts"}],"about":[{"href":"https:\/\/www.iphone-ticker.de\/apiv2\/wp\/v2\/types\/post"}],"author":[{"embeddable":true,"href":"https:\/\/www.iphone-ticker.de\/apiv2\/wp\/v2\/users\/2"}],"replies":[{"embeddable":true,"href":"https:\/\/www.iphone-ticker.de\/apiv2\/wp\/v2\/comments?post=182822"}],"version-history":[{"count":5,"href":"https:\/\/www.iphone-ticker.de\/apiv2\/wp\/v2\/posts\/182822\/revisions"}],"predecessor-version":[{"id":182854,"href":"https:\/\/www.iphone-ticker.de\/apiv2\/wp\/v2\/posts\/182822\/revisions\/182854"}],"wp:featuredmedia":[{"embeddable":true,"href":"https:\/\/www.iphone-ticker.de\/apiv2\/wp\/v2\/media\/182827"}],"wp:attachment":[{"href":"https:\/\/www.iphone-ticker.de\/apiv2\/wp\/v2\/media?parent=182822"}],"wp:term":[{"taxonomy":"category","embeddable":true,"href":"https:\/\/www.iphone-ticker.de\/apiv2\/wp\/v2\/categories?post=182822"},{"taxonomy":"post_tag","embeddable":true,"href":"https:\/\/www.iphone-ticker.de\/apiv2\/wp\/v2\/tags?post=182822"}],"curies":[{"name":"wp","href":"https:\/\/api.w.org\/{rel}","templated":true}]}}