{"id":181947,"date":"2021-11-03T07:12:48","date_gmt":"2021-11-03T06:12:48","guid":{"rendered":"https:\/\/www.iphone-ticker.de\/?p=181947"},"modified":"2021-11-03T07:12:48","modified_gmt":"2021-11-03T06:12:48","slug":"airpods-pro-mit-magsafe-ladecase-fallen-langsam-im-preis","status":"publish","type":"post","link":"https:\/\/www.iphone-ticker.de\/airpods-pro-mit-magsafe-ladecase-fallen-langsam-im-preis-181947\/","title":{"rendered":"AirPods Pro mit MagSafe-Ladecase fallen langsam im Preis"},"content":{"rendered":"<p>Die AirPods Pro haben im vergangenen Monat ein kleines Zubeh\u00f6r-Upgrade erhalten und kommen jetzt <a href=\"https:\/\/www.iphone-ticker.de\/airpods-pro-kommen-jetzt-ebenfalls-mit-magsafe-ladegeraet-181280\/\" title=\"AirPods Pro kommen jetzt ebenfalls mit MagSafe-Ladecase\">mit MagSafe-Ladecase<\/a> anstelle der Standard-Qi-H\u00fclle. Wir haben bereits darauf hingewiesen, dass ihr diesbez\u00fcglich besonders auf die Preisunterschiede im Handel achten m\u00fcsst. W\u00e4hrend die \u00e4ltere Version derzeit quasi abgekauft wird, h\u00e4lt sich der Preis f\u00fcr die MagSafe-Variante bislang noch recht hoch.<\/p>\n<p><a href=\"https:\/\/images.iphone-ticker.de\/wp-content\/uploads\/2021\/10\/airpods-pro-mit-case.jpg\"><img loading=\"lazy\" decoding=\"async\" src=\"https:\/\/images.iphone-ticker.de\/wp-content\/uploads\/2021\/10\/airpods-pro-mit-case-500x375.jpg\" alt=\"Airpods Pro Mit Case\" width=\"500\" height=\"375\" class=\"alignnone size-medium wp-image-181287\" srcset=\"https:\/\/images.iphone-ticker.de\/wp-content\/uploads\/2021\/10\/airpods-pro-mit-case-500x375.jpg 500w, https:\/\/images.iphone-ticker.de\/wp-content\/uploads\/2021\/10\/airpods-pro-mit-case-700x525.jpg 700w, https:\/\/images.iphone-ticker.de\/wp-content\/uploads\/2021\/10\/airpods-pro-mit-case.jpg 800w\" sizes=\"auto, (max-width: 500px) 100vw, 500px\" \/><\/a><\/p>\n<p>Immerhin finden sich inzwischen die ersten seri\u00f6sen Angebote, bei denen die neue Version der Apple-Ohrh\u00f6rer mit merklichem Preisabschlag zu haben ist. So haben <a href=\"https:\/\/pvn.mediamarkt.de\/trck\/eclick\/fc83c8529e5e66bcf0768ed8a22a0038\">MediaMarkt<\/a> und <a href=\"https:\/\/pvn.saturn.de\/trck\/eclick\/098011dbfdab6e9acfa09b5bab297b10\">Saturn<\/a> die AirPods Pro mit MagSafe-Ladeh\u00fclle derzeit f\u00fcr 249,99 Euro statt regul\u00e4r 279 Euro im Programm. <a rel=\"noindex, nofollow\" href=\"http:\/\/www.ifun.de\/amzn\/B09JQZ5DYM\">Amazon<\/a> hat den Verkaufspreis zumindest vor\u00fcbergehend auf 255,99 Euro gesenkt.<\/p>\n<h2>&#8222;Black Friday&#8220; und Inventuraktionen bei MediaMarkt und Saturn<\/h2>\n<p>Wenn ihr auf Schn\u00e4ppchen aus seid, k\u00f6nnt ihr auch einen Blick auf die fr\u00fchzeitige Black-Friday-Angebote und die Inventuraktionen bei <a href=\"https:\/\/pvn.mediamarkt.de\/trck\/eclick\/fc83c8529e5e66bc05c3069fe96fe15d\">MediaMarkt<\/a> und <a href=\"https:\/\/pvn.saturn.de\/trck\/eclick\/098011dbfdab6e9a9f893e923ef0e60d\">Saturn<\/a> werfen.<\/p>\n","protected":false},"excerpt":{"rendered":"<a href=\"https:\/\/www.iphone-ticker.de\/airpods-pro-mit-magsafe-ladecase-fallen-langsam-im-preis-181947\/\"><img decoding=\"async\" width=\"150\" src=\"https:\/\/images.iphone-ticker.de\/wp-content\/uploads\/2021\/10\/airpods-pro-mit-case-500x375.jpg\" class=\"alignright wp-post-image tfe\" alt=\"Airpods Pro Mit Case\" title=\"\" \/><\/a><p>Die AirPods Pro haben im vergangenen Monat ein kleines Zubeh\u00f6r-Upgrade erhalten und kommen jetzt mit MagSafe-Ladecase anstelle der Standard-Qi-H\u00fclle. Wir haben bereits darauf hingewiesen, dass ihr diesbez\u00fcglich besonders auf die Preisunterschiede im Handel achten m\u00fcsst. W\u00e4hrend die \u00e4ltere Version derzeit quasi abgekauft wird, h\u00e4lt sich der Preis f\u00fcr die MagSafe-Variante bislang noch recht hoch. Immerhin [&hellip;]<\/p>\n","protected":false},"author":2,"featured_media":0,"comment_status":"open","ping_status":"closed","sticky":false,"template":"","format":"standard","meta":{"footnotes":""},"categories":[1],"tags":[4903],"class_list":["post-181947","post","type-post","status-publish","format-standard","hentry","category-news","tag-airpods-pro"],"aioseo_notices":[],"subheadline":["Neue Version der Ohrh\u00f6rer"],"featured_image":["https:\/\/images.iphone-ticker.de\/wp-content\/uploads\/2021\/10\/airpods-pro-feature-frau.jpg"],"rest_api_enabler":{"subheadline":"Neue Version der Ohrh\u00f6rer","featured_image":"https:\/\/images.iphone-ticker.de\/wp-content\/uploads\/2021\/10\/airpods-pro-feature-frau.jpg"},"_links":{"self":[{"href":"https:\/\/www.iphone-ticker.de\/apiv2\/wp\/v2\/posts\/181947","targetHints":{"allow":["GET"]}}],"collection":[{"href":"https:\/\/www.iphone-ticker.de\/apiv2\/wp\/v2\/posts"}],"about":[{"href":"https:\/\/www.iphone-ticker.de\/apiv2\/wp\/v2\/types\/post"}],"author":[{"embeddable":true,"href":"https:\/\/www.iphone-ticker.de\/apiv2\/wp\/v2\/users\/2"}],"replies":[{"embeddable":true,"href":"https:\/\/www.iphone-ticker.de\/apiv2\/wp\/v2\/comments?post=181947"}],"version-history":[{"count":3,"href":"https:\/\/www.iphone-ticker.de\/apiv2\/wp\/v2\/posts\/181947\/revisions"}],"predecessor-version":[{"id":181950,"href":"https:\/\/www.iphone-ticker.de\/apiv2\/wp\/v2\/posts\/181947\/revisions\/181950"}],"wp:attachment":[{"href":"https:\/\/www.iphone-ticker.de\/apiv2\/wp\/v2\/media?parent=181947"}],"wp:term":[{"taxonomy":"category","embeddable":true,"href":"https:\/\/www.iphone-ticker.de\/apiv2\/wp\/v2\/categories?post=181947"},{"taxonomy":"post_tag","embeddable":true,"href":"https:\/\/www.iphone-ticker.de\/apiv2\/wp\/v2\/tags?post=181947"}],"curies":[{"name":"wp","href":"https:\/\/api.w.org\/{rel}","templated":true}]}}