{"id":181737,"date":"2021-10-28T12:59:04","date_gmt":"2021-10-28T10:59:04","guid":{"rendered":"https:\/\/www.iphone-ticker.de\/?p=181737"},"modified":"2021-10-28T12:59:04","modified_gmt":"2021-10-28T10:59:04","slug":"homepod-mini-neue-farben-sollen-ende-november-kommen","status":"publish","type":"post","link":"https:\/\/www.iphone-ticker.de\/homepod-mini-neue-farben-sollen-ende-november-kommen-181737\/","title":{"rendered":"HomePod mini: Neue Farben sollen &#8222;Ende November&#8220; kommen"},"content":{"rendered":"<p>Als Apple die neuen Farboptionen f\u00fcr den HomePod mini angek\u00fcndigt hat, war wenig konkret von \u201eim November\u201c die Rede. Wer damit verbunden auf einen Verkaufsstart zu Monatsbeginn spekuliert hat, wird entt\u00e4uscht. <a href=\"https:\/\/www.apple.com\/de\/shop\/buy-homepod\/homepod-mini\">Im deutschen Apple Store<\/a> wird die Verf\u00fcgbarkeit der Farben Gelb, Orange und Blau nun f\u00fcr \u201eEnde November\u201c angek\u00fcndigt.<\/p>\n<p><a href=\"https:\/\/images.iphone-ticker.de\/wp-content\/uploads\/2021\/10\/homepod-mini-neue-farben.jpg\"><img loading=\"lazy\" decoding=\"async\" src=\"https:\/\/images.iphone-ticker.de\/wp-content\/uploads\/2021\/10\/homepod-mini-neue-farben-500x438.jpg\" alt=\"Homepod Mini Neue Farben\" width=\"500\" height=\"438\" class=\"alignnone size-medium wp-image-181739\" srcset=\"https:\/\/images.iphone-ticker.de\/wp-content\/uploads\/2021\/10\/homepod-mini-neue-farben-500x438.jpg 500w, https:\/\/images.iphone-ticker.de\/wp-content\/uploads\/2021\/10\/homepod-mini-neue-farben-700x613.jpg 700w, https:\/\/images.iphone-ticker.de\/wp-content\/uploads\/2021\/10\/homepod-mini-neue-farben.jpg 1170w\" sizes=\"auto, (max-width: 500px) 100vw, 500px\" \/><\/a><\/p>\n<p>Dieser Hinweis ist interessanterweise bislang noch nicht in den USA, sondern lediglich in einer Reihe von europ\u00e4ischen Apple Stores zu sehen. Dabei w\u00e4re es \u00fcberraschend und ungew\u00f6hnlich, wenn Apple eine Angebotserweiterung wie neue Farben f\u00fcr die HomePods zun\u00e4chst nur in seinem Heimatland, und erst sp\u00e4ter in anderen Regionen einf\u00fchrt.<\/p>\n<p>F\u00fcr zus\u00e4tzliche Verwirrung sorgen damit verbunden <a href=\"https:\/\/www.macrumors.com\/2021\/10\/27\/homepod-mini-colors-late-november-europe\/\">Ger\u00fcchte<\/a>, Apple plane den Bestellstart f\u00fcr die neuen Farben des HomePod mini f\u00fcr Montag, den 1. November.<\/p>\n<p>Apple hat die neuen HomePod-Farben auf seinem Oktober-Event vergangene Woche angek\u00fcndigt. Die drei neuen Modelle sollen sich technisch nicht von den seit einem Jahr erh\u00e4ltlichen Varianten in Wei\u00df und Schwarz unterscheiden.<\/p>\n<h2>Apple Music Voice \u201ekommt bald\u201c<\/h2>\n<p>Auf der gleichen Veranstaltung hat Apple auch \u201e<a href=\"https:\/\/www.iphone-ticker.de\/apple-music-voice-wer-siri-nutzt-zahlt-nur-die-haelfte-181233\/\">Apple Music Voice<\/a>\u201c vorgestellt. Zu dieser ausschlie\u00dflich mit Sprachbefehlen gesteuerten, im Preis reduzierten Variante von Apples Musikdienst w\u00fcrde der HomePod mini den perfekten Begleiter abgeben. Doch will sich Apple hier noch weniger auf eine eventuellen Erscheinungstermin festlegen, im Rahmen der Ank\u00fcndigung war von \u201eHerbst\u201c die Rede und auf der <a href=\"https:\/\/www.apple.com\/de\/apple-music\/\">Apple-Music-Webseite<\/a> wird die neue Option mit dem Zusatz \u201ekommt bald\u201c aufgef\u00fchrt.<\/p>\n<p>Zum Preis von 4,99 Euro im Monat verspricht Apple den Zugriff auf den gesamten Musikkatalog von Apple Music \u00fcber Siri &#8211; die klassischen Apps bleiben dabei au\u00dfen vor. Das Angebot soll sich per Sprachsteuerung auf HomePod mini, AirPods, CarPlay, iPhone, iPad, Apple Watch, Apple TV und Mac nutzen lassen. Damit verbunden hat Apple die Bereitstellung von hunderten neuen Sendern und Playlists angek\u00fcndigt, \u00fcber deren Start wir <a href=\"https:\/\/www.iphone-ticker.de\/neu-bei-apple-music-250-themen-und-workout-wiedergabelisten-181479\/\" title=\"Neu bei Apple Music: 250 Themen- und Workout-Wiedergabelisten\">vergangene Woche<\/a> bereits berichten konnten.<img loading=\"lazy\" decoding=\"async\" src=\"https:\/\/vg04.met.vgwort.de\/na\/5665525909934b35a7fc2c63fb6f8da0\" width=\"1\" height=\"1\" no-lazy class=\"tracking\"><\/p>\n","protected":false},"excerpt":{"rendered":"<a href=\"https:\/\/www.iphone-ticker.de\/homepod-mini-neue-farben-sollen-ende-november-kommen-181737\/\"><img width=\"150\" height=\"150\" src=\"https:\/\/images.iphone-ticker.de\/wp-content\/uploads\/2021\/10\/homepod-mini-farben-feature-150x150.jpg\" class=\"alignright tfe wp-post-image\" alt=\"Homepod Mini Farben Feature\" decoding=\"async\" loading=\"lazy\" \/><\/a><p>Als Apple die neuen Farboptionen f\u00fcr den HomePod mini angek\u00fcndigt hat, war wenig konkret von \u201eim November\u201c die Rede. Wer damit verbunden auf einen Verkaufsstart zu Monatsbeginn spekuliert hat, wird entt\u00e4uscht. Im deutschen Apple Store wird die Verf\u00fcgbarkeit der Farben Gelb, Orange und Blau nun f\u00fcr \u201eEnde November\u201c angek\u00fcndigt. Dieser Hinweis ist interessanterweise bislang noch [&hellip;]<\/p>\n","protected":false},"author":2,"featured_media":181740,"comment_status":"open","ping_status":"closed","sticky":false,"template":"","format":"standard","meta":{"footnotes":""},"categories":[14],"tags":[5347],"class_list":["post-181737","post","type-post","status-publish","format-standard","has-post-thumbnail","hentry","category-apple","tag-homepod-mini"],"aioseo_notices":[],"subheadline":["Apple-Webseite aktualisiert"],"featured_image":["https:\/\/images.iphone-ticker.de\/wp-content\/uploads\/2021\/10\/homepod-mini-farben-feature.jpg"],"rest_api_enabler":{"subheadline":"Apple-Webseite aktualisiert","featured_image":"https:\/\/images.iphone-ticker.de\/wp-content\/uploads\/2021\/10\/homepod-mini-farben-feature.jpg"},"_links":{"self":[{"href":"https:\/\/www.iphone-ticker.de\/apiv2\/wp\/v2\/posts\/181737","targetHints":{"allow":["GET"]}}],"collection":[{"href":"https:\/\/www.iphone-ticker.de\/apiv2\/wp\/v2\/posts"}],"about":[{"href":"https:\/\/www.iphone-ticker.de\/apiv2\/wp\/v2\/types\/post"}],"author":[{"embeddable":true,"href":"https:\/\/www.iphone-ticker.de\/apiv2\/wp\/v2\/users\/2"}],"replies":[{"embeddable":true,"href":"https:\/\/www.iphone-ticker.de\/apiv2\/wp\/v2\/comments?post=181737"}],"version-history":[{"count":3,"href":"https:\/\/www.iphone-ticker.de\/apiv2\/wp\/v2\/posts\/181737\/revisions"}],"predecessor-version":[{"id":181742,"href":"https:\/\/www.iphone-ticker.de\/apiv2\/wp\/v2\/posts\/181737\/revisions\/181742"}],"wp:featuredmedia":[{"embeddable":true,"href":"https:\/\/www.iphone-ticker.de\/apiv2\/wp\/v2\/media\/181740"}],"wp:attachment":[{"href":"https:\/\/www.iphone-ticker.de\/apiv2\/wp\/v2\/media?parent=181737"}],"wp:term":[{"taxonomy":"category","embeddable":true,"href":"https:\/\/www.iphone-ticker.de\/apiv2\/wp\/v2\/categories?post=181737"},{"taxonomy":"post_tag","embeddable":true,"href":"https:\/\/www.iphone-ticker.de\/apiv2\/wp\/v2\/tags?post=181737"}],"curies":[{"name":"wp","href":"https:\/\/api.w.org\/{rel}","templated":true}]}}