{"id":181544,"date":"2021-10-25T14:58:08","date_gmt":"2021-10-25T12:58:08","guid":{"rendered":"https:\/\/www.iphone-ticker.de\/?p=181544"},"modified":"2021-10-25T14:58:08","modified_gmt":"2021-10-25T12:58:08","slug":"usb-c-netzteile-und-zusatzakkus-aktuell-im-angebot","status":"publish","type":"post","link":"https:\/\/www.iphone-ticker.de\/usb-c-netzteile-und-zusatzakkus-aktuell-im-angebot-181544\/","title":{"rendered":"USB-C-Netzteile und Zusatzakkus aktuell im Angebot"},"content":{"rendered":"<p>Zun\u00e4chst einmal der Hinweis auf drei kompakte USB-C-Ladeger\u00e4te mit 20 Watt PD. UGREEN bietet seinen <a href=\"https:\/\/amzn.to\/2ZdpVMZ\">20W Power Adapter in Wei\u00df<\/a> momentan mit Preisnachlass zum Preis von 13,95 Euro an. Regul\u00e4r sind hier 15,99 Euro beziehungsweise 16,99 Euro f\u00fcr die schwarze Version f\u00e4llig.<\/p>\n<p><a href=\"https:\/\/images.iphone-ticker.de\/wp-content\/uploads\/2021\/10\/ugreen-netzteil.jpg\"><img loading=\"lazy\" decoding=\"async\" src=\"https:\/\/images.iphone-ticker.de\/wp-content\/uploads\/2021\/10\/ugreen-netzteil-500x430.jpg\" alt=\"Ugreen Netzteil\" width=\"500\" height=\"430\" class=\"alignnone size-medium wp-image-181546\" srcset=\"https:\/\/images.iphone-ticker.de\/wp-content\/uploads\/2021\/10\/ugreen-netzteil-500x430.jpg 500w, https:\/\/images.iphone-ticker.de\/wp-content\/uploads\/2021\/10\/ugreen-netzteil-700x601.jpg 700w, https:\/\/images.iphone-ticker.de\/wp-content\/uploads\/2021\/10\/ugreen-netzteil.jpg 1000w\" sizes=\"auto, (max-width: 500px) 100vw, 500px\" \/><\/a><\/p>\n<p>Von Anker gibt es in Sachen USB-C-Ladew\u00fcrfel Zuwachs zu vermelden. Der Hersteller bietet seinen kompakten Netzadapter &quot;PowerPort III&quot; mit 20 Watt PD ja schon geraume Zeit <a href=\"https:\/\/amzn.to\/3Cde6VL\">in Wei\u00df<\/a> an. Brandneu l\u00e4sst sich das Zubeh\u00f6r jetzt auch <a href=\"https:\/\/amzn.to\/2ZjvXMB\">in Schwarz<\/a> bestellen. Allerdings m\u00fcsst ihr f\u00fcr die dunkle Geh\u00e4usevariante 15,99 Euro statt sonst 14,99 Euro berappen.<\/p>\n<h2>UGREEN-Powerbanks mit Preisnachlass<\/h2>\n<p>Und dann macht UGREEN noch auf drei aktuelle Akku-Angebote aufmerksam. Mit unseren Codes k\u00f6nnt ihr hier jeweils zwischen 5 und 7 Euro sparen:<\/p>\n<ul>\n<li><a href=\"https:\/\/amzn.to\/3mb8zcD\">UGREEN Mini 10000mAh Powerbank USB C Power Bank 20W PD<\/a><br \/>Mit dem Code UGREENPB178 Sonderpreis 24,99 Euro<\/li>\n<li><a href=\"https:\/\/amzn.to\/3bbueex\">UGREEN Mini 10000mAh 20W USB C Powerbank mit Lightning-Kabel<\/a><br \/>Mit dem Code UGREEN10398 Sonderpreis 35,99 Euro<\/li>\n<li><a href=\"https:\/\/amzn.to\/3CgCZQc\">UGREEN Mini 10000mAh 20W USB C Powerbank mit USB-C-Kabel<\/a><br \/>Gutschein auf der Seite aktivieren + Code UGREEN80917 Sonderpreis 30,99 Euro<\/li>\n<\/ul>\n<p><a href=\"https:\/\/images.iphone-ticker.de\/wp-content\/uploads\/2021\/10\/ugreen-akku.jpg\"><img loading=\"lazy\" decoding=\"async\" src=\"https:\/\/images.iphone-ticker.de\/wp-content\/uploads\/2021\/10\/ugreen-akku-700x473.jpg\" alt=\"Ugreen Akku\" width=\"700\" height=\"473\" class=\"alignnone size-large wp-image-181548\" srcset=\"https:\/\/images.iphone-ticker.de\/wp-content\/uploads\/2021\/10\/ugreen-akku-700x473.jpg 700w, https:\/\/images.iphone-ticker.de\/wp-content\/uploads\/2021\/10\/ugreen-akku-500x338.jpg 500w, https:\/\/images.iphone-ticker.de\/wp-content\/uploads\/2021\/10\/ugreen-akku.jpg 1152w\" sizes=\"auto, (max-width: 700px) 100vw, 700px\" \/><\/a><\/p>\n","protected":false},"excerpt":{"rendered":"<a href=\"https:\/\/www.iphone-ticker.de\/usb-c-netzteile-und-zusatzakkus-aktuell-im-angebot-181544\/\"><img width=\"150\" height=\"150\" src=\"https:\/\/images.iphone-ticker.de\/wp-content\/uploads\/2021\/10\/ugreen-akku-150x150.jpg\" class=\"alignright tfe wp-post-image\" alt=\"Ugreen Akku\" decoding=\"async\" loading=\"lazy\" \/><\/a><p>Zun\u00e4chst einmal der Hinweis auf drei kompakte USB-C-Ladeger\u00e4te mit 20 Watt PD. UGREEN bietet seinen 20W Power Adapter in Wei\u00df momentan mit Preisnachlass zum Preis von 13,95 Euro an. Regul\u00e4r sind hier 15,99 Euro beziehungsweise 16,99 Euro f\u00fcr die schwarze Version f\u00e4llig. Von Anker gibt es in Sachen USB-C-Ladew\u00fcrfel Zuwachs zu vermelden. Der Hersteller bietet [&hellip;]<\/p>\n","protected":false},"author":2,"featured_media":181548,"comment_status":"open","ping_status":"closed","sticky":false,"template":"","format":"standard","meta":{"footnotes":""},"categories":[1],"tags":[],"class_list":["post-181544","post","type-post","status-publish","format-standard","has-post-thumbnail","hentry","category-news"],"aioseo_notices":[],"subheadline":["Von Anker und UGREEN"],"featured_image":["https:\/\/images.iphone-ticker.de\/wp-content\/uploads\/2021\/10\/anker-powerport-iii-feature.jpg"],"rest_api_enabler":{"subheadline":"Von Anker und UGREEN","featured_image":"https:\/\/images.iphone-ticker.de\/wp-content\/uploads\/2021\/10\/anker-powerport-iii-feature.jpg"},"_links":{"self":[{"href":"https:\/\/www.iphone-ticker.de\/apiv2\/wp\/v2\/posts\/181544","targetHints":{"allow":["GET"]}}],"collection":[{"href":"https:\/\/www.iphone-ticker.de\/apiv2\/wp\/v2\/posts"}],"about":[{"href":"https:\/\/www.iphone-ticker.de\/apiv2\/wp\/v2\/types\/post"}],"author":[{"embeddable":true,"href":"https:\/\/www.iphone-ticker.de\/apiv2\/wp\/v2\/users\/2"}],"replies":[{"embeddable":true,"href":"https:\/\/www.iphone-ticker.de\/apiv2\/wp\/v2\/comments?post=181544"}],"version-history":[{"count":2,"href":"https:\/\/www.iphone-ticker.de\/apiv2\/wp\/v2\/posts\/181544\/revisions"}],"predecessor-version":[{"id":181549,"href":"https:\/\/www.iphone-ticker.de\/apiv2\/wp\/v2\/posts\/181544\/revisions\/181549"}],"wp:featuredmedia":[{"embeddable":true,"href":"https:\/\/www.iphone-ticker.de\/apiv2\/wp\/v2\/media\/181548"}],"wp:attachment":[{"href":"https:\/\/www.iphone-ticker.de\/apiv2\/wp\/v2\/media?parent=181544"}],"wp:term":[{"taxonomy":"category","embeddable":true,"href":"https:\/\/www.iphone-ticker.de\/apiv2\/wp\/v2\/categories?post=181544"},{"taxonomy":"post_tag","embeddable":true,"href":"https:\/\/www.iphone-ticker.de\/apiv2\/wp\/v2\/tags?post=181544"}],"curies":[{"name":"wp","href":"https:\/\/api.w.org\/{rel}","templated":true}]}}