{"id":180987,"date":"2021-10-13T09:18:53","date_gmt":"2021-10-13T07:18:53","guid":{"rendered":"https:\/\/www.iphone-ticker.de\/?p=180987"},"modified":"2021-10-15T10:43:32","modified_gmt":"2021-10-15T08:43:32","slug":"homepod-mogelpackung-erstes-zubehoer-reagiert-auf-hey-siri","status":"publish","type":"post","link":"https:\/\/www.iphone-ticker.de\/homepod-mogelpackung-erstes-zubehoer-reagiert-auf-hey-siri-180987\/","title":{"rendered":"HomePod-Mogelpackung: Erstes Zubeh\u00f6r reagiert auf &#8222;Hey Siri&#8220;"},"content":{"rendered":"<p>Im Rahmen der WWDC-Entwicklerkonferenz hatte Apple im Sommer \u00fcberraschend den Ausbau der Sprachassistenz-Funktion Siri angek\u00fcndigt. Zubeh\u00f6r-Anbietern, dies k\u00fcndigte Apples HomeKit-Ingenieur Yah Cason an, w\u00fcrden zuk\u00fcnftig die M\u00f6glichkeit haben, ihre Produkte mit Apples Sprachassistenz zu verbinden und k\u00f6nnten diese auf das Standard-Kommando &#8222;Hey Siri&#8220; reagieren lassen.<\/p>\n<p><a href=\"https:\/\/images.iphone-ticker.de\/wp-content\/uploads\/2021\/10\/hey-siri.jpg\"><img loading=\"lazy\" decoding=\"async\" class=\"aligncenter size-medium wp-image-180988\" src=\"https:\/\/images.iphone-ticker.de\/wp-content\/uploads\/2021\/10\/hey-siri-500x477.jpg\" alt=\"Hey Siri\" width=\"500\" height=\"477\" srcset=\"https:\/\/images.iphone-ticker.de\/wp-content\/uploads\/2021\/10\/hey-siri-500x477.jpg 500w, https:\/\/images.iphone-ticker.de\/wp-content\/uploads\/2021\/10\/hey-siri-700x668.jpg 700w, https:\/\/images.iphone-ticker.de\/wp-content\/uploads\/2021\/10\/hey-siri.jpg 906w\" sizes=\"auto, (max-width: 500px) 100vw, 500px\" \/><\/a><\/p>\n<p>Wer sich die Ank\u00fcndigung noch mal in Erinnerung rufen m\u00f6chte, der ruft Apples WWDC-Videopr\u00e4sentation <a href=\"https:\/\/youtu.be\/0TD96VTf0Xs?t=4680\">beim Zeitstempel 1:18:00<\/a> auf.<\/p>\n<p>Mit ecobee hat der erste Hersteller smarter Thermostate nun die Integration von &#8222;Hey Siri&#8220; in seine SmartThermostat-Produktlinie <a href=\"https:\/\/www.businesswire.com\/news\/home\/20211012005170\/en\/ecobee-SmartThermostat-with-Voice-Control-Is-Now-Enabled-with-Siri\">angek\u00fcndigt<\/a> und geht in seiner Pressemitteilung auf die Hardware-Voraussetzungen ein, die f\u00fcr die Nutzung der erweiterten Siri-Funktion ben\u00f6tigt werden.<\/p>\n<h2>HomePod-Mogelpackung<\/h2>\n<p>Hier wird schnell klar: Die Verf\u00fcgbarkeit von Siri auf den Produkten interessierter Drittanbieter ist \u00fcberhaupt nicht vergleichbar mit dem was Amazon und Google schon seit geraumer Zeit f\u00fcr Alexa und den Google Assistent zur Verf\u00fcgung stellen.<\/p>\n<p><a href=\"https:\/\/images.iphone-ticker.de\/wp-content\/uploads\/2021\/10\/siri-zubehoer-wwdc.jpg\"><img loading=\"lazy\" decoding=\"async\" class=\"aligncenter size-large wp-image-180989\" src=\"https:\/\/images.iphone-ticker.de\/wp-content\/uploads\/2021\/10\/siri-zubehoer-wwdc-700x392.jpg\" alt=\"Siri Zubehoer Wwdc\" width=\"700\" height=\"392\" srcset=\"https:\/\/images.iphone-ticker.de\/wp-content\/uploads\/2021\/10\/siri-zubehoer-wwdc-700x392.jpg 700w, https:\/\/images.iphone-ticker.de\/wp-content\/uploads\/2021\/10\/siri-zubehoer-wwdc-500x280.jpg 500w, https:\/\/images.iphone-ticker.de\/wp-content\/uploads\/2021\/10\/siri-zubehoer-wwdc-1536x860.jpg 1536w, https:\/\/images.iphone-ticker.de\/wp-content\/uploads\/2021\/10\/siri-zubehoer-wwdc-2048x1147.jpg 2048w\" sizes=\"auto, (max-width: 700px) 100vw, 700px\" \/><\/a><\/p>\n<p>So ben\u00f6tigen Anwender, die Siri \u00fcber die neuen ecobee-Thermostate aufrufen wollen, nicht nur ein iPhone mit iOS 15 sondern auch einen HomePod mini im gleichen Netzwerk, an den das Kommando zur Bearbeitung weitergeleitet wird. Die Thermostate und alle anderen Drittanbieter-Accessoires, die Siri zuk\u00fcnftig integrieren werden, bieten damit nicht viel mehr als die entfernte Kombination von Mikrofon und Lautsprecher f\u00fcr HomePods an, die ihrerseits ohnehin bereits vorhanden sein m\u00fcssen.<\/p>\n<p>ecobee selbst spricht \u00fcbrigens ausschlie\u00dflich vom HomePod mini und scheint damit anzudeuten, dass Siri f\u00fcr Drittanbieter nicht in Kombination mit den regul\u00e4ren, und inzwischen aus dem Verkauf genommenen HomePod-Ger\u00e4ten genutzt werden kann.<\/p>\n<p><div class=\"responsive-video\"><iframe loading=\"lazy\" width=\"1204\" height=\"686\" src=\"https:\/\/www.youtube-nocookie.com\/embed\/0TD96VTf0Xs?start=4680\" title=\"YouTube video player\" frameborder=\"0\" allow=\"accelerometer; autoplay; clipboard-write; encrypted-media; gyroscope; picture-in-picture\" allowfullscreen><\/iframe><\/div><\/p>\n<p><img loading=\"lazy\" decoding=\"async\" src=\"https:\/\/vg07.met.vgwort.de\/na\/77f83f1d71be438ab53322598d36fd57\" width=\"1\" height=\"1\" no-lazy class=\"tracking\"><\/p>\n","protected":false},"excerpt":{"rendered":"<a href=\"https:\/\/www.iphone-ticker.de\/homepod-mogelpackung-erstes-zubehoer-reagiert-auf-hey-siri-180987\/\"><img width=\"150\" height=\"150\" src=\"https:\/\/images.iphone-ticker.de\/wp-content\/uploads\/2021\/10\/hey-siri-feature-150x150.jpg\" class=\"alignright tfe wp-post-image\" alt=\"Hey Siri Feature\" decoding=\"async\" loading=\"lazy\" \/><\/a><p>Im Rahmen der WWDC-Entwicklerkonferenz hatte Apple im Sommer \u00fcberraschend den Ausbau der Sprachassistenz-Funktion Siri angek\u00fcndigt. Zubeh\u00f6r-Anbietern, dies k\u00fcndigte Apples HomeKit-Ingenieur Yah Cason an, w\u00fcrden zuk\u00fcnftig die M\u00f6glichkeit haben, ihre Produkte mit Apples Sprachassistenz zu verbinden und k\u00f6nnten diese auf das Standard-Kommando &#8222;Hey Siri&#8220; reagieren lassen. Wer sich die Ank\u00fcndigung noch mal in Erinnerung rufen m\u00f6chte, [&hellip;]<\/p>\n","protected":false},"author":1,"featured_media":180990,"comment_status":"open","ping_status":"closed","sticky":false,"template":"","format":"standard","meta":{"footnotes":""},"categories":[1,1975],"tags":[2821,5347,962,5239],"class_list":["post-180987","post","type-post","status-publish","format-standard","has-post-thumbnail","hentry","category-news","category-feature","tag-homekit","tag-homepod-mini","tag-siri","tag-zubehoer"],"aioseo_notices":[],"featured_image":["https:\/\/images.iphone-ticker.de\/wp-content\/uploads\/2021\/10\/hey-siri-feature.jpg"],"subheadline":["HomePod mini wird zwingend vorausgesetzt"],"rest_api_enabler":{"featured_image":"https:\/\/images.iphone-ticker.de\/wp-content\/uploads\/2021\/10\/hey-siri-feature.jpg","subheadline":"HomePod mini wird zwingend vorausgesetzt"},"_links":{"self":[{"href":"https:\/\/www.iphone-ticker.de\/apiv2\/wp\/v2\/posts\/180987","targetHints":{"allow":["GET"]}}],"collection":[{"href":"https:\/\/www.iphone-ticker.de\/apiv2\/wp\/v2\/posts"}],"about":[{"href":"https:\/\/www.iphone-ticker.de\/apiv2\/wp\/v2\/types\/post"}],"author":[{"embeddable":true,"href":"https:\/\/www.iphone-ticker.de\/apiv2\/wp\/v2\/users\/1"}],"replies":[{"embeddable":true,"href":"https:\/\/www.iphone-ticker.de\/apiv2\/wp\/v2\/comments?post=180987"}],"version-history":[{"count":1,"href":"https:\/\/www.iphone-ticker.de\/apiv2\/wp\/v2\/posts\/180987\/revisions"}],"predecessor-version":[{"id":180991,"href":"https:\/\/www.iphone-ticker.de\/apiv2\/wp\/v2\/posts\/180987\/revisions\/180991"}],"wp:featuredmedia":[{"embeddable":true,"href":"https:\/\/www.iphone-ticker.de\/apiv2\/wp\/v2\/media\/180990"}],"wp:attachment":[{"href":"https:\/\/www.iphone-ticker.de\/apiv2\/wp\/v2\/media?parent=180987"}],"wp:term":[{"taxonomy":"category","embeddable":true,"href":"https:\/\/www.iphone-ticker.de\/apiv2\/wp\/v2\/categories?post=180987"},{"taxonomy":"post_tag","embeddable":true,"href":"https:\/\/www.iphone-ticker.de\/apiv2\/wp\/v2\/tags?post=180987"}],"curies":[{"name":"wp","href":"https:\/\/api.w.org\/{rel}","templated":true}]}}