{"id":180955,"date":"2021-10-12T15:05:25","date_gmt":"2021-10-12T13:05:25","guid":{"rendered":"https:\/\/www.iphone-ticker.de\/?p=180955"},"modified":"2021-10-15T10:43:05","modified_gmt":"2021-10-15T08:43:05","slug":"applecare-iphone-versicherung-teils-erst-nach-geraetepruefung","status":"publish","type":"post","link":"https:\/\/www.iphone-ticker.de\/applecare-iphone-versicherung-teils-erst-nach-geraetepruefung-180955\/","title":{"rendered":"AppleCare+: iPhone-Versicherung teils erst nach Ger\u00e4tepr\u00fcfung"},"content":{"rendered":"<p>Wie in jedem Jahr bietet Apple den K\u00e4ufern der neuen iPhone-Generation auch in diesem Jahr eine Gnadenfrist von 60 Tagen an, innerhalb derer sich die optionale Zusatzversicherung AppleCare+ kaufen und das iPhone so gegen versehentliche Besch\u00e4digungen absichern l\u00e4sst.<\/p>\n<p>Neu in diesem Jahr ist erstmals auch die M\u00f6glichkeit das iPhone 13 <a href=\"https:\/\/www.iphone-ticker.de\/applecare-beim-iphone-nun-auch-mit-verlust-und-diebstahlschutz-179714\/\">gegen Diebstahl und Verlust zu versichern<\/a>.<\/p>\n<p><a href=\"https:\/\/images.iphone-ticker.de\/wp-content\/uploads\/2021\/10\/applecare-abdeckung.jpg\"><img loading=\"lazy\" decoding=\"async\" class=\"aligncenter size-medium wp-image-180956\" src=\"https:\/\/images.iphone-ticker.de\/wp-content\/uploads\/2021\/10\/applecare-abdeckung-500x226.jpg\" alt=\"Applecare Abdeckung\" width=\"500\" height=\"226\" srcset=\"https:\/\/images.iphone-ticker.de\/wp-content\/uploads\/2021\/10\/applecare-abdeckung-500x226.jpg 500w, https:\/\/images.iphone-ticker.de\/wp-content\/uploads\/2021\/10\/applecare-abdeckung-700x316.jpg 700w, https:\/\/images.iphone-ticker.de\/wp-content\/uploads\/2021\/10\/applecare-abdeckung.jpg 1170w\" sizes=\"auto, (max-width: 500px) 100vw, 500px\" \/><\/a><\/p>\n<p>Die Werbetrommel f\u00fcr die Zusatzversicherung r\u00fchrt Apple direkt in den Einstellungen des iPhone -Betriebssystems. Hier prangt ein kleiner Hinweis auf den derzeit noch m\u00f6glichen Abschluss der Zusatzversicherung, die entweder im monatlichen Abo oder mit einer pauschalen Zahlung f\u00fcr zwei Jahre im Voraus gekauft werden kann.<\/p>\n<p>Der Hinweis auf die Verf\u00fcgbarkeit der Versicherung wird viele Anwender zum Nachdenken motivieren. Der monatliche Versicherungsschutz von gerade mal 12 Euro wirkt verglichen mit der Pauschale, die beim Bruch der Glasoberfl\u00e4che f\u00fcr ein Austausch-Display entrichtet werden muss (<a href=\"https:\/\/support.apple.com\/de-de\/iphone\/repair\/service\/screen-replacement\">beim iPhone 13 Pro satte 311,10 Euro<\/a>) geradezu marginal. Aber wer bezahlt schon gerne f\u00fcr eine Versicherung?<\/p>\n<p><a href=\"https:\/\/images.iphone-ticker.de\/wp-content\/uploads\/2021\/09\/apple-care-plus.jpg\"><img loading=\"lazy\" decoding=\"async\" class=\"aligncenter size-large wp-image-179715\" src=\"https:\/\/images.iphone-ticker.de\/wp-content\/uploads\/2021\/09\/apple-care-plus-700x700.jpg\" alt=\"Apple Care Plus\" width=\"700\" height=\"700\" srcset=\"https:\/\/images.iphone-ticker.de\/wp-content\/uploads\/2021\/09\/apple-care-plus-700x700.jpg 700w, https:\/\/images.iphone-ticker.de\/wp-content\/uploads\/2021\/09\/apple-care-plus-500x500.jpg 500w, https:\/\/images.iphone-ticker.de\/wp-content\/uploads\/2021\/09\/apple-care-plus-150x150.jpg 150w, https:\/\/images.iphone-ticker.de\/wp-content\/uploads\/2021\/09\/apple-care-plus.jpg 934w\" sizes=\"auto, (max-width: 700px) 100vw, 700px\" \/><\/a><\/p>\n<h2>Hardware-Diagnose per E-Mail<\/h2>\n<p>Pfiffige Anwender k\u00f6nnten zumindest in den ersten 60 Tagen auf die Idee kommen, die Zusatzversicherung noch schnell abzuschlie\u00dfen nachdem das eigene iPhone schon einmal aus der Hand geglitten und Kontakt mit dem Steinfu\u00dfboden in der K\u00fcche gemacht hat. Dies ist jedoch nicht ohne weiteres m\u00f6glich. Apple ist inzwischen dazu \u00fcbergegangen die Ger\u00e4te von an der Versicherung interessierten Kunden durch eine gesonderte Diagnose-Sitzung zu scheuchen.<a href=\"https:\/\/images.iphone-ticker.de\/wp-content\/uploads\/2021\/10\/diagnose-iphone-apple-care-1400.jpg\"><img loading=\"lazy\" decoding=\"async\" class=\"aligncenter size-large wp-image-180958\" src=\"https:\/\/images.iphone-ticker.de\/wp-content\/uploads\/2021\/10\/diagnose-iphone-apple-care-1400-700x650.jpg\" alt=\"Diagnose Iphone Apple Care 1400\" width=\"700\" height=\"650\" srcset=\"https:\/\/images.iphone-ticker.de\/wp-content\/uploads\/2021\/10\/diagnose-iphone-apple-care-1400-700x650.jpg 700w, https:\/\/images.iphone-ticker.de\/wp-content\/uploads\/2021\/10\/diagnose-iphone-apple-care-1400-500x464.jpg 500w, https:\/\/images.iphone-ticker.de\/wp-content\/uploads\/2021\/10\/diagnose-iphone-apple-care-1400.jpg 1400w\" sizes=\"auto, (max-width: 700px) 100vw, 700px\" \/><\/a><\/p>\n<p>Welche Systemparameter Apple hier konkret pr\u00fcft, ehe der Kauf der Zusatzversicherung zugelassen wird, beh\u00e4lt das Unternehmen zwar f\u00fcr sich, es ist jedoch davon auszugehen, dass besonders starke Ersch\u00fctterungen oder ein zwischenzeitliche Wasserkontakt (diesen registriert das iPhone <a href=\"https:\/\/www.iphone-ticker.de\/laden-nicht-moeglich-im-notfall-hilft-erneutes-anstecken-170219\/\">schon seit einigen Jahren<\/a>) den spontanen Abschluss der Zusatzversicherung unterbinden.<\/p>\n<p>Solltet ihr grunds\u00e4tzliches Interesse an der Zusatzversicherung haben, dann wartet also nicht bis es zum Schaden kommt. Der Versuch diese dann noch nachtr\u00e4glich abzuschlie\u00dfen ist zum Scheitern verurteilt.<\/p>\n<p><img loading=\"lazy\" decoding=\"async\" src=\"https:\/\/vg07.met.vgwort.de\/na\/60813ecd19aa4eea883fa3b34b05d6d4\" width=\"1\" height=\"1\" no-lazy class=\"tracking\"><\/p>\n","protected":false},"excerpt":{"rendered":"<a href=\"https:\/\/www.iphone-ticker.de\/applecare-iphone-versicherung-teils-erst-nach-geraetepruefung-180955\/\"><img width=\"150\" height=\"150\" src=\"https:\/\/images.iphone-ticker.de\/wp-content\/uploads\/2021\/10\/diagnose-applecare-feature-150x150.jpg\" class=\"alignright tfe wp-post-image\" alt=\"Diagnose Applecare Feature\" decoding=\"async\" loading=\"lazy\" \/><\/a><p>Wie in jedem Jahr bietet Apple den K\u00e4ufern der neuen iPhone-Generation auch in diesem Jahr eine Gnadenfrist von 60 Tagen an, innerhalb derer sich die optionale Zusatzversicherung AppleCare+ kaufen und das iPhone so gegen versehentliche Besch\u00e4digungen absichern l\u00e4sst. Neu in diesem Jahr ist erstmals auch die M\u00f6glichkeit das iPhone 13 gegen Diebstahl und Verlust zu [&hellip;]<\/p>\n","protected":false},"author":1,"featured_media":180959,"comment_status":"open","ping_status":"closed","sticky":false,"template":"","format":"standard","meta":{"footnotes":""},"categories":[1,1975],"tags":[961,5510,548],"class_list":["post-180955","post","type-post","status-publish","format-standard","has-post-thumbnail","hentry","category-news","category-feature","tag-applecare","tag-iphone-13","tag-versicherung"],"aioseo_notices":[],"subheadline":["Hardware-Diagnose per E-Mail"],"featured_image":["https:\/\/images.iphone-ticker.de\/wp-content\/uploads\/2021\/10\/diagnose-applecare-feature.jpg"],"rest_api_enabler":{"subheadline":"Hardware-Diagnose per E-Mail","featured_image":"https:\/\/images.iphone-ticker.de\/wp-content\/uploads\/2021\/10\/diagnose-applecare-feature.jpg"},"_links":{"self":[{"href":"https:\/\/www.iphone-ticker.de\/apiv2\/wp\/v2\/posts\/180955","targetHints":{"allow":["GET"]}}],"collection":[{"href":"https:\/\/www.iphone-ticker.de\/apiv2\/wp\/v2\/posts"}],"about":[{"href":"https:\/\/www.iphone-ticker.de\/apiv2\/wp\/v2\/types\/post"}],"author":[{"embeddable":true,"href":"https:\/\/www.iphone-ticker.de\/apiv2\/wp\/v2\/users\/1"}],"replies":[{"embeddable":true,"href":"https:\/\/www.iphone-ticker.de\/apiv2\/wp\/v2\/comments?post=180955"}],"version-history":[{"count":2,"href":"https:\/\/www.iphone-ticker.de\/apiv2\/wp\/v2\/posts\/180955\/revisions"}],"predecessor-version":[{"id":180961,"href":"https:\/\/www.iphone-ticker.de\/apiv2\/wp\/v2\/posts\/180955\/revisions\/180961"}],"wp:featuredmedia":[{"embeddable":true,"href":"https:\/\/www.iphone-ticker.de\/apiv2\/wp\/v2\/media\/180959"}],"wp:attachment":[{"href":"https:\/\/www.iphone-ticker.de\/apiv2\/wp\/v2\/media?parent=180955"}],"wp:term":[{"taxonomy":"category","embeddable":true,"href":"https:\/\/www.iphone-ticker.de\/apiv2\/wp\/v2\/categories?post=180955"},{"taxonomy":"post_tag","embeddable":true,"href":"https:\/\/www.iphone-ticker.de\/apiv2\/wp\/v2\/tags?post=180955"}],"curies":[{"name":"wp","href":"https:\/\/api.w.org\/{rel}","templated":true}]}}