{"id":180080,"date":"2021-09-23T14:54:08","date_gmt":"2021-09-23T12:54:08","guid":{"rendered":"https:\/\/www.iphone-ticker.de\/?p=180080"},"modified":"2021-09-23T14:54:08","modified_gmt":"2021-09-23T12:54:08","slug":"iphone-13-ein-erster-blick-aufs-innenleben","status":"publish","type":"post","link":"https:\/\/www.iphone-ticker.de\/iphone-13-ein-erster-blick-aufs-innenleben-180080\/","title":{"rendered":"iPhone 13: Ein erster Blick aufs Innenleben"},"content":{"rendered":"<p>F\u00fcr alle, die den morgigen Verkaufsstart der neuen iPhone-Modelle und damit verbunden den kurz darauf erwarteten, \u201eoffiziellen\u201c iPhone-13-Teardown von ifixit nicht erwarten k\u00f6nnen, hat der Blogger Sonny Dickson ein paar erste Bilder auf Twitter ver\u00f6ffentlicht.<\/p>\n<p>Anders als die von Apple ausgew\u00e4hlten und vorab mit Ger\u00e4ten ausgestatteten iPhone-Reviewer hat Dickson sein iPhone 13 aus anderen Quellen bezogen unddemnach auch freie Hand, einen Blick auf das Innenleben des Ger\u00e4ts zu werfen.<\/p>\n<blockquote class=\"twitter-tweet\">\n<p lang=\"und\" dir=\"ltr\"><a href=\"https:\/\/t.co\/iB6PJtj8ZR\">pic.twitter.com\/iB6PJtj8ZR<\/a><\/p>\n<p>&mdash; Sonny Dickson (@SonnyDickson) <a href=\"https:\/\/twitter.com\/SonnyDickson\/status\/1440861572482551812?ref_src=twsrc%5Etfw\">September 23, 2021<\/a><\/p><\/blockquote>\n<p> <script async src=\"https:\/\/platform.twitter.com\/widgets.js\" charset=\"utf-8\"><\/script><\/p>\n<p>\u00dcberraschungen erwarten uns nicht, zumal Apple bereits bei der Vorstellung der Ger\u00e4te darauf hingewiesen hat, dass die Modelle des iPhone 13 mit einem gr\u00f6\u00dferen Akku ausgestattet sind und damit verbunden \u00fcber zus\u00e4tzliche Akku-Laufzeit verf\u00fcgen.<\/p>\n<p><a href=\"https:\/\/twitter.com\/brahmshank\/status\/1440942223235764226\">Brahm Shank<\/a> weist mit seinen Erg\u00e4nzungen auf entscheidende Details neben dem gr\u00f6\u00dferen Akku hin. So konnte Apple Sensoren sowie die Taptic Engine verkleinern und neu anordnen, zum mehr Platz im Inneren zu schaffen und auch die Notch zu komprimieren. <\/p>\n<p><a href=\"https:\/\/images.iphone-ticker.de\/wp-content\/uploads\/2021\/09\/iphone-13-innen-794.jpg\"><img loading=\"lazy\" decoding=\"async\" src=\"https:\/\/images.iphone-ticker.de\/wp-content\/uploads\/2021\/09\/iphone-13-innen-794.jpg\" alt=\"Iphone 13 Innen 794\" width=\"700\" height=\"1112\" class=\"alignnone size-full wp-image-180082\" srcset=\"https:\/\/images.iphone-ticker.de\/wp-content\/uploads\/2021\/09\/iphone-13-innen-794.jpg 1251w, https:\/\/images.iphone-ticker.de\/wp-content\/uploads\/2021\/09\/iphone-13-innen-794-315x500.jpg 315w, https:\/\/images.iphone-ticker.de\/wp-content\/uploads\/2021\/09\/iphone-13-innen-794-441x700.jpg 441w, https:\/\/images.iphone-ticker.de\/wp-content\/uploads\/2021\/09\/iphone-13-innen-794-967x1536.jpg 967w\" sizes=\"auto, (max-width: 700px) 100vw, 700px\" \/><\/a><\/p>\n","protected":false},"excerpt":{"rendered":"<a href=\"https:\/\/www.iphone-ticker.de\/iphone-13-ein-erster-blick-aufs-innenleben-180080\/\"><img width=\"150\" height=\"150\" src=\"https:\/\/images.iphone-ticker.de\/wp-content\/uploads\/2021\/09\/iphone-13-innen-794-150x150.jpg\" class=\"alignright tfe wp-post-image\" alt=\"Iphone 13 Innen 794\" decoding=\"async\" loading=\"lazy\" \/><\/a><p>F\u00fcr alle, die den morgigen Verkaufsstart der neuen iPhone-Modelle und damit verbunden den kurz darauf erwarteten, \u201eoffiziellen\u201c iPhone-13-Teardown von ifixit nicht erwarten k\u00f6nnen, hat der Blogger Sonny Dickson ein paar erste Bilder auf Twitter ver\u00f6ffentlicht. Anders als die von Apple ausgew\u00e4hlten und vorab mit Ger\u00e4ten ausgestatteten iPhone-Reviewer hat Dickson sein iPhone 13 aus anderen Quellen [&hellip;]<\/p>\n","protected":false},"author":2,"featured_media":180082,"comment_status":"open","ping_status":"closed","sticky":false,"template":"","format":"standard","meta":{"footnotes":""},"categories":[749],"tags":[5510],"class_list":["post-180080","post","type-post","status-publish","format-standard","has-post-thumbnail","hentry","category-iphone-2","tag-iphone-13"],"aioseo_notices":[],"subheadline":["Platz f\u00fcr mehr Akku"],"featured_image":["https:\/\/images.iphone-ticker.de\/wp-content\/uploads\/2021\/09\/iphone-13-innen.jpg"],"rest_api_enabler":{"subheadline":"Platz f\u00fcr mehr Akku","featured_image":"https:\/\/images.iphone-ticker.de\/wp-content\/uploads\/2021\/09\/iphone-13-innen.jpg"},"_links":{"self":[{"href":"https:\/\/www.iphone-ticker.de\/apiv2\/wp\/v2\/posts\/180080","targetHints":{"allow":["GET"]}}],"collection":[{"href":"https:\/\/www.iphone-ticker.de\/apiv2\/wp\/v2\/posts"}],"about":[{"href":"https:\/\/www.iphone-ticker.de\/apiv2\/wp\/v2\/types\/post"}],"author":[{"embeddable":true,"href":"https:\/\/www.iphone-ticker.de\/apiv2\/wp\/v2\/users\/2"}],"replies":[{"embeddable":true,"href":"https:\/\/www.iphone-ticker.de\/apiv2\/wp\/v2\/comments?post=180080"}],"version-history":[{"count":2,"href":"https:\/\/www.iphone-ticker.de\/apiv2\/wp\/v2\/posts\/180080\/revisions"}],"predecessor-version":[{"id":180083,"href":"https:\/\/www.iphone-ticker.de\/apiv2\/wp\/v2\/posts\/180080\/revisions\/180083"}],"wp:featuredmedia":[{"embeddable":true,"href":"https:\/\/www.iphone-ticker.de\/apiv2\/wp\/v2\/media\/180082"}],"wp:attachment":[{"href":"https:\/\/www.iphone-ticker.de\/apiv2\/wp\/v2\/media?parent=180080"}],"wp:term":[{"taxonomy":"category","embeddable":true,"href":"https:\/\/www.iphone-ticker.de\/apiv2\/wp\/v2\/categories?post=180080"},{"taxonomy":"post_tag","embeddable":true,"href":"https:\/\/www.iphone-ticker.de\/apiv2\/wp\/v2\/tags?post=180080"}],"curies":[{"name":"wp","href":"https:\/\/api.w.org\/{rel}","templated":true}]}}