{"id":179828,"date":"2021-09-17T13:01:12","date_gmt":"2021-09-17T11:01:12","guid":{"rendered":"https:\/\/www.iphone-ticker.de\/?p=179828"},"modified":"2021-09-20T20:52:59","modified_gmt":"2021-09-20T18:52:59","slug":"ergebnisse-der-iphone-umfrage-2021-die-beliebtesten-modelle-farben-und-speicher","status":"publish","type":"post","link":"https:\/\/www.iphone-ticker.de\/ergebnisse-der-iphone-umfrage-2021-die-beliebtesten-modelle-farben-und-speicher-179828\/","title":{"rendered":"Ergebnisse der iPhone-Umfrage 2021: Die beliebtesten Modelle, Farben und Speicher"},"content":{"rendered":"<p>Wenige Stunden nach dem Start unserer <a href=\"https:\/\/www.iphone-ticker.de\/iphone-umfrage-2021-welches-iphone-13-modell-kauft-ihr-179797\/\">iPhone-Umfrage 2021<\/a> beenden wir den demoskopischen Ausflug jetzt mit etwas mehr als 10.000 abgegebenen Stimmen und Widmen uns kurz vor dem Start der Vorbestellungen <a href=\"https:\/\/apple.sjv.io\/qjeA5\">im Apple Online Store<\/a> und im offiziellen <a rel=\"noindex, nofollow\" href=\"https:\/\/www.amazon.de\/stores\/page\/09332539-A14F-4D56-8292-92EE03FE448B?&amp;linkCode=ll2&amp;tag=musicweb02&amp;linkId=8456fcc2d95a0f66013837c9f4087ca2&amp;language=de_DE&amp;ref_=as_li_ss_tl\">Apple-Bereich amazon.de<\/a> den wichtigsten Erkenntnissen.<\/p>\n<p><a href=\"https:\/\/images.iphone-ticker.de\/wp-content\/uploads\/2021\/09\/kaufinteresse-2021.jpg\"><img loading=\"lazy\" decoding=\"async\" class=\"aligncenter size-medium wp-image-179829\" src=\"https:\/\/images.iphone-ticker.de\/wp-content\/uploads\/2021\/09\/kaufinteresse-2021-500x361.jpg\" alt=\"Kaufinteresse 2021\" width=\"500\" height=\"361\" srcset=\"https:\/\/images.iphone-ticker.de\/wp-content\/uploads\/2021\/09\/kaufinteresse-2021-500x361.jpg 500w, https:\/\/images.iphone-ticker.de\/wp-content\/uploads\/2021\/09\/kaufinteresse-2021-700x506.jpg 700w, https:\/\/images.iphone-ticker.de\/wp-content\/uploads\/2021\/09\/kaufinteresse-2021.jpg 1160w\" sizes=\"auto, (max-width: 500px) 100vw, 500px\" \/><\/a><\/p>\n<p>Wieder eingependelt hat sich in diesem Jahr das Kaufinteresse. Nachdem im vergangenen Jahr nur 22 Prozent der Umfrageteilnehmer angegeben haben, kein neues iPhone kaufen zu wollen, liegt der Wert nun wieder bei 46 Prozent und damit in etwa auf dem Niveau von 2019. Damals gaben 54 Prozent an, keine Kaufpl\u00e4ne zu verfolgen.<\/p>\n<h2>Die beliebtesten Modelle, Farben und Speicher<\/h2>\n<p>Bei den Lesern und Leserinnen, die im Markt f\u00fcr ein neues Apple-Smartphone sind, ist das iPhone 13 Pro das beliebteste Modell. In diesem Jahr wollen 25 Prozent hier zugreifen. Zum Vergleich: Im vergangenen Jahr griffen 33 Prozent zum iPhone 12 Pro. Auf dem zweiten Rang liegt einmal mehr das iPhone 13 Pro Max, das auf dem Einkaufszettel von 18 Prozent (Vorjahr: 19 Prozent) unserer Leser notiert ist.<\/p>\n<p>Das regul\u00e4re iPhone 13 kann nur 5 Prozent der Umfrageteilnehmer f\u00fcr sich begeistern.<\/p>\n<h2>iPhone 13 Pro und iPhone 13 Pro Max<\/h2>\n<p>Was die Farbpr\u00e4ferenzen angeht, scheiden sich die Geister zwischen Graphit und Sierrablau. Zwar schafft es Silber in diesem Jahr auf zweistellige Prozentzahlen, die beiden Edelmetalle verzeichnen aber erneut eine schwache Nachfrage. Bei den Pro-Ger\u00e4ten will jeder 2. das Graphit-Modell, beim Pro Max liegt Sierrablau ganz oben in der Nutzergunst.<\/p>\n<p><a href=\"https:\/\/images.iphone-ticker.de\/wp-content\/uploads\/2021\/09\/farben-iphone-13-pro-max_1500.jpg\"><img loading=\"lazy\" decoding=\"async\" class=\"aligncenter size-large wp-image-179830\" src=\"https:\/\/images.iphone-ticker.de\/wp-content\/uploads\/2021\/09\/farben-iphone-13-pro-max_1500-700x339.jpg\" alt=\"Farben Iphone 13 Pro Max 1500\" width=\"700\" height=\"339\" srcset=\"https:\/\/images.iphone-ticker.de\/wp-content\/uploads\/2021\/09\/farben-iphone-13-pro-max_1500-700x339.jpg 700w, https:\/\/images.iphone-ticker.de\/wp-content\/uploads\/2021\/09\/farben-iphone-13-pro-max_1500-500x242.jpg 500w, https:\/\/images.iphone-ticker.de\/wp-content\/uploads\/2021\/09\/farben-iphone-13-pro-max_1500.jpg 1308w\" sizes=\"auto, (max-width: 700px) 100vw, 700px\" \/><\/a><\/p>\n<h2>iPhone 13 und iPhone 13 mini<\/h2>\n<p>Schwarz kommt auch bei den g\u00fcnstigeren iPhone-Modellen gut an. Bei beiden kleinen iPhones liegen Mitternacht und Blau hoch im Kurs. Ros\u00e9 bleibt bei beiden Modellen einstellig.<\/p>\n<p><a href=\"https:\/\/images.iphone-ticker.de\/wp-content\/uploads\/2021\/09\/farben-iphone-13_1500.jpg\"><img loading=\"lazy\" decoding=\"async\" class=\"aligncenter size-large wp-image-179831\" src=\"https:\/\/images.iphone-ticker.de\/wp-content\/uploads\/2021\/09\/farben-iphone-13_1500-700x344.jpg\" alt=\"Farben Iphone 13 1500\" width=\"700\" height=\"344\" srcset=\"https:\/\/images.iphone-ticker.de\/wp-content\/uploads\/2021\/09\/farben-iphone-13_1500-700x344.jpg 700w, https:\/\/images.iphone-ticker.de\/wp-content\/uploads\/2021\/09\/farben-iphone-13_1500-500x246.jpg 500w, https:\/\/images.iphone-ticker.de\/wp-content\/uploads\/2021\/09\/farben-iphone-13_1500.jpg 1294w\" sizes=\"auto, (max-width: 700px) 100vw, 700px\" \/><\/a><\/p>\n<h2>Speichergr\u00f6\u00dfen<\/h2>\n<p>In Sachen Speicher hat Apples neu sortiertes Angebot f\u00fcr eine g\u00e4nzlich andere Verteilung als im letzten Jahr gesorgt. So ist das iPhone 13 Pro in diesem Jahr erstmals in vier Speichervarianten verf\u00fcgbar. Die kleinen Modelle starten nicht mehr mit 64 GB sondern bei 128 GB. Entsprechend will sich die Mehrheit der iPhone 13 mini- und iPhone 13-K\u00e4ufer mit dem Basismodell vergn\u00fcgen. Bei den Pro-Ger\u00e4ten ist die Option mit 256 GB mit Abstand die beliebteste.<\/p>\n<p><a href=\"https:\/\/images.iphone-ticker.de\/wp-content\/uploads\/2021\/09\/speichergroessen.jpg\"><img loading=\"lazy\" decoding=\"async\" class=\"aligncenter size-large wp-image-179832\" src=\"https:\/\/images.iphone-ticker.de\/wp-content\/uploads\/2021\/09\/speichergroessen-700x295.jpg\" alt=\"Speichergroessen\" width=\"700\" height=\"295\" srcset=\"https:\/\/images.iphone-ticker.de\/wp-content\/uploads\/2021\/09\/speichergroessen-700x295.jpg 700w, https:\/\/images.iphone-ticker.de\/wp-content\/uploads\/2021\/09\/speichergroessen-500x211.jpg 500w, https:\/\/images.iphone-ticker.de\/wp-content\/uploads\/2021\/09\/speichergroessen-1536x647.jpg 1536w, https:\/\/images.iphone-ticker.de\/wp-content\/uploads\/2021\/09\/speichergroessen.jpg 1558w\" sizes=\"auto, (max-width: 700px) 100vw, 700px\" \/><\/a><\/p>\n<h2>iPhone 13: Das sind eure Top-10<\/h2>\n<ul>\n<li>Platz 1: iPhone 13 Pro &#8211; 256GB &#8211; Graphit (1269 Euro)<\/li>\n<li>Platz 2: iPhone 13 Pro &#8211; 256GB &#8211; Sierrablau (1269 Euro)<\/li>\n<li>Platz 3: iPhone 13 Pro Max &#8211; 256GB &#8211; Sierrablau (1369 Euro)<\/li>\n<li>Platz 4: iPhone 13 Pro Max &#8211; 256GB &#8211; Graphit (1369 Euro)<\/li>\n<li>Platz 5: iPhone 13 Pro &#8211; 128GB &#8211; Graphit (1149 Euro)<\/li>\n<li>Platz 6: iPhone 13 Pro &#8211; 128GB &#8211; Sierrablau (1149 Euro)<\/li>\n<li>Platz 7: iPhone 13 Pro &#8211; 256GB &#8211; Silber (1269 Euro)<\/li>\n<li>Platz 8: iPhone 13 Pro Max &#8211; 128GB &#8211; Sierrablau (1249 Euro)<\/li>\n<li>Platz 9: iPhone 13 &#8211; 128GB &#8211; Mitternacht (899 Euro)<\/li>\n<li>Platz 10: iPhone 13 Pro Max &#8211; 512GB &#8211; Sierrablau (1599 Euro)<\/li>\n<\/ul>\n<script>\r\n  function open_amazon(link) {\r\n    if (navigator.userAgent.indexOf(\"Firefox\") != -1) {\r\n      window.open(link, '_blank');\r\n    } else {\r\n      var tag = document.createElement('a');\r\n      tag.setAttribute('href', link);\r\n      tag.innerHTML = \"amzn\";\r\n      tag.click();\r\n    }\r\n  }\r\n<\/script>\r\n    <div id=\"article-single-amazon-preview\" onclick=\"return open_amazon('https:\/\/www.amazon.de\/dp\/B09G98X7GV?tag=musicweb02&linkCode=ogi&th=1&psc=1');\">\n  <div id=\"article-single-amazon-preview-header\">\n    <span class=\"title\">Produkthinweis<\/span>\n      <\/div>\n  <div id=\"article-single-amazon-preview-content\">\n    <div id=\"article-single-amazon-preview-img\" style=\"background: url('https:\/\/m.media-amazon.com\/images\/I\/41E+qz3VOoL.jpg') center center no-repeat; background-size: cover;\"><\/div>\n    <div id=\"article-single-amazon-preview-desc\">\n      <span class=\"bezeichnung\"><a href=\"https:\/\/www.amazon.de\/dp\/B09G98X7GV?tag=musicweb02&linkCode=ogi&th=1&psc=1\" style=\"text-decoration: none; border-bottom: 0px; box-shadow: none;\">Apple iPhone 13 Pro (128 GB) - Sierrablau<\/a><\/span>\n      <span class=\"preis--aktuell\">Zum iPhone 13 Pro<\/span>\n      <span class=\"preis--alt\"><\/span>\n    <\/div>\n  <\/div>\n<\/div>\n<p><img loading=\"lazy\" decoding=\"async\" src=\"https:\/\/vg07.met.vgwort.de\/na\/c1fd0ab486ba41a587661befef0573be\" width=\"1\" height=\"1\" no-lazy class=\"tracking\"><\/p>\n","protected":false},"excerpt":{"rendered":"<a href=\"https:\/\/www.iphone-ticker.de\/ergebnisse-der-iphone-umfrage-2021-die-beliebtesten-modelle-farben-und-speicher-179828\/\"><img width=\"150\" height=\"150\" src=\"https:\/\/images.iphone-ticker.de\/wp-content\/uploads\/2021\/09\/iphone-13-feature-2-150x150.jpg\" class=\"alignright tfe wp-post-image\" alt=\"Iphone 13 Feature\" decoding=\"async\" loading=\"lazy\" \/><\/a><p>Wenige Stunden nach dem Start unserer iPhone-Umfrage 2021 beenden wir den demoskopischen Ausflug jetzt mit etwas mehr als 10.000 abgegebenen Stimmen und Widmen uns kurz vor dem Start der Vorbestellungen im Apple Online Store und im offiziellen Apple-Bereich amazon.de den wichtigsten Erkenntnissen. Wieder eingependelt hat sich in diesem Jahr das Kaufinteresse. Nachdem im vergangenen Jahr [&hellip;]<\/p>\n","protected":false},"author":1,"featured_media":179833,"comment_status":"open","ping_status":"closed","sticky":false,"template":"","format":"standard","meta":{"footnotes":""},"categories":[1,1975],"tags":[5510,342,1659],"class_list":["post-179828","post","type-post","status-publish","format-standard","has-post-thumbnail","hentry","category-news","category-feature","tag-iphone-13","tag-umfrage","tag-vorbestellungen"],"aioseo_notices":[],"subheadline":["Das sind eure Top 10"],"featured_image":["https:\/\/images.iphone-ticker.de\/wp-content\/uploads\/2021\/09\/iphone-13-feature-2.jpg"],"rest_api_enabler":{"subheadline":"Das sind eure Top 10","featured_image":"https:\/\/images.iphone-ticker.de\/wp-content\/uploads\/2021\/09\/iphone-13-feature-2.jpg"},"_links":{"self":[{"href":"https:\/\/www.iphone-ticker.de\/apiv2\/wp\/v2\/posts\/179828","targetHints":{"allow":["GET"]}}],"collection":[{"href":"https:\/\/www.iphone-ticker.de\/apiv2\/wp\/v2\/posts"}],"about":[{"href":"https:\/\/www.iphone-ticker.de\/apiv2\/wp\/v2\/types\/post"}],"author":[{"embeddable":true,"href":"https:\/\/www.iphone-ticker.de\/apiv2\/wp\/v2\/users\/1"}],"replies":[{"embeddable":true,"href":"https:\/\/www.iphone-ticker.de\/apiv2\/wp\/v2\/comments?post=179828"}],"version-history":[{"count":4,"href":"https:\/\/www.iphone-ticker.de\/apiv2\/wp\/v2\/posts\/179828\/revisions"}],"predecessor-version":[{"id":179837,"href":"https:\/\/www.iphone-ticker.de\/apiv2\/wp\/v2\/posts\/179828\/revisions\/179837"}],"wp:featuredmedia":[{"embeddable":true,"href":"https:\/\/www.iphone-ticker.de\/apiv2\/wp\/v2\/media\/179833"}],"wp:attachment":[{"href":"https:\/\/www.iphone-ticker.de\/apiv2\/wp\/v2\/media?parent=179828"}],"wp:term":[{"taxonomy":"category","embeddable":true,"href":"https:\/\/www.iphone-ticker.de\/apiv2\/wp\/v2\/categories?post=179828"},{"taxonomy":"post_tag","embeddable":true,"href":"https:\/\/www.iphone-ticker.de\/apiv2\/wp\/v2\/tags?post=179828"}],"curies":[{"name":"wp","href":"https:\/\/api.w.org\/{rel}","templated":true}]}}