{"id":179534,"date":"2021-09-14T20:16:38","date_gmt":"2021-09-14T18:16:38","guid":{"rendered":"https:\/\/www.iphone-ticker.de\/?p=179534"},"modified":"2021-09-15T10:22:09","modified_gmt":"2021-09-15T08:22:09","slug":"iphone-13-pro-und-iphone-13-pro-max-groesserer-akku-und-bis-zu-1-tb-speicher","status":"publish","type":"post","link":"https:\/\/www.iphone-ticker.de\/iphone-13-pro-und-iphone-13-pro-max-groesserer-akku-und-bis-zu-1-tb-speicher-179534\/","title":{"rendered":"iPhone 13 Pro und iPhone 13 Pro Max: Gr\u00f6\u00dferer Akku und bis zu 1 TB"},"content":{"rendered":"<p>Dass man sich von Apple dieser Tage nicht mehr \u00fcberraschen lassen muss, was die Vorstellung der neuen iPhone-Modelle angeht, macht die glanzvolle Choreografie der Produktpr\u00e4sentationen zwar etwas unaufregender, die gro\u00dfen Investitionen, die mit dem Sprung auf ein neues iPhone-Modell aber fraglos einhergehen, daf\u00fcr jedoch deutlich planbarer.<\/p>\n<p><a href=\"https:\/\/images.iphone-ticker.de\/wp-content\/uploads\/2021\/09\/iphone-13-pro-kamera.jpg\"><img loading=\"lazy\" decoding=\"async\" class=\"aligncenter size-medium wp-image-179639\" src=\"https:\/\/images.iphone-ticker.de\/wp-content\/uploads\/2021\/09\/iphone-13-pro-kamera-500x359.jpg\" alt=\"Iphone 13 Pro Kamera\" width=\"500\" height=\"359\" srcset=\"https:\/\/images.iphone-ticker.de\/wp-content\/uploads\/2021\/09\/iphone-13-pro-kamera-500x359.jpg 500w, https:\/\/images.iphone-ticker.de\/wp-content\/uploads\/2021\/09\/iphone-13-pro-kamera-700x503.jpg 700w, https:\/\/images.iphone-ticker.de\/wp-content\/uploads\/2021\/09\/iphone-13-pro-kamera.jpg 1185w\" sizes=\"auto, (max-width: 500px) 100vw, 500px\" \/><\/a><\/p>\n<p>So stand schon seit Wochen weder zur Debatte, dass Apple heute das iPhone 13 pr\u00e4sentieren w\u00fcrde, noch war strittig das es wieder eine Premium-Variante mit dem Zusatz &#8222;Pro&#8220; im Namen geben w\u00fcrde. Seit wenigen Minuten sind das <a href=\"https:\/\/www.apple.com\/de\/iphone-13-pro\/\">iPhone 13 Pro und das iPhone 13 Pro Max<\/a> nun offiziell.<\/p>\n<p>Ebenso steht fest, was das Herz der neuen Ger\u00e4te sein wird (gleichfalls ein sicherer Wetteinsatz): Der A15 Bionic-Chip bringt es auf beachtliche 6 Kerne und eine um 50% schnellere Grafik-Performance und unterscheidet sich wie schon im letzten Jahr nicht von dem zentralen Logikbaustein, der seinen Dienst in den g\u00fcnstigeren iPhone 13-Modellen verrichtet.<\/p>\n<h2>Kamera: Makrofotos und dreifach optischer Zoom<\/h2>\n<p>F\u00fcr Differenzierung in der Profiklasse sorgt auch in diesem Jahr wieder ein deutlich kraftvolleres Kamera-Modul. Mit bis zu 92 % mehr Lichtaufnahme, schnelleren Verschlusszeiten und einer verbesserten Telefoto-Linse mit einem optischen Zoom von 3x . Neu ist zudem die Unterst\u00fctzung von Makrofotos, die Detail-Bilder und Nahaufnahmen aus Entfernungen von gerade mal 2,5 cm m\u00f6glich machen soll.<\/p>\n<p><a href=\"https:\/\/images.iphone-ticker.de\/wp-content\/uploads\/2021\/09\/iphone-13-pro-cinematic-mode.jpg\"><img loading=\"lazy\" decoding=\"async\" src=\"https:\/\/images.iphone-ticker.de\/wp-content\/uploads\/2021\/09\/iphone-13-pro-cinematic-mode-700x355.jpg\" alt=\"Iphone 13 Pro Cinematic Mode\" width=\"700\" height=\"355\" class=\"aligncenter size-large wp-image-179642\" srcset=\"https:\/\/images.iphone-ticker.de\/wp-content\/uploads\/2021\/09\/iphone-13-pro-cinematic-mode-700x355.jpg 700w, https:\/\/images.iphone-ticker.de\/wp-content\/uploads\/2021\/09\/iphone-13-pro-cinematic-mode-500x254.jpg 500w, https:\/\/images.iphone-ticker.de\/wp-content\/uploads\/2021\/09\/iphone-13-pro-cinematic-mode.jpg 1227w\" sizes=\"auto, (max-width: 700px) 100vw, 700px\" \/><\/a><\/p>\n<p>Die neue Farb-Funktion &#8222;Styles&#8220; l\u00e4sst das Anwenden personalisierter Voreinstellungen w\u00e4hrend der Aufnahme zu.<\/p>\n<h2>Display: Jetzt mit &#8222;Pro Motion&#8220;<\/h2>\n<p>Die Displays der teureren Ger\u00e4te unterscheiden sich zum Vorg\u00e4nger durch ein um 20 % kleineres Kamera-System, das den Pixeln des OLED-Panel mehr Platz l\u00e4sst und die &#8222;Pro Motion&#8220;-Funktion integriert, mit der Bildwiederholraten von bis zu 120 Hz erm\u00f6glicht. Zum Stromsparen kann die Bildwiederholrate zudem auf bis zu 15 Hz gedrosselt werden, wenn auf dem Display nur wenig passiert.<\/p>\n<p><a href=\"https:\/\/images.iphone-ticker.de\/wp-content\/uploads\/2021\/09\/iphone-13-pro-kamera-1.jpg\"><img loading=\"lazy\" decoding=\"async\" src=\"https:\/\/images.iphone-ticker.de\/wp-content\/uploads\/2021\/09\/iphone-13-pro-kamera-1-700x390.jpg\" alt=\"Iphone 13 Pro Kamera\" width=\"700\" height=\"390\" class=\"aligncenter size-large wp-image-179643\" srcset=\"https:\/\/images.iphone-ticker.de\/wp-content\/uploads\/2021\/09\/iphone-13-pro-kamera-1-700x390.jpg 700w, https:\/\/images.iphone-ticker.de\/wp-content\/uploads\/2021\/09\/iphone-13-pro-kamera-1-500x279.jpg 500w, https:\/\/images.iphone-ticker.de\/wp-content\/uploads\/2021\/09\/iphone-13-pro-kamera-1-1536x856.jpg 1536w, https:\/\/images.iphone-ticker.de\/wp-content\/uploads\/2021\/09\/iphone-13-pro-kamera-1.jpg 1615w\" sizes=\"auto, (max-width: 700px) 100vw, 700px\" \/><\/a><\/p>\n<h2>Akku: 150 Minuten l\u00e4nger<\/h2>\n<p>Dank der Effizienz des neuen A15 Bionic und des gr\u00f6\u00dferen Akkus sollen die neuen Ger\u00e4te im Alltag 90 bzw. 150 Minuten l\u00e4nger durchhalten<\/p>\n<h2>Speicher: Bis zu 1 TB<\/h2>\n<p>In Sachen Speicher kennt das diesj\u00e4hrige iPhone 13 Pro fortan vier Kapazit\u00e4tsklassen. W\u00e4hrend das iPhone 12 Pro noch mit 128 GB, 256 GB und 512 GB angeboten wurde, wird das iPhone 13 Pro fortan mit den vier Kapazit\u00e4tsklassen 128 GB, 256 GB, 512 GB und 1 TB \u00fcber den Tresen gereicht. Mehr Platz f\u00fcr Fotos und ein weiteres Kaufargument f\u00fcr zus\u00e4tzlichen iCloud-Speicher.<br \/>\n<img loading=\"lazy\" decoding=\"async\" class=\"aligncenter size-large wp-image-179636\" src=\"https:\/\/images.iphone-ticker.de\/wp-content\/uploads\/2021\/09\/iphone-13-pro-farben-700x397.jpg\" alt=\"Iphone 13 Pro Farben\" width=\"700\" height=\"397\" srcset=\"https:\/\/images.iphone-ticker.de\/wp-content\/uploads\/2021\/09\/iphone-13-pro-farben-700x397.jpg 700w, https:\/\/images.iphone-ticker.de\/wp-content\/uploads\/2021\/09\/iphone-13-pro-farben-500x284.jpg 500w, https:\/\/images.iphone-ticker.de\/wp-content\/uploads\/2021\/09\/iphone-13-pro-farben-1536x871.jpg 1536w, https:\/\/images.iphone-ticker.de\/wp-content\/uploads\/2021\/09\/iphone-13-pro-farben.jpg 1582w\" sizes=\"auto, (max-width: 700px) 100vw, 700px\" \/><\/p>\n<h2>Farbe: &#8222;Sierra Blue&#8220;<\/h2>\n<p>F\u00fcr die Premium-Farbe hat sich Apple bei der diesj\u00e4hrigen Pro-Generation nach &#8222;Midnight Green&#8220; (beim iPhone 11 Pro) und &#8222;Pacific Blue&#8220; (beim iPhone 12) in diesem Herbst f\u00fcr &#8222;Sierra Blue&#8220; entschieden. Damit ist das neue Modell in Graphit, Gold, Silber und in Sierrablau erh\u00e4ltlich.<\/p>\n<p>Apple nimmt ab Freitag, dem 17. September ab 14 Uhr erste Vorbestellungen entgegen. Die Auslieferung erfolgt dann ab 24. September. Das iPhone 13 Pro startet zu Preisen ab 1.149 Euro, das iPhone 13 Pro Max ab 1.249 Euro. <\/p>\n<p><img loading=\"lazy\" decoding=\"async\" class=\"tracking\" src=\"https:\/\/vg07.met.vgwort.de\/na\/74cdd38f94fa4604853b08b9a3cdc0a6\" width=\"1\" height=\"1\" \/><\/p>\n","protected":false},"excerpt":{"rendered":"<a href=\"https:\/\/www.iphone-ticker.de\/iphone-13-pro-und-iphone-13-pro-max-groesserer-akku-und-bis-zu-1-tb-speicher-179534\/\"><img width=\"150\" height=\"150\" src=\"https:\/\/images.iphone-ticker.de\/wp-content\/uploads\/2021\/09\/iphone-13-pro-kamera-150x150.jpg\" class=\"alignright tfe wp-post-image\" alt=\"Iphone 13 Pro Kamera\" decoding=\"async\" loading=\"lazy\" \/><\/a><p>Dass man sich von Apple dieser Tage nicht mehr \u00fcberraschen lassen muss, was die Vorstellung der neuen iPhone-Modelle angeht, macht die glanzvolle Choreografie der Produktpr\u00e4sentationen zwar etwas unaufregender, die gro\u00dfen Investitionen, die mit dem Sprung auf ein neues iPhone-Modell aber fraglos einhergehen, daf\u00fcr jedoch deutlich planbarer. So stand schon seit Wochen weder zur Debatte, dass [&hellip;]<\/p>\n","protected":false},"author":1,"featured_media":179639,"comment_status":"open","ping_status":"closed","sticky":false,"template":"","format":"standard","meta":{"footnotes":""},"categories":[1,1975],"tags":[5510,5790],"class_list":["post-179534","post","type-post","status-publish","format-standard","has-post-thumbnail","hentry","category-news","category-feature","tag-iphone-13","tag-iphone-13-pro"],"aioseo_notices":[],"featured_image":["https:\/\/images.iphone-ticker.de\/wp-content\/uploads\/2021\/09\/iphone-13-pro-feature.jpg"],"subheadline":["Keine neuen AirPods"],"rest_api_enabler":{"featured_image":"https:\/\/images.iphone-ticker.de\/wp-content\/uploads\/2021\/09\/iphone-13-pro-feature.jpg","subheadline":"Keine neuen AirPods"},"_links":{"self":[{"href":"https:\/\/www.iphone-ticker.de\/apiv2\/wp\/v2\/posts\/179534","targetHints":{"allow":["GET"]}}],"collection":[{"href":"https:\/\/www.iphone-ticker.de\/apiv2\/wp\/v2\/posts"}],"about":[{"href":"https:\/\/www.iphone-ticker.de\/apiv2\/wp\/v2\/types\/post"}],"author":[{"embeddable":true,"href":"https:\/\/www.iphone-ticker.de\/apiv2\/wp\/v2\/users\/1"}],"replies":[{"embeddable":true,"href":"https:\/\/www.iphone-ticker.de\/apiv2\/wp\/v2\/comments?post=179534"}],"version-history":[{"count":14,"href":"https:\/\/www.iphone-ticker.de\/apiv2\/wp\/v2\/posts\/179534\/revisions"}],"predecessor-version":[{"id":179711,"href":"https:\/\/www.iphone-ticker.de\/apiv2\/wp\/v2\/posts\/179534\/revisions\/179711"}],"wp:featuredmedia":[{"embeddable":true,"href":"https:\/\/www.iphone-ticker.de\/apiv2\/wp\/v2\/media\/179639"}],"wp:attachment":[{"href":"https:\/\/www.iphone-ticker.de\/apiv2\/wp\/v2\/media?parent=179534"}],"wp:term":[{"taxonomy":"category","embeddable":true,"href":"https:\/\/www.iphone-ticker.de\/apiv2\/wp\/v2\/categories?post=179534"},{"taxonomy":"post_tag","embeddable":true,"href":"https:\/\/www.iphone-ticker.de\/apiv2\/wp\/v2\/tags?post=179534"}],"curies":[{"name":"wp","href":"https:\/\/api.w.org\/{rel}","templated":true}]}}