{"id":179522,"date":"2021-09-13T15:42:09","date_gmt":"2021-09-13T13:42:09","guid":{"rendered":"https:\/\/www.iphone-ticker.de\/?p=179522"},"modified":"2021-09-13T15:42:09","modified_gmt":"2021-09-13T13:42:09","slug":"apples-huellen-fuer-das-iphone-13-twitter-foto-zeigt-die-neuen-farben","status":"publish","type":"post","link":"https:\/\/www.iphone-ticker.de\/apples-huellen-fuer-das-iphone-13-twitter-foto-zeigt-die-neuen-farben-179522\/","title":{"rendered":"Apples H\u00fcllen f\u00fcr das iPhone 13: Twitter-Foto zeigt die neuen Farben"},"content":{"rendered":"<p>Im Vorfeld der morgigen iPhone-Pr\u00e4sentation bekommen wir ein erstes Foto zu sehen, auf dem die morgen wohl gemeinsam mit dem iPhone 13 vorgestellten neuen H\u00fcllenfarben von Apple zu sehen sind. Auch wenn nicht gesichert ist, dass es sich hierbei tats\u00e4chlich um Aufnahmen der kommenden Silikon-H\u00fcllen von Apple handelt, sind wir guter Dinge und gehen von der Authentizit\u00e4t der Twitter-Ver\u00f6ffentlichung aus.<\/p>\n<blockquote class=\"twitter-tweet\">\n<p lang=\"en\" dir=\"ltr\">iPhone 13 Case Lineup Colors <a href=\"https:\/\/twitter.com\/hashtag\/Apple?src=hash&amp;ref_src=twsrc%5Etfw\">#Apple<\/a> <a href=\"https:\/\/twitter.com\/hashtag\/iPhone13?src=hash&amp;ref_src=twsrc%5Etfw\">#iPhone13<\/a> <a href=\"https:\/\/t.co\/jXrRqLhUmd\">pic.twitter.com\/jXrRqLhUmd<\/a><\/p>\n<p>&mdash; Majin Bu  (@MajinBuOfficial) <a href=\"https:\/\/twitter.com\/MajinBuOfficial\/status\/1436954769462018051?ref_src=twsrc%5Etfw\">September 12, 2021<\/a><\/p><\/blockquote>\n<p> <script async src=\"https:\/\/platform.twitter.com\/widgets.js\" charset=\"utf-8\"><\/script><\/p>\n<p>Dementsprechend d\u00fcrfen wir uns auf eine Auswahl an etwas intensiveren Farbt\u00f6nen freuen, als dies <a href=\"https:\/\/apple.sjv.io\/5bn542\">aktuell<\/a> bei Apple der Fall ist. Auch lie\u00dfe sich die Ver\u00f6ffentlichung als Best\u00e4tigung daf\u00fcr sehen, dass Apple das iPhone 13 tats\u00e4chlich <a href=\"https:\/\/www.iphone-ticker.de\/vor-dem-event-neue-iphone-farben-und-bessere-akkus-bei-airpods-und-apple-watch-179423\/\" title=\"iPhone 13 mit neuen Farben und bessere Akkus bei AirPods und Apple Watch?\">auch in Pink<\/a> anbieten wird.<\/p>\n<p><a href=\"https:\/\/images.iphone-ticker.de\/wp-content\/uploads\/2021\/09\/iphone-13-huellen-farben.jpg\"><img loading=\"lazy\" decoding=\"async\" src=\"https:\/\/images.iphone-ticker.de\/wp-content\/uploads\/2021\/09\/iphone-13-huellen-farben-700x700.jpg\" alt=\"Iphone 13 Huellen Farben\" width=\"700\" height=\"700\" class=\"alignnone size-large wp-image-179523\" srcset=\"https:\/\/images.iphone-ticker.de\/wp-content\/uploads\/2021\/09\/iphone-13-huellen-farben-700x700.jpg 700w, https:\/\/images.iphone-ticker.de\/wp-content\/uploads\/2021\/09\/iphone-13-huellen-farben-500x500.jpg 500w, https:\/\/images.iphone-ticker.de\/wp-content\/uploads\/2021\/09\/iphone-13-huellen-farben-150x150.jpg 150w, https:\/\/images.iphone-ticker.de\/wp-content\/uploads\/2021\/09\/iphone-13-huellen-farben.jpg 1284w\" sizes=\"auto, (max-width: 700px) 100vw, 700px\" \/><\/a><\/p>\n<p>Vergangene Woche war bereits die Rede davon, dass Apple Bronze und Pink als neue Farbvarianten f\u00fcr das iPhone 13 ausgew\u00e4hlt hat. Bronze soll bei den Pro-Modellen das Pazifikblau ersetzen und Pink w\u00fcrde beim \u201eeinfachen\u201c iPhone 13 anstelle von Gr\u00fcn treten.<\/p>\n","protected":false},"excerpt":{"rendered":"<a href=\"https:\/\/www.iphone-ticker.de\/apples-huellen-fuer-das-iphone-13-twitter-foto-zeigt-die-neuen-farben-179522\/\"><img width=\"150\" height=\"150\" src=\"https:\/\/images.iphone-ticker.de\/wp-content\/uploads\/2021\/09\/farben-apple-silikon-huellen-iphone-13-150x150.jpg\" class=\"alignright tfe wp-post-image\" alt=\"Farben Apple Silikon Huellen Iphone 13\" decoding=\"async\" loading=\"lazy\" \/><\/a><p>Im Vorfeld der morgigen iPhone-Pr\u00e4sentation bekommen wir ein erstes Foto zu sehen, auf dem die morgen wohl gemeinsam mit dem iPhone 13 vorgestellten neuen H\u00fcllenfarben von Apple zu sehen sind. Auch wenn nicht gesichert ist, dass es sich hierbei tats\u00e4chlich um Aufnahmen der kommenden Silikon-H\u00fcllen von Apple handelt, sind wir guter Dinge und gehen von [&hellip;]<\/p>\n","protected":false},"author":2,"featured_media":179524,"comment_status":"open","ping_status":"closed","sticky":false,"template":"","format":"standard","meta":{"footnotes":""},"categories":[749],"tags":[21,1710,5510],"class_list":["post-179522","post","type-post","status-publish","format-standard","has-post-thumbnail","hentry","category-iphone-2","tag-case","tag-farben","tag-iphone-13"],"aioseo_notices":[],"featured_image":["https:\/\/images.iphone-ticker.de\/wp-content\/uploads\/2021\/09\/farben-apple-silikon-huellen-iphone-13.jpg"],"subheadline":["So wird's wohl kommen"],"rest_api_enabler":{"featured_image":"https:\/\/images.iphone-ticker.de\/wp-content\/uploads\/2021\/09\/farben-apple-silikon-huellen-iphone-13.jpg","subheadline":"So wird's wohl kommen"},"_links":{"self":[{"href":"https:\/\/www.iphone-ticker.de\/apiv2\/wp\/v2\/posts\/179522","targetHints":{"allow":["GET"]}}],"collection":[{"href":"https:\/\/www.iphone-ticker.de\/apiv2\/wp\/v2\/posts"}],"about":[{"href":"https:\/\/www.iphone-ticker.de\/apiv2\/wp\/v2\/types\/post"}],"author":[{"embeddable":true,"href":"https:\/\/www.iphone-ticker.de\/apiv2\/wp\/v2\/users\/2"}],"replies":[{"embeddable":true,"href":"https:\/\/www.iphone-ticker.de\/apiv2\/wp\/v2\/comments?post=179522"}],"version-history":[{"count":1,"href":"https:\/\/www.iphone-ticker.de\/apiv2\/wp\/v2\/posts\/179522\/revisions"}],"predecessor-version":[{"id":179525,"href":"https:\/\/www.iphone-ticker.de\/apiv2\/wp\/v2\/posts\/179522\/revisions\/179525"}],"wp:featuredmedia":[{"embeddable":true,"href":"https:\/\/www.iphone-ticker.de\/apiv2\/wp\/v2\/media\/179524"}],"wp:attachment":[{"href":"https:\/\/www.iphone-ticker.de\/apiv2\/wp\/v2\/media?parent=179522"}],"wp:term":[{"taxonomy":"category","embeddable":true,"href":"https:\/\/www.iphone-ticker.de\/apiv2\/wp\/v2\/categories?post=179522"},{"taxonomy":"post_tag","embeddable":true,"href":"https:\/\/www.iphone-ticker.de\/apiv2\/wp\/v2\/tags?post=179522"}],"curies":[{"name":"wp","href":"https:\/\/api.w.org\/{rel}","templated":true}]}}