{"id":178843,"date":"2021-08-26T19:41:23","date_gmt":"2021-08-26T17:41:23","guid":{"rendered":"https:\/\/www.iphone-ticker.de\/?p=178843"},"modified":"2021-08-26T19:41:23","modified_gmt":"2021-08-26T17:41:23","slug":"3g-abschaltung-bei-o2-laeuft-schneller-als-geplant","status":"publish","type":"post","link":"https:\/\/www.iphone-ticker.de\/3g-abschaltung-bei-o2-laeuft-schneller-als-geplant-178843\/","title":{"rendered":"3G-Abschaltung bei O2 l\u00e4uft schneller als geplant"},"content":{"rendered":"<p>O2 kommt mit der 3G-Abschaltung schneller voran als geplant. Anstatt erst zum Jahresende, soll ein Gro\u00dfteil der 3G-Standorte der Telef\u00f3nica-Tochter bereits im September auf 4G umger\u00fcstet werden. F\u00fcr Kunden des Anbieters bedeutet dies im besten Fall h\u00f6here Surfgeschwindigkeiten und bessere Sprachqualit\u00e4t.<\/p>\n<p>O2 ist eigenen Angaben zufolge dem im Juni kommunizierten <a href=\"https:\/\/www.iphone-ticker.de\/3g-abschaltung-o2-startet-am-1-juli-175377\/\">Zeitplan<\/a> deutlich voraus. So habe man jetzt schon rund ein Drittel des Netzes erfolgreich umgestellt und wolle im September jene Regionen von 3G auf 4G umstellen, die urspr\u00fcnglich erst im November an die Reihe kommen sollten. In den verbleibenden Wochen bis zum Jahresende st\u00fcnden dann nur noch einzelne Standorte auf dem Plan.<\/p>\n<p><a href=\"https:\/\/images.iphone-ticker.de\/wp-content\/uploads\/2021\/08\/o2-3g-abschaltung-september-2021.jpg\"><img loading=\"lazy\" decoding=\"async\" src=\"https:\/\/images.iphone-ticker.de\/wp-content\/uploads\/2021\/08\/o2-3g-abschaltung-september-2021-700x394.jpg\" alt=\"O2 3g Abschaltung September 2021\" width=\"700\" height=\"394\" class=\"alignnone size-large wp-image-178845\" srcset=\"https:\/\/images.iphone-ticker.de\/wp-content\/uploads\/2021\/08\/o2-3g-abschaltung-september-2021-700x394.jpg 700w, https:\/\/images.iphone-ticker.de\/wp-content\/uploads\/2021\/08\/o2-3g-abschaltung-september-2021-500x281.jpg 500w, https:\/\/images.iphone-ticker.de\/wp-content\/uploads\/2021\/08\/o2-3g-abschaltung-september-2021.jpg 1280w\" sizes=\"auto, (max-width: 700px) 100vw, 700px\" \/><\/a><\/p>\n<p>O2 verspricht sich im Zusammenhang mit der Umstellung eine merklich erh\u00f6hte Netzleistung mit h\u00f6heren Datenraten, mehr Kapazit\u00e4ten und besserer Sprachqualit\u00e4t. Mit dem passenden Tarif k\u00f6nnen Kunden \u00fcber 4G mit bis zu 225 Mbit\/s anstelle von bislang maximal 42,2 Mbit\/s \u00fcber 3G surfen.<\/p>\n<h2>O2-Netz 30 Tage lang kostenlos testen<\/h2>\n<p>Passend dazu hat O2 seine <a href=\"https:\/\/www.o2online.de\/e-shop\/tarif\/netz\/o2-testkarte\">Testkarten-Aktion<\/a> verl\u00e4ngert. Noch bis zum 6. September haben Nutzer die M\u00f6glichkeit, das O2-Netz 30 Tage lang kostenlos und unverbindlich zu testen. Eine Allnet-Flat und unbegrenztes Datenvolumen sind dabei inklusive, wobei sich der Tarif auch f\u00fcr die reine Datennutzung zum Beispiel im iPad eignet.<\/p>\n<p>Die daf\u00fcr ben\u00f6tigte SIM-Karte gibt es kostenlos und ihr m\u00fcsst euch auch nicht um K\u00fcndigungsfristen k\u00fcmmern, der Tarif endet nach Ablauf der 30 Tage automatisch. Weiterf\u00fchrende Infos zum Angebot findet ihr <a href=\"https:\/\/www.o2online.de\/e-shop\/tarif\/netz\/o2-testkarte\">hier bei O2<\/a>.<\/p>\n","protected":false},"excerpt":{"rendered":"<a href=\"https:\/\/www.iphone-ticker.de\/3g-abschaltung-bei-o2-laeuft-schneller-als-geplant-178843\/\"><img width=\"150\" height=\"150\" src=\"https:\/\/images.iphone-ticker.de\/wp-content\/uploads\/2021\/08\/o2-3g-abschaltung-september-2021-150x150.jpg\" class=\"alignright tfe wp-post-image\" alt=\"O2 3g Abschaltung September 2021\" decoding=\"async\" loading=\"lazy\" \/><\/a><p>O2 kommt mit der 3G-Abschaltung schneller voran als geplant. Anstatt erst zum Jahresende, soll ein Gro\u00dfteil der 3G-Standorte der Telef\u00f3nica-Tochter bereits im September auf 4G umger\u00fcstet werden. F\u00fcr Kunden des Anbieters bedeutet dies im besten Fall h\u00f6here Surfgeschwindigkeiten und bessere Sprachqualit\u00e4t. O2 ist eigenen Angaben zufolge dem im Juni kommunizierten Zeitplan deutlich voraus. So habe [&hellip;]<\/p>\n","protected":false},"author":2,"featured_media":178845,"comment_status":"open","ping_status":"closed","sticky":false,"template":"","format":"standard","meta":{"footnotes":""},"categories":[1],"tags":[5761,5762,129],"class_list":["post-178843","post","type-post","status-publish","format-standard","has-post-thumbnail","hentry","category-news","tag-3g-abschaltung","tag-netzabdeckung","tag-o2"],"aioseo_notices":[],"subheadline":["Stattdessen besseres 4G-Netz"],"featured_image":["https:\/\/images.iphone-ticker.de\/wp-content\/uploads\/2021\/06\/o2-hallo-4g.jpg"],"rest_api_enabler":{"subheadline":"Stattdessen besseres 4G-Netz","featured_image":"https:\/\/images.iphone-ticker.de\/wp-content\/uploads\/2021\/06\/o2-hallo-4g.jpg"},"_links":{"self":[{"href":"https:\/\/www.iphone-ticker.de\/apiv2\/wp\/v2\/posts\/178843","targetHints":{"allow":["GET"]}}],"collection":[{"href":"https:\/\/www.iphone-ticker.de\/apiv2\/wp\/v2\/posts"}],"about":[{"href":"https:\/\/www.iphone-ticker.de\/apiv2\/wp\/v2\/types\/post"}],"author":[{"embeddable":true,"href":"https:\/\/www.iphone-ticker.de\/apiv2\/wp\/v2\/users\/2"}],"replies":[{"embeddable":true,"href":"https:\/\/www.iphone-ticker.de\/apiv2\/wp\/v2\/comments?post=178843"}],"version-history":[{"count":2,"href":"https:\/\/www.iphone-ticker.de\/apiv2\/wp\/v2\/posts\/178843\/revisions"}],"predecessor-version":[{"id":178846,"href":"https:\/\/www.iphone-ticker.de\/apiv2\/wp\/v2\/posts\/178843\/revisions\/178846"}],"wp:featuredmedia":[{"embeddable":true,"href":"https:\/\/www.iphone-ticker.de\/apiv2\/wp\/v2\/media\/178845"}],"wp:attachment":[{"href":"https:\/\/www.iphone-ticker.de\/apiv2\/wp\/v2\/media?parent=178843"}],"wp:term":[{"taxonomy":"category","embeddable":true,"href":"https:\/\/www.iphone-ticker.de\/apiv2\/wp\/v2\/categories?post=178843"},{"taxonomy":"post_tag","embeddable":true,"href":"https:\/\/www.iphone-ticker.de\/apiv2\/wp\/v2\/tags?post=178843"}],"curies":[{"name":"wp","href":"https:\/\/api.w.org\/{rel}","templated":true}]}}