{"id":178441,"date":"2021-08-17T12:49:48","date_gmt":"2021-08-17T10:49:48","guid":{"rendered":"https:\/\/www.iphone-ticker.de\/?p=178441"},"modified":"2021-08-17T14:04:58","modified_gmt":"2021-08-17T12:04:58","slug":"iphone-13-14-september-als-erste-terminspekulation","status":"publish","type":"post","link":"https:\/\/www.iphone-ticker.de\/iphone-13-14-september-als-erste-terminspekulation-178441\/","title":{"rendered":"iPhone 13: Der 14. September als erste Terminspekulation"},"content":{"rendered":"<p>Ein wenig in der Glaskugel lesen ist dabei, doch scheint es nicht sonderlich unwahrscheinlich, dass Apple die iPhone-Vorstellung in diesem Jahr f\u00fcr die dritte Septemberwoche plant.<\/p>\n<p>Den Termin wirft dem Apple-Blog <a href=\"https:\/\/www.macrumors.com\/2021\/08\/17\/iphone-13-third-week-september-1tb\/\">MacRumors<\/a> zufolge ein US-Analyst ins Rennen und beruft sich dabei auf Informationen von Apple-Zulieferern. Die aktuellen Produktionszahlen und -planungen deuteten darauf hin, dass Apple die neuen iPhone-Modelle in diesem Jahr wieder wie gewohnt im September und ohne Versp\u00e4tung ank\u00fcndigen k\u00f6nne. Als wahrscheinlichster Termin f\u00fcr die Vorstellung des iPhone 13 wird damit verbunden die dritte Kalenderwoche und hier wohl der Dienstag, 14. September gehandelt.<\/p>\n<p><a href=\"https:\/\/images.iphone-ticker.de\/wp-content\/uploads\/2021\/08\/tim-cook-apple.jpg\"><img loading=\"lazy\" decoding=\"async\" src=\"https:\/\/images.iphone-ticker.de\/wp-content\/uploads\/2021\/08\/tim-cook-apple.jpg\" alt=\"Tim Cook Apple\" width=\"700\" height=\"378\" class=\"alignnone size-full wp-image-178443\" srcset=\"https:\/\/images.iphone-ticker.de\/wp-content\/uploads\/2021\/08\/tim-cook-apple.jpg 700w, https:\/\/images.iphone-ticker.de\/wp-content\/uploads\/2021\/08\/tim-cook-apple-500x270.jpg 500w\" sizes=\"auto, (max-width: 700px) 100vw, 700px\" \/><\/a><\/p>\n<p>Damit verbunden ist auch einmal mehr von einem iPhone mit bis zu 1 TB Speicher die Rede. Dergleichen ist ja auch schon seit l\u00e4ngerer Zeit in der Diskussion und fr\u00fcher oder sp\u00e4ter wird Apple diesen Schritt wohl gehen. Lassen wir uns \u00fcberraschen, ob es tats\u00e4chlich schon in diesem Jahr soweit ist.<\/p>\n<p>Aktuell gehen wir davon aus, dass Apple im September das <a href=\"https:\/\/www.iphone-ticker.de\/iphone-2021-neue-kamerafunktionen-sollen-kaufanreiz-schaffen-178177\/\" title=\"iPhone 2021: Neue Kamerafunktionen sollen Kaufanreiz schaffen\">iPhone 13 in vier neuen Varianten<\/a> vorstellt. F\u00fcr einen besonderen Kaufanreiz sollen neben einem schnelleren Prozessor auch neue Kamerafunktionen sorgen. Es wird zudem damit gerechnet, dass viele Nutzer \u00e4lterer Modelle in diesem Jahr auf ein mit 5G kompatibles Modell wechseln. Apple hat im vergangenen Jahr mit dem iPhone 12 erstmals ein Smartphone mit 5G-Unterst\u00fctzung ins Programm genommen.<\/p>\n","protected":false},"excerpt":{"rendered":"<a href=\"https:\/\/www.iphone-ticker.de\/iphone-13-14-september-als-erste-terminspekulation-178441\/\"><img width=\"150\" height=\"150\" src=\"https:\/\/images.iphone-ticker.de\/wp-content\/uploads\/2021\/08\/tim-cook-apple-150x150.jpg\" class=\"alignright tfe wp-post-image\" alt=\"Tim Cook Apple\" decoding=\"async\" loading=\"lazy\" \/><\/a><p>Ein wenig in der Glaskugel lesen ist dabei, doch scheint es nicht sonderlich unwahrscheinlich, dass Apple die iPhone-Vorstellung in diesem Jahr f\u00fcr die dritte Septemberwoche plant. Den Termin wirft dem Apple-Blog MacRumors zufolge ein US-Analyst ins Rennen und beruft sich dabei auf Informationen von Apple-Zulieferern. Die aktuellen Produktionszahlen und -planungen deuteten darauf hin, dass Apple [&hellip;]<\/p>\n","protected":false},"author":2,"featured_media":178443,"comment_status":"open","ping_status":"closed","sticky":false,"template":"","format":"standard","meta":{"footnotes":""},"categories":[749],"tags":[3912,5510],"class_list":["post-178441","post","type-post","status-publish","format-standard","has-post-thumbnail","hentry","category-iphone-2","tag-apple","tag-iphone-13"],"aioseo_notices":[],"subheadline":["Dieses Jahr wieder ohne Versp\u00e4tung?"],"featured_image":["https:\/\/images.iphone-ticker.de\/wp-content\/uploads\/2021\/06\/apple-iphone-kamera-header.jpg"],"rest_api_enabler":{"subheadline":"Dieses Jahr wieder ohne Versp\u00e4tung?","featured_image":"https:\/\/images.iphone-ticker.de\/wp-content\/uploads\/2021\/06\/apple-iphone-kamera-header.jpg"},"_links":{"self":[{"href":"https:\/\/www.iphone-ticker.de\/apiv2\/wp\/v2\/posts\/178441","targetHints":{"allow":["GET"]}}],"collection":[{"href":"https:\/\/www.iphone-ticker.de\/apiv2\/wp\/v2\/posts"}],"about":[{"href":"https:\/\/www.iphone-ticker.de\/apiv2\/wp\/v2\/types\/post"}],"author":[{"embeddable":true,"href":"https:\/\/www.iphone-ticker.de\/apiv2\/wp\/v2\/users\/2"}],"replies":[{"embeddable":true,"href":"https:\/\/www.iphone-ticker.de\/apiv2\/wp\/v2\/comments?post=178441"}],"version-history":[{"count":3,"href":"https:\/\/www.iphone-ticker.de\/apiv2\/wp\/v2\/posts\/178441\/revisions"}],"predecessor-version":[{"id":178445,"href":"https:\/\/www.iphone-ticker.de\/apiv2\/wp\/v2\/posts\/178441\/revisions\/178445"}],"wp:featuredmedia":[{"embeddable":true,"href":"https:\/\/www.iphone-ticker.de\/apiv2\/wp\/v2\/media\/178443"}],"wp:attachment":[{"href":"https:\/\/www.iphone-ticker.de\/apiv2\/wp\/v2\/media?parent=178441"}],"wp:term":[{"taxonomy":"category","embeddable":true,"href":"https:\/\/www.iphone-ticker.de\/apiv2\/wp\/v2\/categories?post=178441"},{"taxonomy":"post_tag","embeddable":true,"href":"https:\/\/www.iphone-ticker.de\/apiv2\/wp\/v2\/tags?post=178441"}],"curies":[{"name":"wp","href":"https:\/\/api.w.org\/{rel}","templated":true}]}}