{"id":177823,"date":"2021-08-03T09:43:43","date_gmt":"2021-08-03T07:43:43","guid":{"rendered":"https:\/\/www.iphone-ticker.de\/?p=177823"},"modified":"2021-08-03T09:43:43","modified_gmt":"2021-08-03T07:43:43","slug":"arlo-krempelt-seine-abo-angebote-um-etwas-teurer-mehr-kameras","status":"publish","type":"post","link":"https:\/\/www.iphone-ticker.de\/arlo-krempelt-seine-abo-angebote-um-etwas-teurer-mehr-kameras-177823\/","title":{"rendered":"Arlo krempelt seine Abo-Angebote um: Etwas teurer, mehr Kameras"},"content":{"rendered":"<p>Die Sicherheitskameras von <a href=\"https:\/\/www.arlo.com\">Arlo<\/a> d\u00fcrften dem Gro\u00dfteil unserer Leser bekannt sein. Der Netgear-Ableger hat zuletzt eine <a href=\"https:\/\/www.iphone-ticker.de\/arlo-bringt-seine-drahtlose-video-tuerklingel-nach-deutschland-168206\/\">drahtlose Video-T\u00fcrklingel<\/a> und eine <a href=\"https:\/\/www.ifun.de\/arlo-startet-homekit-kamera-essential-indoor-eufy-bleibt-attraktiver-168397\/\">HomeKit-Kamera<\/a> ins Programm genommen. Jetzt gibt das Unternehmen eine \u00dcberarbeitung seiner Abo-Modelle bekannt.<\/p>\n<p><a href=\"https:\/\/images.iphone-ticker.de\/wp-content\/uploads\/2021\/08\/alro-kameras.jpg\"><img loading=\"lazy\" decoding=\"async\" src=\"https:\/\/images.iphone-ticker.de\/wp-content\/uploads\/2021\/08\/alro-kameras-500x170.jpg\" alt=\"Alro Kameras\" width=\"500\" height=\"170\" class=\"alignnone size-medium wp-image-177827\" srcset=\"https:\/\/images.iphone-ticker.de\/wp-content\/uploads\/2021\/08\/alro-kameras-500x170.jpg 500w, https:\/\/images.iphone-ticker.de\/wp-content\/uploads\/2021\/08\/alro-kameras-700x238.jpg 700w, https:\/\/images.iphone-ticker.de\/wp-content\/uploads\/2021\/08\/alro-kameras.jpg 1044w\" sizes=\"auto, (max-width: 500px) 100vw, 500px\" \/><\/a><\/p>\n<p>Arlo seit geraumer Zeit schon auf dauerhafte Einnahmen durch die Bereitstellung von Cloud-Speicher anstelle von in die Kameras selbst integrierten Speicher. Die damit verbundenen Abo-Modelle bieten dann auch Zusatzfunktionen wie die Erkennung von Personen, Fahrzeugen oder auch Paketen.<\/p>\n<p>Seine bisherigen \u201eSmart-Abonnements\u201c stellt Arlo jetzt auf die neuen Optionen <a href=\"https:\/\/www.arlo.com\/de_de\/serviceplans\">\u201eSecure Plan\u201c und \u201eSecure Plus\u201c<\/a> um. \u201eSecure Plan\u201c beinhaltet quasi die beiden urspr\u00fcnglichen Smart-Optionen nun KI-Funktionen und 30 Tage Cloud-Speicher f\u00fcr die Videoaufnahmen f\u00fcr eine Kamera mit leichtem Preisaufschlag f\u00fcr 2,99 Euro im Monat (zuvor 2,79 Euro). F\u00fcr eine unbegrenzte Zahl von Kameras stehen diese Leistungen nun zum Monatspreis von 9,99 Euro statt der bislang 8,99 Euro f\u00fcr maximal f\u00fcnf Kameras zur Verf\u00fcgung.<\/p>\n<p><a href=\"https:\/\/images.iphone-ticker.de\/wp-content\/uploads\/2021\/08\/arlo-secure.jpg\"><img loading=\"lazy\" decoding=\"async\" src=\"https:\/\/images.iphone-ticker.de\/wp-content\/uploads\/2021\/08\/arlo-secure-700x500.jpg\" alt=\"Arlo Secure\" width=\"700\" height=\"500\" class=\"alignnone size-large wp-image-177828\" srcset=\"https:\/\/images.iphone-ticker.de\/wp-content\/uploads\/2021\/08\/arlo-secure-700x500.jpg 700w, https:\/\/images.iphone-ticker.de\/wp-content\/uploads\/2021\/08\/arlo-secure-500x357.jpg 500w, https:\/\/images.iphone-ticker.de\/wp-content\/uploads\/2021\/08\/arlo-secure.jpg 1400w\" sizes=\"auto, (max-width: 700px) 100vw, 700px\" \/><\/a><\/p>\n<p>Quasi als neue Premium-Option bietet Arlo mit dem Angebot \u201eSecure Plus\u201c zum Monatspreis von 14,99 Euro nun eine Erweiterung des Speicherdauer auf 60 Tage und erlaubt (sofern von der Kamera unterst\u00fctzt) nun auch die Speicherung mit 4K-Aufl\u00f6sung statt beim Standard-Abo mit 2K. Obendrauf integriert der Hersteller hier noch eine Garantieverl\u00e4ngerung und Diebstahlsversicherung.<\/p>\n<h2>Apple erlaubt ab Herbst ebenfalls mehr Kameras<\/h2>\n<p>Zum Vergleich: Auch Apple will seine Abo-Kosten f\u00fcr die Cloud-Speicherung von HomeKit-\u00dcberwachungsvideos im Herbst indirekt senken. Die monatlich bezahlte Summe bleibt zwar gleich, doch will das Unternehmen im Rahmen der Einf\u00fchrung von <a href=\"https:\/\/www.ifun.de\/icloud-bringt-neue-privatsphaerefunktionen-und-erweitertes-homekit-secure-video-171343\/\" title=\"iCloud+ bringt neue Privatsph\u00e4refunktionen und erweitertes HomeKit Secure Video\">iCloud+<\/a> die bisherige Obergrenze von maximal f\u00fcnf in HomeKit integrierten Kameras pro Apple-ID aufheben.<\/p>\n<p>Grunds\u00e4tzlich empfiehlt es sich beim Kauf von Sicherheitskameras stets, auch die Folgekosten im Blick zu behalten. Mittlerweile bieten nur noch wenige Hersteller die M\u00f6glichkeit, die Aufnahmen lokal zu speichern. Die Vermietung von Cloud-Speicher hat sich zu einem beliebten Gesch\u00e4ftsmodell etabliert.<img loading=\"lazy\" decoding=\"async\" src=\"https:\/\/vg05.met.vgwort.de\/na\/b170cc42b0ee4c35b8abe25cc1562541\" width=\"1\" height=\"1\" no-lazy class=\"tracking\"><\/p>\n<p><div class=\"responsive-video\"><iframe loading=\"lazy\" width=\"700\" height=\"371\" src=\"https:\/\/www.youtube-nocookie.com\/embed\/_z5imS-kk7o\" frameborder=\"0\" allowfullscreen><\/iframe><\/div><\/p>\n","protected":false},"excerpt":{"rendered":"<a href=\"https:\/\/www.iphone-ticker.de\/arlo-krempelt-seine-abo-angebote-um-etwas-teurer-mehr-kameras-177823\/\"><img width=\"150\" height=\"150\" src=\"https:\/\/images.iphone-ticker.de\/wp-content\/uploads\/2021\/08\/arlo-feature-150x150.jpg\" class=\"alignright tfe wp-post-image\" alt=\"Arlo Feature\" decoding=\"async\" loading=\"lazy\" \/><\/a><p>Die Sicherheitskameras von Arlo d\u00fcrften dem Gro\u00dfteil unserer Leser bekannt sein. Der Netgear-Ableger hat zuletzt eine drahtlose Video-T\u00fcrklingel und eine HomeKit-Kamera ins Programm genommen. Jetzt gibt das Unternehmen eine \u00dcberarbeitung seiner Abo-Modelle bekannt. Arlo seit geraumer Zeit schon auf dauerhafte Einnahmen durch die Bereitstellung von Cloud-Speicher anstelle von in die Kameras selbst integrierten Speicher. Die [&hellip;]<\/p>\n","protected":false},"author":2,"featured_media":177825,"comment_status":"open","ping_status":"closed","sticky":false,"template":"","format":"standard","meta":{"footnotes":""},"categories":[1],"tags":[4007,5730,8],"class_list":["post-177823","post","type-post","status-publish","format-standard","has-post-thumbnail","hentry","category-news","tag-arlo","tag-cloud-speicher","tag-video"],"aioseo_notices":[],"subheadline":["Sicherheitsvideos in der Cloud"],"featured_image":["https:\/\/images.iphone-ticker.de\/wp-content\/uploads\/2021\/08\/arlo-feature.jpg"],"rest_api_enabler":{"subheadline":"Sicherheitsvideos in der Cloud","featured_image":"https:\/\/images.iphone-ticker.de\/wp-content\/uploads\/2021\/08\/arlo-feature.jpg"},"_links":{"self":[{"href":"https:\/\/www.iphone-ticker.de\/apiv2\/wp\/v2\/posts\/177823","targetHints":{"allow":["GET"]}}],"collection":[{"href":"https:\/\/www.iphone-ticker.de\/apiv2\/wp\/v2\/posts"}],"about":[{"href":"https:\/\/www.iphone-ticker.de\/apiv2\/wp\/v2\/types\/post"}],"author":[{"embeddable":true,"href":"https:\/\/www.iphone-ticker.de\/apiv2\/wp\/v2\/users\/2"}],"replies":[{"embeddable":true,"href":"https:\/\/www.iphone-ticker.de\/apiv2\/wp\/v2\/comments?post=177823"}],"version-history":[{"count":4,"href":"https:\/\/www.iphone-ticker.de\/apiv2\/wp\/v2\/posts\/177823\/revisions"}],"predecessor-version":[{"id":177830,"href":"https:\/\/www.iphone-ticker.de\/apiv2\/wp\/v2\/posts\/177823\/revisions\/177830"}],"wp:featuredmedia":[{"embeddable":true,"href":"https:\/\/www.iphone-ticker.de\/apiv2\/wp\/v2\/media\/177825"}],"wp:attachment":[{"href":"https:\/\/www.iphone-ticker.de\/apiv2\/wp\/v2\/media?parent=177823"}],"wp:term":[{"taxonomy":"category","embeddable":true,"href":"https:\/\/www.iphone-ticker.de\/apiv2\/wp\/v2\/categories?post=177823"},{"taxonomy":"post_tag","embeddable":true,"href":"https:\/\/www.iphone-ticker.de\/apiv2\/wp\/v2\/tags?post=177823"}],"curies":[{"name":"wp","href":"https:\/\/api.w.org\/{rel}","templated":true}]}}