{"id":177730,"date":"2021-08-02T07:59:46","date_gmt":"2021-08-02T05:59:46","guid":{"rendered":"https:\/\/www.iphone-ticker.de\/?p=177730"},"modified":"2021-08-03T20:04:51","modified_gmt":"2021-08-03T18:04:51","slug":"anker-nano-ii-mini-usb-c-ladegeraete-mit-deutlich-mehr-leistung","status":"publish","type":"post","link":"https:\/\/www.iphone-ticker.de\/anker-nano-ii-mini-usb-c-ladegeraete-mit-deutlich-mehr-leistung-177730\/","title":{"rendered":"Anker Nano II: Mini-USB-C-Ladeger\u00e4te mit deutlich mehr Leistung"},"content":{"rendered":"<p>Anker startet mit dem Verkauf seiner neuen <a href=\"https:\/\/us.anker.com\/collections\/chargers\/products\/a2665111\">Nano-II-Ladeger\u00e4te<\/a> in Deutschland. Die USB-C-Adapter sind bei mittlerweile fast winzigen Abmessungen mit 30, 45 oder 65 Watt Leistung erh\u00e4ltlich und dabei nicht nur dazu geeignet, ein iPhone oder iPad schnell wieder zu bef\u00fcllen, sondern k\u00f6nnen auch als Stromversorgung f\u00fcr ein MacBook dienen.<\/p>\n<p><a href=\"https:\/\/images.iphone-ticker.de\/wp-content\/uploads\/2021\/08\/anker-nano-ii-30-watt.jpg\"><img loading=\"lazy\" decoding=\"async\" src=\"https:\/\/images.iphone-ticker.de\/wp-content\/uploads\/2021\/08\/anker-nano-ii-30-watt-500x283.jpg\" alt=\"Anker Nano Ii 30 Watt\" width=\"500\" height=\"283\" class=\"alignnone size-medium wp-image-177735\" srcset=\"https:\/\/images.iphone-ticker.de\/wp-content\/uploads\/2021\/08\/anker-nano-ii-30-watt-500x283.jpg 500w, https:\/\/images.iphone-ticker.de\/wp-content\/uploads\/2021\/08\/anker-nano-ii-30-watt-700x397.jpg 700w, https:\/\/images.iphone-ticker.de\/wp-content\/uploads\/2021\/08\/anker-nano-ii-30-watt.jpg 1400w\" sizes=\"auto, (max-width: 500px) 100vw, 500px\" \/><\/a><\/p>\n<p>Die erneute Leistungssteigerung wird durch die Einf\u00fchrung einer neuen Generation der auf Galliumnitrid basierenden Ladetechnik GaN m\u00f6glich. Als Ersatz f\u00fcr die sonst meist verwendete Silizium-Technik reduziert Galliumnitrid die W\u00e4rmeentwicklung beim Laden merklich, was eine deutlich kompaktere Bauweise erm\u00f6glicht. Die neuen Anker-Ladew\u00fcrfel sind in der Folge teils um mehr als die H\u00e4lfte kleiner, als vergleichbare Apple-Ladeger\u00e4te und k\u00f6nnen das iPhone bis zu dreimal schneller laden, als das fr\u00fcher von Apple dem iPhone beigelegte 5-Watt-Ladeger\u00e4t<\/p>\n<p><a href=\"https:\/\/images.iphone-ticker.de\/wp-content\/uploads\/2021\/08\/anker-nano-ii-ladegeraete-alle-modelle.jpg\"><img loading=\"lazy\" decoding=\"async\" src=\"https:\/\/images.iphone-ticker.de\/wp-content\/uploads\/2021\/08\/anker-nano-ii-ladegeraete-alle-modelle-700x441.jpg\" alt=\"Anker Nano Ii Ladegeraete Alle Modelle\" width=\"700\" height=\"441\" class=\"alignnone size-large wp-image-177737\" srcset=\"https:\/\/images.iphone-ticker.de\/wp-content\/uploads\/2021\/08\/anker-nano-ii-ladegeraete-alle-modelle-700x441.jpg 700w, https:\/\/images.iphone-ticker.de\/wp-content\/uploads\/2021\/08\/anker-nano-ii-ladegeraete-alle-modelle-500x315.jpg 500w, https:\/\/images.iphone-ticker.de\/wp-content\/uploads\/2021\/08\/anker-nano-ii-ladegeraete-alle-modelle.jpg 1400w\" sizes=\"auto, (max-width: 700px) 100vw, 700px\" \/><\/a><\/p>\n<h2>Anker Nano II jetzt mit 30, 45 und 65 Watt<\/h2>\n<p>Der <a rel=\"noindex, nofollow\" href=\"http:\/\/www.ifun.de\/amzn\/B091JZ9JVL\">Anker Nano II 30 Watt<\/a> misst als kleinster der neuen USB-C-Adapter des Herstellers gerade mal 2,9 x 3,1 x 3,8 Zentimeter &#8211; inklusive Eurostecker betr\u00e4gt die Gesamtl\u00e4nge dann 7,5 Zentimeter. Als kleinstes der neuen Ladeger\u00e4te eignet sich das 30-Watt-Modell besonders als kompakter und schneller Ladeadapter f\u00fcr das iPhone oder auch als ausreichend leistungsf\u00e4higes Netzteil f\u00fcr das MacBook Air. Die Preisempfehlung f\u00fcr die 30-Watt-Version liegt bei 34,99 Euro.<\/p>\n<script>\r\n  function open_amazon(link) {\r\n    if (navigator.userAgent.indexOf(\"Firefox\") != -1) {\r\n      window.open(link, '_blank');\r\n    } else {\r\n      var tag = document.createElement('a');\r\n      tag.setAttribute('href', link);\r\n      tag.innerHTML = \"amzn\";\r\n      tag.click();\r\n    }\r\n  }\r\n<\/script>\r\n    <div id=\"article-single-amazon-preview\" onclick=\"return open_amazon('https:\/\/www.amazon.de\/dp\/B091JZ9JVL?tag=musicweb02&linkCode=ogi&th=1&psc=1');\">\n  <div id=\"article-single-amazon-preview-header\">\n    <span class=\"title\">Produkthinweis<\/span>\n      <\/div>\n  <div id=\"article-single-amazon-preview-content\">\n    <div id=\"article-single-amazon-preview-img\" style=\"background: url('https:\/\/m.media-amazon.com\/images\/I\/31RyuR65PXL.jpg') center center no-repeat; background-size: cover;\"><\/div>\n    <div id=\"article-single-amazon-preview-desc\">\n      <span class=\"bezeichnung\"><a href=\"https:\/\/www.amazon.de\/dp\/B091JZ9JVL?tag=musicweb02&linkCode=ogi&th=1&psc=1\" style=\"text-decoration: none; border-bottom: 0px; box-shadow: none;\">Anker Nano II 30W USB-C Ladeger\u00e4t Mini Netzteil, GaN II Tech, Kompatibel mit MacBook Air\/iPhone 12\/12 Mini\/12 Pro\/Max...<\/a><\/span>\n      <span class=\"preis--aktuell\">34,99 EUR<\/span>\n      <span class=\"preis--alt\"><\/span>\n    <\/div>\n  <\/div>\n<\/div>\n<p>Mit dem <a rel=\"noindex, nofollow\" href=\"http:\/\/www.ifun.de\/amzn\/B08RB8JS6Q\">Anker Nano II 45 Watt<\/a> steht mit einer Preisempfehlung von 35,99 Euro ein leistungsf\u00e4higeres aber mit Abmessungen von 3,5 x 3,7 x 4 Zentimeter auch etwas gr\u00f6\u00dferes Ladeger\u00e4t zur Wahl, das auch f\u00fcr kleinere Modelle des MacBook Pro ausreichend Leistung bereith\u00e4lt.<\/p>\n<script>\r\n  function open_amazon(link) {\r\n    if (navigator.userAgent.indexOf(\"Firefox\") != -1) {\r\n      window.open(link, '_blank');\r\n    } else {\r\n      var tag = document.createElement('a');\r\n      tag.setAttribute('href', link);\r\n      tag.innerHTML = \"amzn\";\r\n      tag.click();\r\n    }\r\n  }\r\n<\/script>\r\n    <div id=\"article-single-amazon-preview\" onclick=\"return open_amazon('https:\/\/www.amazon.de\/dp\/B08RB8JS6Q?tag=musicweb02&linkCode=ogi&th=1&psc=1');\">\n  <div id=\"article-single-amazon-preview-header\">\n    <span class=\"title\">Produkthinweis<\/span>\n      <\/div>\n  <div id=\"article-single-amazon-preview-content\">\n    <div id=\"article-single-amazon-preview-img\" style=\"background: url('https:\/\/m.media-amazon.com\/images\/I\/31yDrlSzTFL.jpg') center center no-repeat; background-size: cover;\"><\/div>\n    <div id=\"article-single-amazon-preview-desc\">\n      <span class=\"bezeichnung\"><a href=\"https:\/\/www.amazon.de\/dp\/B08RB8JS6Q?tag=musicweb02&linkCode=ogi&th=1&psc=1\" style=\"text-decoration: none; border-bottom: 0px; box-shadow: none;\">Anker Nano II 45W USB-C Ladeger\u00e4t Netzteil Schnellladeleistung, GaN II Tech, Kompatibel mit MacBook Pro 13\u2033, Galaxy...<\/a><\/span>\n      <span class=\"preis--aktuell\">35,99 EUR<\/span>\n      <span class=\"preis--alt\"><\/span>\n    <\/div>\n  <\/div>\n<\/div>\n<p>Als leistungsf\u00e4higsten seiner neuen USB-C-Adapter hat Anker das Modell <a rel=\"noindex, nofollow\" href=\"http:\/\/www.ifun.de\/amzn\/B094QKV6S8\">Nano II 65 Watt<\/a> mit einer Preisempfehlung von 44,99 Euro im Programm. Hier misst der Korpus des Adapters 3,5 x 4,2 x 4,4 Zentimeter und f\u00e4llt damit immer noch deutlich kleiner aus, als wir es etwa von vergleichbaren Apple-Ger\u00e4ten her gewohnt sind.<\/p>\n<script>\r\n  function open_amazon(link) {\r\n    if (navigator.userAgent.indexOf(\"Firefox\") != -1) {\r\n      window.open(link, '_blank');\r\n    } else {\r\n      var tag = document.createElement('a');\r\n      tag.setAttribute('href', link);\r\n      tag.innerHTML = \"amzn\";\r\n      tag.click();\r\n    }\r\n  }\r\n<\/script>\r\n    <div id=\"article-single-amazon-preview\" onclick=\"return open_amazon('https:\/\/www.amazon.de\/dp\/B094QKV6S8?tag=musicweb02&linkCode=ogi&th=1&psc=1');\">\n  <div id=\"article-single-amazon-preview-header\">\n    <span class=\"title\">Produkthinweis<\/span>\n      <\/div>\n  <div id=\"article-single-amazon-preview-content\">\n    <div id=\"article-single-amazon-preview-img\" style=\"background: url('https:\/\/m.media-amazon.com\/images\/I\/31VMQow1pQL.jpg') center center no-repeat; background-size: cover;\"><\/div>\n    <div id=\"article-single-amazon-preview-desc\">\n      <span class=\"bezeichnung\"><a href=\"https:\/\/www.amazon.de\/dp\/B094QKV6S8?tag=musicweb02&linkCode=ogi&th=1&psc=1\" style=\"text-decoration: none; border-bottom: 0px; box-shadow: none;\">Anker Nano II 65W USB C Ladeger\u00e4t Netzteil mit Schnellladeleistung, GaN II Technologie, Kompatibel mit MacBook Pro\/Air...<\/a><\/span>\n      <span class=\"preis--aktuell\">44,99 EUR<\/span>\n      <span class=\"preis--alt\">31,99 EUR<\/span>\n    <\/div>\n  <\/div>\n<\/div>\n<p>Mit den neuen Netzteilen zeigt Anker, dass sich mittlerweile auch leistungsf\u00e4higere Ladeger\u00e4te in erstaunlich kompakte Geh\u00e4use packen lassen. Insbesondere beim Blick auf die 30-Watt-Version wird klar, dass sich hier zuk\u00fcnftig wohl nicht viel mehr optimieren l\u00e4sst, der Ladew\u00fcrfel selbst ist mittlerweile kleiner als der damit verbundene Netzstecker.<img loading=\"lazy\" decoding=\"async\" src=\"https:\/\/vg05.met.vgwort.de\/na\/2b82699a5e7445ee87bbbbb25709b94f\" width=\"1\" height=\"1\" no-lazy class=\"tracking\"><\/p>\n","protected":false},"excerpt":{"rendered":"<a href=\"https:\/\/www.iphone-ticker.de\/anker-nano-ii-mini-usb-c-ladegeraete-mit-deutlich-mehr-leistung-177730\/\"><img width=\"150\" height=\"150\" src=\"https:\/\/images.iphone-ticker.de\/wp-content\/uploads\/2021\/08\/anker-nano-ii-ladegeraete-alle-modelle-150x150.jpg\" class=\"alignright tfe wp-post-image\" alt=\"Anker Nano Ii Ladegeraete Alle Modelle\" decoding=\"async\" loading=\"lazy\" \/><\/a><p>Anker startet mit dem Verkauf seiner neuen Nano-II-Ladeger\u00e4te in Deutschland. Die USB-C-Adapter sind bei mittlerweile fast winzigen Abmessungen mit 30, 45 oder 65 Watt Leistung erh\u00e4ltlich und dabei nicht nur dazu geeignet, ein iPhone oder iPad schnell wieder zu bef\u00fcllen, sondern k\u00f6nnen auch als Stromversorgung f\u00fcr ein MacBook dienen. Die erneute Leistungssteigerung wird durch die [&hellip;]<\/p>\n","protected":false},"author":2,"featured_media":177737,"comment_status":"open","ping_status":"closed","sticky":false,"template":"","format":"standard","meta":{"footnotes":""},"categories":[24,1975],"tags":[2357,45,5726,3140],"class_list":["post-177730","post","type-post","status-publish","format-standard","has-post-thumbnail","hentry","category-zubehor","category-feature","tag-anker","tag-ladegerat","tag-nano","tag-usb-c"],"aioseo_notices":[],"subheadline":["Neue Generation verf\u00fcgbar"],"featured_image":["https:\/\/images.iphone-ticker.de\/wp-content\/uploads\/2021\/08\/anker-nano-ii-ladegeraete-feature.jpg"],"rest_api_enabler":{"subheadline":"Neue Generation verf\u00fcgbar","featured_image":"https:\/\/images.iphone-ticker.de\/wp-content\/uploads\/2021\/08\/anker-nano-ii-ladegeraete-feature.jpg"},"_links":{"self":[{"href":"https:\/\/www.iphone-ticker.de\/apiv2\/wp\/v2\/posts\/177730","targetHints":{"allow":["GET"]}}],"collection":[{"href":"https:\/\/www.iphone-ticker.de\/apiv2\/wp\/v2\/posts"}],"about":[{"href":"https:\/\/www.iphone-ticker.de\/apiv2\/wp\/v2\/types\/post"}],"author":[{"embeddable":true,"href":"https:\/\/www.iphone-ticker.de\/apiv2\/wp\/v2\/users\/2"}],"replies":[{"embeddable":true,"href":"https:\/\/www.iphone-ticker.de\/apiv2\/wp\/v2\/comments?post=177730"}],"version-history":[{"count":7,"href":"https:\/\/www.iphone-ticker.de\/apiv2\/wp\/v2\/posts\/177730\/revisions"}],"predecessor-version":[{"id":177751,"href":"https:\/\/www.iphone-ticker.de\/apiv2\/wp\/v2\/posts\/177730\/revisions\/177751"}],"wp:featuredmedia":[{"embeddable":true,"href":"https:\/\/www.iphone-ticker.de\/apiv2\/wp\/v2\/media\/177737"}],"wp:attachment":[{"href":"https:\/\/www.iphone-ticker.de\/apiv2\/wp\/v2\/media?parent=177730"}],"wp:term":[{"taxonomy":"category","embeddable":true,"href":"https:\/\/www.iphone-ticker.de\/apiv2\/wp\/v2\/categories?post=177730"},{"taxonomy":"post_tag","embeddable":true,"href":"https:\/\/www.iphone-ticker.de\/apiv2\/wp\/v2\/tags?post=177730"}],"curies":[{"name":"wp","href":"https:\/\/api.w.org\/{rel}","templated":true}]}}