{"id":177073,"date":"2021-07-15T18:01:46","date_gmt":"2021-07-15T16:01:46","guid":{"rendered":"https:\/\/www.iphone-ticker.de\/?p=177073"},"modified":"2024-06-06T15:40:06","modified_gmt":"2024-06-06T13:40:06","slug":"fjorden-iphone-kameragriff-mit-bedienelementen-sucht-unterstuetzer","status":"publish","type":"post","link":"https:\/\/www.iphone-ticker.de\/fjorden-iphone-kameragriff-mit-bedienelementen-sucht-unterstuetzer-177073\/","title":{"rendered":"Fjorden: iPhone-Kameragriff mit Bedienelementen sucht Unterst\u00fctzer"},"content":{"rendered":"<p><a href=\"https:\/\/signup.fjorden.co\">Fjorden<\/a> sieht uns nach einem durchdachten Zubeh\u00f6r f\u00fcr iPhone-Fotografen aus. Die Kamerahalterung h\u00e4lt nicht nur komfortable Bedienelemente bereit und kann zugleich auch als Standfu\u00df verwendet werden. \u00dcber eine <a href=\"https:\/\/www.kickstarter.com\/projects\/fjorden\/fjorden-iphone-photography-reinvented\">Kickstarter-Kampagne<\/a> sammeln die Entwickler gerade das n\u00f6tige Kleingeld f\u00fcr die Produktion.<\/p>\n<p><a href=\"https:\/\/images.iphone-ticker.de\/wp-content\/uploads\/2021\/07\/fjorden-case-mit-kameragriff.jpg\"><img loading=\"lazy\" decoding=\"async\" class=\"alignnone size-medium wp-image-177079\" src=\"https:\/\/images.iphone-ticker.de\/wp-content\/uploads\/2021\/07\/fjorden-case-mit-kameragriff-500x290.jpg\" alt=\"Fjorden Case Mit Kameragriff\" width=\"500\" height=\"290\" srcset=\"https:\/\/images.iphone-ticker.de\/wp-content\/uploads\/2021\/07\/fjorden-case-mit-kameragriff-500x290.jpg 500w, https:\/\/images.iphone-ticker.de\/wp-content\/uploads\/2021\/07\/fjorden-case-mit-kameragriff.jpg 670w\" sizes=\"auto, (max-width: 500px) 100vw, 500px\" \/><\/a><\/p>\n<p>Als Kameragriff soll Fjorden nicht nur dabei unterst\u00fctzen, das iPhone bei Aufnahmen mit der R\u00fcckkamera ebenso wie bei Selfies sicher und ruhig in der Hand zu halten, sondern ist auch gleich noch mit gut erreichbaren Bedienelementen ausgestattet, deren Umsetzung nach einer technischen Herausforderung klingt. So soll sich der Ausl\u00f6ser wie bei \u201eechten\u201c Kameras zum Fokussieren halb und f\u00fcr die Aufnahmen dann ganz dr\u00fccken lassen, ein Drehrad will direkten Zugriff auf Einstellungen wie Belichtung oder Aufnahmemodus bieten. Zudem versprechen die Entwickler eine gut erreichbare Fernbedienung f\u00fcr die Zoomfunktion und eine vom Nutzer programmierbare Sondertaste. Den versprochenen Funktionsumfang will das Fjorden-Team mithilfe seiner zugeh\u00f6rigen Fjorden Camera App bereitstellen.<\/p>\n<p>Der Klappgriff selbst ist dabei nur knapp 11 Millimeter dick und abnehmbar an einem zugeh\u00f6rigen iPhone-Case befestigt. Optional kann man hier auch eine mit MagSafe kompatible H\u00fclle erstehen. Die Preise bei Kickstarter beginnen bei 119 Euro. Das Zubeh\u00f6r soll mit allen iPhones, die iOS 14 unterst\u00fctzen kompatibel sein und Anfang 2022 auf den Markt kommen.<\/p>\n<p><div class=\"responsive-video\"><iframe loading=\"lazy\" title=\"The Ultimate Guide to Fjorden: Grip, App, and Accessories\" width=\"500\" height=\"281\" src=\"https:\/\/www.youtube-nocookie.com\/embed\/1D_pNOptIWU?feature=oembed\" frameborder=\"0\" allow=\"accelerometer; autoplay; clipboard-write; encrypted-media; gyroscope; picture-in-picture; web-share\" referrerpolicy=\"strict-origin-when-cross-origin\" allowfullscreen><\/iframe><\/div><\/p>\n","protected":false},"excerpt":{"rendered":"<a href=\"https:\/\/www.iphone-ticker.de\/fjorden-iphone-kameragriff-mit-bedienelementen-sucht-unterstuetzer-177073\/\"><img width=\"150\" height=\"150\" src=\"https:\/\/images.iphone-ticker.de\/wp-content\/uploads\/2021\/07\/fjorden-montage-150x150.jpg\" class=\"alignright tfe wp-post-image\" alt=\"Fjorden Montage\" decoding=\"async\" loading=\"lazy\" \/><\/a><p>Fjorden sieht uns nach einem durchdachten Zubeh\u00f6r f\u00fcr iPhone-Fotografen aus. Die Kamerahalterung h\u00e4lt nicht nur komfortable Bedienelemente bereit und kann zugleich auch als Standfu\u00df verwendet werden. \u00dcber eine Kickstarter-Kampagne sammeln die Entwickler gerade das n\u00f6tige Kleingeld f\u00fcr die Produktion. Als Kameragriff soll Fjorden nicht nur dabei unterst\u00fctzen, das iPhone bei Aufnahmen mit der R\u00fcckkamera ebenso [&hellip;]<\/p>\n","protected":false},"author":2,"featured_media":177081,"comment_status":"open","ping_status":"closed","sticky":false,"template":"","format":"standard","meta":{"footnotes":""},"categories":[24],"tags":[5702,344,139],"class_list":["post-177073","post","type-post","status-publish","format-standard","has-post-thumbnail","hentry","category-zubehor","tag-fjorden","tag-iphone","tag-kamera"],"aioseo_notices":[],"subheadline":["In Kombination mit App"],"featured_image":["https:\/\/images.iphone-ticker.de\/wp-content\/uploads\/2021\/07\/fjorden-iphone-kamera.jpg"],"rest_api_enabler":{"subheadline":"In Kombination mit App","featured_image":"https:\/\/images.iphone-ticker.de\/wp-content\/uploads\/2021\/07\/fjorden-iphone-kamera.jpg"},"_links":{"self":[{"href":"https:\/\/www.iphone-ticker.de\/apiv2\/wp\/v2\/posts\/177073","targetHints":{"allow":["GET"]}}],"collection":[{"href":"https:\/\/www.iphone-ticker.de\/apiv2\/wp\/v2\/posts"}],"about":[{"href":"https:\/\/www.iphone-ticker.de\/apiv2\/wp\/v2\/types\/post"}],"author":[{"embeddable":true,"href":"https:\/\/www.iphone-ticker.de\/apiv2\/wp\/v2\/users\/2"}],"replies":[{"embeddable":true,"href":"https:\/\/www.iphone-ticker.de\/apiv2\/wp\/v2\/comments?post=177073"}],"version-history":[{"count":7,"href":"https:\/\/www.iphone-ticker.de\/apiv2\/wp\/v2\/posts\/177073\/revisions"}],"predecessor-version":[{"id":235966,"href":"https:\/\/www.iphone-ticker.de\/apiv2\/wp\/v2\/posts\/177073\/revisions\/235966"}],"wp:featuredmedia":[{"embeddable":true,"href":"https:\/\/www.iphone-ticker.de\/apiv2\/wp\/v2\/media\/177081"}],"wp:attachment":[{"href":"https:\/\/www.iphone-ticker.de\/apiv2\/wp\/v2\/media?parent=177073"}],"wp:term":[{"taxonomy":"category","embeddable":true,"href":"https:\/\/www.iphone-ticker.de\/apiv2\/wp\/v2\/categories?post=177073"},{"taxonomy":"post_tag","embeddable":true,"href":"https:\/\/www.iphone-ticker.de\/apiv2\/wp\/v2\/tags?post=177073"}],"curies":[{"name":"wp","href":"https:\/\/api.w.org\/{rel}","templated":true}]}}