{"id":176817,"date":"2021-07-09T12:43:05","date_gmt":"2021-07-09T10:43:05","guid":{"rendered":"https:\/\/www.iphone-ticker.de\/?p=176817"},"modified":"2021-07-12T19:53:00","modified_gmt":"2021-07-12T17:53:00","slug":"nach-debakel-2020-bundesweiter-warntag-faellt-dieses-jahr-aus","status":"publish","type":"post","link":"https:\/\/www.iphone-ticker.de\/nach-debakel-2020-bundesweiter-warntag-faellt-dieses-jahr-aus-176817\/","title":{"rendered":"Nach Debakel 2020: Bundesweiter Warntag f\u00e4llt dieses Jahr aus"},"content":{"rendered":"<p>Wie das Bundesinnenministerium, in dessen Zust\u00e4ndigkeitsbereich auch das Bundesamt f\u00fcr Bev\u00f6lkerungsschutz und Katastrophenhilfe (BBK) f\u00e4llt, per Pressemitteilung <a href=\"https:\/\/www.bmi.bund.de\/SharedDocs\/pressemitteilungen\/DE\/2021\/06\/warntag.html\">bekanntgegeben hat<\/a>, wird der n\u00e4chste <a href=\"https:\/\/warnung-der-bevoelkerung.de\/\">bundesweite Warntag<\/a> erst im September 2022 stattfinden. Nach dem desastr\u00f6sen Auftritt 2020 wird die Aktion in diesem Jahr komplett \u00fcbersprungen.<\/p>\n<p><a href=\"https:\/\/images.iphone-ticker.de\/wp-content\/uploads\/2021\/07\/warntag-bbk.jpg\"><img loading=\"lazy\" decoding=\"async\" class=\"aligncenter size-medium wp-image-176818\" src=\"https:\/\/images.iphone-ticker.de\/wp-content\/uploads\/2021\/07\/warntag-bbk-500x354.jpg\" alt=\"Warntag Bbk\" width=\"500\" height=\"354\" srcset=\"https:\/\/images.iphone-ticker.de\/wp-content\/uploads\/2021\/07\/warntag-bbk-500x354.jpg 500w, https:\/\/images.iphone-ticker.de\/wp-content\/uploads\/2021\/07\/warntag-bbk-700x495.jpg 700w, https:\/\/images.iphone-ticker.de\/wp-content\/uploads\/2021\/07\/warntag-bbk.jpg 1200w\" sizes=\"auto, (max-width: 500px) 100vw, 500px\" \/><\/a><\/p>\n<p>Die zus\u00e4tzliche Zeit soll das BBK nun daf\u00fcr nutzen, eine &#8222;umfassende Testlandschaft aufzubauen&#8220; die sicherstellen soll, dass die unterschiedlichen Warnsysteme beim n\u00e4chsten Test dann wirklich alle zusammenarbeiten und miteinander verkn\u00fcpft sind. Zudem sollen zus\u00e4tzliche Warnkan\u00e4le erschlossen und die vorhandene Infrastruktur an Sirenen aufgewertet werden. Der Bund will daf\u00fcr in den kommenden zwei Jahren knapp 90 Millionen Euro investieren.<\/p>\n<h2>Warntag sollte j\u00e4hrlich stattfinden<\/h2>\n<p>Im vergangenen Jahr fand der bundesweite Warntag nach einem Beschluss der Innenministerkonferenz <a href=\"https:\/\/www.iphone-ticker.de\/bundesweiter-warntag-probealarm-ueber-die-nina-app-162714\/\">erstmals statt<\/a>. Im Vorfeld des 10. Septembers 2020 wurde damals bereits angek\u00fcndigt, dass der Tag zum Erproben s\u00e4mtlicher in Deutschland g\u00e4ngiger Warnmittel fortan j\u00e4hrlich abgehalten werden soll.<\/p>\n<p>Eine Planung die nun erst mal \u00fcber den Haufen geworfen wurde. Ausschlaggebend daf\u00fcr d\u00fcrfte <a href=\"https:\/\/www.iphone-ticker.de\/bundesweiter-warntag-viele-apps-und-sirenen-bleiben-ruhig-162899\/\">das schlechte Abschneiden vieler Systeme<\/a> im vergangenen Jahr gewesen sein. Damals war das modulare Warnsystem <a href=\"https:\/\/www.bbk.bund.de\/DE\/AufgabenundAusstattung\/Krisenmanagement\/WarnungderBevoelkerung\/MoWaS\/ModularesWarnsystem_node.html\">MoWaS<\/a> so \u00fcberlastet, dass viele Sirenen komplett stumm blieben.<\/p>\n<p><a href=\"https:\/\/images.iphone-ticker.de\/wp-content\/uploads\/2020\/09\/mowas-schematik.jpg\"><img loading=\"lazy\" decoding=\"async\" class=\"aligncenter size-large wp-image-162901\" src=\"https:\/\/images.iphone-ticker.de\/wp-content\/uploads\/2020\/09\/mowas-schematik-700x361.jpg\" alt=\"Mowas Schematik\" width=\"700\" height=\"361\" srcset=\"https:\/\/images.iphone-ticker.de\/wp-content\/uploads\/2020\/09\/mowas-schematik-700x361.jpg 700w, https:\/\/images.iphone-ticker.de\/wp-content\/uploads\/2020\/09\/mowas-schematik-500x258.jpg 500w, https:\/\/images.iphone-ticker.de\/wp-content\/uploads\/2020\/09\/mowas-schematik.jpg 1400w\" sizes=\"auto, (max-width: 700px) 100vw, 700px\" \/><\/a><\/p>\n<h2>NINA und KATWARN entt\u00e4uschten<\/h2>\n<p>iPhone-Anwender die \u00fcber mehrere Apps wie etwa <a href=\"https:\/\/www.bbk.bund.de\/DE\/NINA\/Warn-App_NINA_node.html\">NINA<\/a> und <a href=\"https:\/\/www.katwarn.de\/\">KATWARN<\/a> h\u00e4tten gewarnt werden sollen, erhielten teils keine Meldungen, teils mehrfache Push-Benachrichtigungen in kurzer Abfolge.<\/p>\n<p>Damals wurde f\u00fcr das Durcheinander vor allem Kommunikationsproblem angef\u00fchrt. So habe es zwischen den verantwortlichen Stellen Unstimmigkeiten \u00fcber Zust\u00e4ndigkeiten gegeben, die ein mehrfaches Ausl\u00f6sen von Warnmeldungen bzw. das Ausbleiben von Warnungen zur Folge gehabt h\u00e4tten.<\/p>\n<p><a href=\"https:\/\/warnung-der-bevoelkerung.de\/\">Der n\u00e4chste bundesweite Warntag<\/a> wird erst im September 2022 stattfinden.<\/p>\n<!-- WP-Appbox (Version: 4.5.9 \/\/ Store: appstore \/\/ ID: 949360949) -->\t<!-- app-link -->\n\t<div id=\"article-single-app-preview\">\n\t\t<div id=\"article-single-app-preview-header\">\n\t\t\t<span class=\"title\">Laden im App Store<\/span>\n\t\t<\/div>\n\t\t<div id=\"article-single-app-preview-content\">\n\t\t\t<div id=\"article-single-app-preview-img\"><img loading=\"lazy\" decoding=\"async\" src=\"\/\/www.iphone-ticker.de\/wp-content\/cache\/wp-appbox\/1d90af214a0dec7d369b9d4eb6d1e95e-deprecated\/ai-37c6ef84a7025bb276e73432a4e542bc\" alt=\"NINA\"  height=\"72\" width=\"72\" class=\"asl-icon-img\" \/><\/div>\n\t\t\t<div id=\"article-single-app-preview-desc\">\n\t\t\t\t<span class=\"name\">NINA<\/span><br \/>\n\t\t\t\t<span class=\"seller\">Entwickler: <a target=\"_blank\" rel=\"nofollow\" href=\"https:\/\/apps.apple.com\/de\/developer\/bundesamt-fuer-bevoelkerungsschutz-und-katastrophenhilfe\/id949360948\">Bundesamt fuer Bevoelkerungsschutz und Katastrophenhilfe<\/a><\/span>\n\t\t\t<\/div>\n\t\t\t<a target=\"_blank\" rel=\"nofollow\" href=\"https:\/\/apps.apple.com\/de\/app\/nina\/id949360949\"><div id=\"article-single-app-preview-download\">Preis: Kostenlos<br \/>\n\t\t\t<span class=\"size\">Laden<\/span><\/div><\/a>\n\t\t<\/div>\n\t\t<!-- <div id=\"article-single-app-preview-footer\"><\/div>\t-->\n\t<\/div>\n\t<!-- app-link\/ende --><!-- \/WP-Appbox -->\n<!-- WP-Appbox (Version: 4.5.9 \/\/ Store: appstore \/\/ ID: 566560753) -->\t<!-- app-link -->\n\t<div id=\"article-single-app-preview\">\n\t\t<div id=\"article-single-app-preview-header\">\n\t\t\t<span class=\"title\">Laden im App Store<\/span>\n\t\t<\/div>\n\t\t<div id=\"article-single-app-preview-content\">\n\t\t\t<div id=\"article-single-app-preview-img\"><img loading=\"lazy\" decoding=\"async\" src=\"\/\/www.iphone-ticker.de\/wp-content\/cache\/wp-appbox\/e84ed03320b5afaa8e67f84c279cb215\/ai-68f566b7db97f045538139ccac37a9db\" alt=\"Unbekannte App\"  height=\"72\" width=\"72\" class=\"asl-icon-img\" \/><\/div>\n\t\t\t<div id=\"article-single-app-preview-desc\">\n\t\t\t\t<span class=\"name\">Unbekannte App<\/span><br \/>\n\t\t\t\t<span class=\"seller\">Entwickler: Unbekannt<\/span>\n\t\t\t<\/div>\n\t\t\t<a target=\"_blank\" rel=\"nofollow\" href=\"https:\/\/apps.apple.com\/cn\/iphone\/today\"><div id=\"article-single-app-preview-download\">Preis: Kostenlos<br \/>\n\t\t\t<span class=\"size\">Laden<\/span><\/div><\/a>\n\t\t<\/div>\n\t\t<!-- <div id=\"article-single-app-preview-footer\"><\/div>\t-->\n\t<\/div>\n\t<!-- app-link\/ende --><!-- \/WP-Appbox -->\n<p><img loading=\"lazy\" decoding=\"async\" src=\"https:\/\/vg01.met.vgwort.de\/na\/6017e7e70009496dbaa2b2c4f875045a\" width=\"1\" height=\"1\" no-lazy class=\"tracking\"><\/p>\n","protected":false},"excerpt":{"rendered":"<a href=\"https:\/\/www.iphone-ticker.de\/nach-debakel-2020-bundesweiter-warntag-faellt-dieses-jahr-aus-176817\/\"><img width=\"150\" height=\"150\" src=\"https:\/\/images.iphone-ticker.de\/wp-content\/uploads\/2021\/07\/warntag-bbk-150x150.jpg\" class=\"alignright tfe wp-post-image\" alt=\"Warntag Bbk\" decoding=\"async\" loading=\"lazy\" \/><\/a><p>Wie das Bundesinnenministerium, in dessen Zust\u00e4ndigkeitsbereich auch das Bundesamt f\u00fcr Bev\u00f6lkerungsschutz und Katastrophenhilfe (BBK) f\u00e4llt, per Pressemitteilung bekanntgegeben hat, wird der n\u00e4chste bundesweite Warntag erst im September 2022 stattfinden. Nach dem desastr\u00f6sen Auftritt 2020 wird die Aktion in diesem Jahr komplett \u00fcbersprungen. Die zus\u00e4tzliche Zeit soll das BBK nun daf\u00fcr nutzen, eine &#8222;umfassende Testlandschaft aufzubauen&#8220; [&hellip;]<\/p>\n","protected":false},"author":1,"featured_media":176818,"comment_status":"open","ping_status":"closed","sticky":false,"template":"","format":"standard","meta":{"footnotes":""},"categories":[39,1975],"tags":[3443,3503,3634],"class_list":["post-176817","post","type-post","status-publish","format-standard","has-post-thumbnail","hentry","category-apps","category-feature","tag-katastrophenschutz","tag-katwarn","tag-nina"],"aioseo_notices":[],"subheadline":["NINA und KATWARN entt\u00e4uschten"],"featured_image":["https:\/\/images.iphone-ticker.de\/wp-content\/uploads\/2019\/07\/warn-app-nina.jpg"],"rest_api_enabler":{"subheadline":"NINA und KATWARN entt\u00e4uschten","featured_image":"https:\/\/images.iphone-ticker.de\/wp-content\/uploads\/2019\/07\/warn-app-nina.jpg"},"_links":{"self":[{"href":"https:\/\/www.iphone-ticker.de\/apiv2\/wp\/v2\/posts\/176817","targetHints":{"allow":["GET"]}}],"collection":[{"href":"https:\/\/www.iphone-ticker.de\/apiv2\/wp\/v2\/posts"}],"about":[{"href":"https:\/\/www.iphone-ticker.de\/apiv2\/wp\/v2\/types\/post"}],"author":[{"embeddable":true,"href":"https:\/\/www.iphone-ticker.de\/apiv2\/wp\/v2\/users\/1"}],"replies":[{"embeddable":true,"href":"https:\/\/www.iphone-ticker.de\/apiv2\/wp\/v2\/comments?post=176817"}],"version-history":[{"count":1,"href":"https:\/\/www.iphone-ticker.de\/apiv2\/wp\/v2\/posts\/176817\/revisions"}],"predecessor-version":[{"id":176819,"href":"https:\/\/www.iphone-ticker.de\/apiv2\/wp\/v2\/posts\/176817\/revisions\/176819"}],"wp:featuredmedia":[{"embeddable":true,"href":"https:\/\/www.iphone-ticker.de\/apiv2\/wp\/v2\/media\/176818"}],"wp:attachment":[{"href":"https:\/\/www.iphone-ticker.de\/apiv2\/wp\/v2\/media?parent=176817"}],"wp:term":[{"taxonomy":"category","embeddable":true,"href":"https:\/\/www.iphone-ticker.de\/apiv2\/wp\/v2\/categories?post=176817"},{"taxonomy":"post_tag","embeddable":true,"href":"https:\/\/www.iphone-ticker.de\/apiv2\/wp\/v2\/tags?post=176817"}],"curies":[{"name":"wp","href":"https:\/\/api.w.org\/{rel}","templated":true}]}}