{"id":176151,"date":"2021-06-23T15:38:41","date_gmt":"2021-06-23T13:38:41","guid":{"rendered":"https:\/\/www.iphone-ticker.de\/?p=176151"},"modified":"2021-06-23T15:38:41","modified_gmt":"2021-06-23T13:38:41","slug":"entlang-der-schiene-lueckenloses-handynetz-erst-ende-2026","status":"publish","type":"post","link":"https:\/\/www.iphone-ticker.de\/entlang-der-schiene-lueckenloses-handynetz-erst-ende-2026-176151\/","title":{"rendered":"Entlang der Schiene: L\u00fcckenloses Handynetz erst Ende 2026"},"content":{"rendered":"<p>Die Deutsche Bahn und die Deutsche Telekom haben heute \u00fcber ihre Pl\u00e4ne informiert, endlich ein l\u00fcckenloses Handynetz entlang der Bahnschienen zu betreiben, das im Zug entgegengenommene Gespr\u00e4che nicht mehr alle Nase lang in die Knie zwingt.<\/p>\n<p><a href=\"https:\/\/images.iphone-ticker.de\/wp-content\/uploads\/2021\/06\/bahn-telekom.jpg\"><img loading=\"lazy\" decoding=\"async\" class=\"aligncenter size-medium wp-image-176153\" src=\"https:\/\/images.iphone-ticker.de\/wp-content\/uploads\/2021\/06\/bahn-telekom-500x279.jpg\" alt=\"Bahn Telekom\" width=\"500\" height=\"279\" srcset=\"https:\/\/images.iphone-ticker.de\/wp-content\/uploads\/2021\/06\/bahn-telekom-500x279.jpg 500w, https:\/\/images.iphone-ticker.de\/wp-content\/uploads\/2021\/06\/bahn-telekom.jpg 600w\" sizes=\"auto, (max-width: 500px) 100vw, 500px\" \/><\/a><\/p>\n<h2>Ausbau erfolgt in Stufen<\/h2>\n<p>Bis sich ohne Aussetzer telefonieren und surfen l\u00e4sst, wird es jedoch noch eine ganze Weile dauern. Erst Ende 2026 soll es nach aktueller Planung der beiden Gro\u00dfkonzerne keine Versorgungsl\u00fccken mehr entlang der Schienenstrecken im Fern- und im Regionalverkehr geben.<\/p>\n<p>Wie die beiden Unternehmen heute bekanntgegeben haben sei vereinbart worden, dass die Telekom ihr Mobilfunknetz entlang der Schienen der Deutschen Bahn &#8222;schnellstm\u00f6glich ausbauen&#8220; soll. Dabei sollen nicht nur vorhandene L\u00fccken geschlossen werden, geplant ist auch das Netz selbst leistungsf\u00e4higer zu machen. Zusammen wollen Bahn und Telekom in das Vorhaben einen dreistelligen Millionenbetrag investieren.<\/p>\n<h2>Schnelles Netz nur f\u00fcr ausgew\u00e4hlte Strecken<\/h2>\n<p>Was man fast nicht glauben kann: Auf einigen Regionalstrecken werden Fahrg\u00e4ste nach Abschluss der Ausbauarbeiten zum ersten Mal \u00fcberhaupt Empfang haben. Was die Terminplanung angeht, konkretisieren die Bonner ihr Vorhaben in einem knackigen Satz, der sich so auch im Kalender festhalten l\u00e4sst: Die Deutsche Telekom will das gesamte Streckennetz der Bahn bis Ende 2026 l\u00fcckenlos mit ihrem Mobilfunknetz versorgen.<\/p>\n<p>Allerdings nicht gleichwertig: Das Schienennetz erstreckt sich dabei auch \u00fcber 33.000 Kilometer von denen gut ein Viertel auf Hauptverkehrsstrecken entf\u00e4llt. Hier fahren ICE- und IC-Z\u00fcge und hier will man schon bis Ende 2024 Geschwindigkeiten von 200 Mbit\/s anbieten. Ein Jahr sp\u00e4ter, also Ende 2025 sollen weitere 14.000 Kilometer stark frequentiertes Netz ebenfalls mit Geschwindigkeiten von 200 Mbit\/s versorgt werden. Der Rest der Strecke erh\u00e4lt bis Ende 2026 nur noch Geschwindigkeiten von 100 Mbit\/s.<\/p>\n<p><img loading=\"lazy\" decoding=\"async\" src=\"https:\/\/vg01.met.vgwort.de\/na\/385e974063a74e0f845585b96e374910\" width=\"1\" height=\"1\" no-lazy class=\"tracking\"><\/p>\n","protected":false},"excerpt":{"rendered":"<a href=\"https:\/\/www.iphone-ticker.de\/entlang-der-schiene-lueckenloses-handynetz-erst-ende-2026-176151\/\"><img width=\"150\" height=\"150\" src=\"https:\/\/images.iphone-ticker.de\/wp-content\/uploads\/2021\/06\/bahn-telekom-150x150.jpg\" class=\"alignright tfe wp-post-image\" alt=\"Bahn Telekom\" decoding=\"async\" loading=\"lazy\" \/><\/a><p>Die Deutsche Bahn und die Deutsche Telekom haben heute \u00fcber ihre Pl\u00e4ne informiert, endlich ein l\u00fcckenloses Handynetz entlang der Bahnschienen zu betreiben, das im Zug entgegengenommene Gespr\u00e4che nicht mehr alle Nase lang in die Knie zwingt. Ausbau erfolgt in Stufen Bis sich ohne Aussetzer telefonieren und surfen l\u00e4sst, wird es jedoch noch eine ganze Weile [&hellip;]<\/p>\n","protected":false},"author":1,"featured_media":176153,"comment_status":"open","ping_status":"closed","sticky":false,"template":"","format":"standard","meta":{"footnotes":""},"categories":[749],"tags":[426,1853,363],"class_list":["post-176151","post","type-post","status-publish","format-standard","has-post-thumbnail","hentry","category-iphone-2","tag-bahn","tag-netz","tag-telekom"],"aioseo_notices":[],"subheadline":["Telekom und Bahn lassen sich Zeit","Telekom und Bahn lassen sich Zeit"],"featured_image":["https:\/\/images.iphone-ticker.de\/wp-content\/uploads\/2018\/10\/ice-deutsche-bahn.jpg"],"rest_api_enabler":{"subheadline":["Telekom und Bahn lassen sich Zeit","Telekom und Bahn lassen sich Zeit"],"featured_image":"https:\/\/images.iphone-ticker.de\/wp-content\/uploads\/2018\/10\/ice-deutsche-bahn.jpg"},"_links":{"self":[{"href":"https:\/\/www.iphone-ticker.de\/apiv2\/wp\/v2\/posts\/176151","targetHints":{"allow":["GET"]}}],"collection":[{"href":"https:\/\/www.iphone-ticker.de\/apiv2\/wp\/v2\/posts"}],"about":[{"href":"https:\/\/www.iphone-ticker.de\/apiv2\/wp\/v2\/types\/post"}],"author":[{"embeddable":true,"href":"https:\/\/www.iphone-ticker.de\/apiv2\/wp\/v2\/users\/1"}],"replies":[{"embeddable":true,"href":"https:\/\/www.iphone-ticker.de\/apiv2\/wp\/v2\/comments?post=176151"}],"version-history":[{"count":2,"href":"https:\/\/www.iphone-ticker.de\/apiv2\/wp\/v2\/posts\/176151\/revisions"}],"predecessor-version":[{"id":176154,"href":"https:\/\/www.iphone-ticker.de\/apiv2\/wp\/v2\/posts\/176151\/revisions\/176154"}],"wp:featuredmedia":[{"embeddable":true,"href":"https:\/\/www.iphone-ticker.de\/apiv2\/wp\/v2\/media\/176153"}],"wp:attachment":[{"href":"https:\/\/www.iphone-ticker.de\/apiv2\/wp\/v2\/media?parent=176151"}],"wp:term":[{"taxonomy":"category","embeddable":true,"href":"https:\/\/www.iphone-ticker.de\/apiv2\/wp\/v2\/categories?post=176151"},{"taxonomy":"post_tag","embeddable":true,"href":"https:\/\/www.iphone-ticker.de\/apiv2\/wp\/v2\/tags?post=176151"}],"curies":[{"name":"wp","href":"https:\/\/api.w.org\/{rel}","templated":true}]}}