{"id":176100,"date":"2021-06-22T14:19:59","date_gmt":"2021-06-22T12:19:59","guid":{"rendered":"https:\/\/www.iphone-ticker.de\/?p=176100"},"modified":"2021-06-22T14:22:07","modified_gmt":"2021-06-22T12:22:07","slug":"ios-15-erste-reaktionen-wenig-enthusiastisch","status":"publish","type":"post","link":"https:\/\/www.iphone-ticker.de\/ios-15-erste-reaktionen-wenig-enthusiastisch-176100\/","title":{"rendered":"iOS 15: Erste Reaktionen wenig enthusiastisch"},"content":{"rendered":"<p>Der auf Wiederverk\u00e4ufer gebrauchter Mobiltelefone abzielende Marktplatz SellCell hat die Ergebnisse einer Umfrage unter 3000 Apple-Nutzern <a href=\"https:\/\/www.sellcell.com\/blog\/iphone-13-and-ios-15-survey\/\">ver\u00f6ffentlicht<\/a>, die sich unter anderem zur ersten Vorabversion von iOS 15 und zum erwarteten Verkaufsstart des iPhone 13 im Herbst ge\u00e4u\u00dfert haben.<\/p>\n<p>Nichts was wissenschaftlich verwertbar w\u00e4re, aber eine Handvoll netter Statistiken, die ein grobes Stimmungsbild der Apple-Community zeichnen.<\/p>\n<p>Was auff\u00e4llt: W\u00e4hrend die gro\u00dfen Betriebssystem-Updates der zur\u00fcckliegenden Jahre bereits in der Betaphase f\u00fcr einen vorfreudigen Blick auf den Herbst sorgten, zucken viele iPhone-Nutzer in Sachen iOS 15 mit den Schultern.<\/p>\n<p>Mehr als die H\u00e4lfte der befragten Anwender (52,6%) bezeichnen sich als nur &#8222;slightly excited&#8220; oder &#8222;not at all excited&#8220;, wenn es um die baldige Bereitstellung von iOS 15 geht. Als &#8222;extremly excited&#8220; oder &#8222;very excited&#8220; ordnen sich lediglich 19,3% ein.<\/p>\n<p><a href=\"https:\/\/images.iphone-ticker.de\/wp-content\/uploads\/2021\/06\/how-excited-are-you-about-ios-ipados-15.png\"><img loading=\"lazy\" decoding=\"async\" class=\"aligncenter size-large wp-image-176102\" src=\"https:\/\/images.iphone-ticker.de\/wp-content\/uploads\/2021\/06\/how-excited-are-you-about-ios-ipados-15-700x355.png\" alt=\"How Excited Are You About Ios Ipados 15\" width=\"700\" height=\"355\" srcset=\"https:\/\/images.iphone-ticker.de\/wp-content\/uploads\/2021\/06\/how-excited-are-you-about-ios-ipados-15-700x355.png 700w, https:\/\/images.iphone-ticker.de\/wp-content\/uploads\/2021\/06\/how-excited-are-you-about-ios-ipados-15-500x254.png 500w, https:\/\/images.iphone-ticker.de\/wp-content\/uploads\/2021\/06\/how-excited-are-you-about-ios-ipados-15.png 1024w\" sizes=\"auto, (max-width: 700px) 100vw, 700px\" \/><\/a><\/p>\n<h2>iOS 15: Diese Features gefallen<\/h2>\n<p>Was die neuen Features des n\u00e4chsten gro\u00dfen System-Updates angeht, freuen sich 23% auf das aktualisierte Wallet, 17,3% fiebern der \u00fcberarbeiteten Spotlight-Suche entgegen, auf die neuen Wo ist?-Funktionen freuen sich 14.2%. SharePlay (10,1%) und LiveText (9%) tauchen nur bei jedem 10. Nutzer auf der Liste der Feature-Favoriten auf.<\/p>\n<h2>iOS 15: Diese Features fehlen<\/h2>\n<p>Danach befragt, welche Funktionen in iOS 15 vermisst werden, verweist fast jeder Dritte (32,3%) auf interaktive Widgets. 21% h\u00e4tten sich einen Always-On-Modus f\u00fcr das iPhone-Display gew\u00fcnscht. 14,9% haben mehr Pro Tools (wie Xcode, Final Cut Pro, etc.) f\u00fcr das iPad erwartet. 8% w\u00fcrden sich dar\u00fcber freuen, wenn das iPad endlich die volle Unterst\u00fctzung f\u00fcr Nutzer-Accounts implementieren w\u00fcrde.<\/p>\n<h2>Lieber kein &#8222;iPhone 13&#8220;<\/h2>\n<p>Spannend f\u00e4llt auch das Feedback zur Namensgebung des n\u00e4chsten iPhones aus. Einer von f\u00fcnf Apple-Nutzern (18,3 %) spricht sich gegen das &#8222;iPhone 13&#8220; bzw. die 13 im Namen der n\u00e4chsten Ger\u00e4te-Generation aus.<\/p>\n<p><img loading=\"lazy\" decoding=\"async\" src=\"https:\/\/vg01.met.vgwort.de\/na\/de1a3e04082049478aaa1aaaca8a6ddb\" width=\"1\" height=\"1\" no-lazy class=\"tracking\"><\/p>\n","protected":false},"excerpt":{"rendered":"<a href=\"https:\/\/www.iphone-ticker.de\/ios-15-erste-reaktionen-wenig-enthusiastisch-176100\/\"><img width=\"150\" height=\"150\" src=\"https:\/\/images.iphone-ticker.de\/wp-content\/uploads\/2021\/06\/ios-15-feature-150x150.jpg\" class=\"alignright tfe wp-post-image\" alt=\"Ios 15 Feature\" decoding=\"async\" loading=\"lazy\" \/><\/a><p>Der auf Wiederverk\u00e4ufer gebrauchter Mobiltelefone abzielende Marktplatz SellCell hat die Ergebnisse einer Umfrage unter 3000 Apple-Nutzern ver\u00f6ffentlicht, die sich unter anderem zur ersten Vorabversion von iOS 15 und zum erwarteten Verkaufsstart des iPhone 13 im Herbst ge\u00e4u\u00dfert haben. Nichts was wissenschaftlich verwertbar w\u00e4re, aber eine Handvoll netter Statistiken, die ein grobes Stimmungsbild der Apple-Community zeichnen. [&hellip;]<\/p>\n","protected":false},"author":1,"featured_media":176103,"comment_status":"open","ping_status":"closed","sticky":false,"template":"","format":"standard","meta":{"footnotes":""},"categories":[639],"tags":[5562,342,49],"class_list":["post-176100","post","type-post","status-publish","format-standard","has-post-thumbnail","hentry","category-ios","tag-ios-15","tag-umfrage","tag-zahlen"],"aioseo_notices":[],"subheadline":["Diese Features fehlen","Diese Features fehlen"],"featured_image":["https:\/\/images.iphone-ticker.de\/wp-content\/uploads\/2021\/06\/ios-15-feature.jpg"],"rest_api_enabler":{"subheadline":["Diese Features fehlen","Diese Features fehlen"],"featured_image":"https:\/\/images.iphone-ticker.de\/wp-content\/uploads\/2021\/06\/ios-15-feature.jpg"},"_links":{"self":[{"href":"https:\/\/www.iphone-ticker.de\/apiv2\/wp\/v2\/posts\/176100","targetHints":{"allow":["GET"]}}],"collection":[{"href":"https:\/\/www.iphone-ticker.de\/apiv2\/wp\/v2\/posts"}],"about":[{"href":"https:\/\/www.iphone-ticker.de\/apiv2\/wp\/v2\/types\/post"}],"author":[{"embeddable":true,"href":"https:\/\/www.iphone-ticker.de\/apiv2\/wp\/v2\/users\/1"}],"replies":[{"embeddable":true,"href":"https:\/\/www.iphone-ticker.de\/apiv2\/wp\/v2\/comments?post=176100"}],"version-history":[{"count":3,"href":"https:\/\/www.iphone-ticker.de\/apiv2\/wp\/v2\/posts\/176100\/revisions"}],"predecessor-version":[{"id":176105,"href":"https:\/\/www.iphone-ticker.de\/apiv2\/wp\/v2\/posts\/176100\/revisions\/176105"}],"wp:featuredmedia":[{"embeddable":true,"href":"https:\/\/www.iphone-ticker.de\/apiv2\/wp\/v2\/media\/176103"}],"wp:attachment":[{"href":"https:\/\/www.iphone-ticker.de\/apiv2\/wp\/v2\/media?parent=176100"}],"wp:term":[{"taxonomy":"category","embeddable":true,"href":"https:\/\/www.iphone-ticker.de\/apiv2\/wp\/v2\/categories?post=176100"},{"taxonomy":"post_tag","embeddable":true,"href":"https:\/\/www.iphone-ticker.de\/apiv2\/wp\/v2\/tags?post=176100"}],"curies":[{"name":"wp","href":"https:\/\/api.w.org\/{rel}","templated":true}]}}