{"id":173518,"date":"2021-04-23T14:00:35","date_gmt":"2021-04-23T12:00:35","guid":{"rendered":"https:\/\/www.iphone-ticker.de\/?p=173518"},"modified":"2021-04-23T15:27:02","modified_gmt":"2021-04-23T13:27:02","slug":"bestellstart-fuer-airtags-und-das-iphone-12-in-violett","status":"publish","type":"post","link":"https:\/\/www.iphone-ticker.de\/bestellstart-fuer-airtags-und-das-iphone-12-in-violett-173518\/","title":{"rendered":"Bestellstart f\u00fcr AirTags und das iPhone 12 in Violett"},"content":{"rendered":"<p>Apple bietet jetzt die <a href=\"https:\/\/apple.sjv.io\/kj0rjn\">AirTags<\/a> und das neue <a href=\"https:\/\/apple.sjv.io\/PqYAX\">iPhone 12 in Violett<\/a> zur Vorbestellung an. Abh\u00e4ngig von den Lagerbest\u00e4nden sollen die neuen Produkte dann in einer Woche, von Freitag, dem 30. April an ausgeliefert werden.<\/p>\n<p><a href=\"https:\/\/images.iphone-ticker.de\/wp-content\/uploads\/2021\/04\/airtag-und-iphone.jpg\"><img loading=\"lazy\" decoding=\"async\" src=\"https:\/\/images.iphone-ticker.de\/wp-content\/uploads\/2021\/04\/airtag-und-iphone-500x364.jpg\" alt=\"Airtag Und Iphone\" width=\"500\" height=\"364\" class=\"alignnone size-medium wp-image-173521\" srcset=\"https:\/\/images.iphone-ticker.de\/wp-content\/uploads\/2021\/04\/airtag-und-iphone-500x364.jpg 500w, https:\/\/images.iphone-ticker.de\/wp-content\/uploads\/2021\/04\/airtag-und-iphone-700x509.jpg 700w, https:\/\/images.iphone-ticker.de\/wp-content\/uploads\/2021\/04\/airtag-und-iphone.jpg 1400w\" sizes=\"auto, (max-width: 500px) 100vw, 500px\" \/><\/a><\/p>\n<p>Apple beschreibt die <a href=\"https:\/\/apple.sjv.io\/kj0rjn\">AirTags<\/a> als \u201ekleines und elegantes Zubeh\u00f6r, das dabei hilft, wichtige Gegenst\u00e4nde mit Apples \u201eWo ist?\u201c App zu lokalisieren und zu finden\u201c. Die kreisrunden Chips messen drei Zentimeter im Durchmesser und lassen sich daf\u00fcr verwenden, Dinge die man regelm\u00e4\u00dfig verlegt, mithilfe der f\u00fcr iOS-Ger\u00e4te und den Mac verf\u00fcgbaren \u201eWo ist?\u201c-App aufzusp\u00fcren.<\/p>\n<p>Zu beachten ist allerdings, dass ein AirTag selbst keine M\u00f6glichkeit zur Befestigung beispielsweise an einem Schl\u00fcsselbund bietet. Wenn dies gew\u00fcnscht ist, m\u00fcsst ihr entweder zu dem von Apple zu Preisen ab 35 Euro angebotenen Originalzubeh\u00f6r greifen, oder euer Gl\u00fcck mit dem in gro\u00dfer Zahl angebotenen <a href=\"https:\/\/www.iphone-ticker.de\/airtags-guenstige-anhaenger-und-schutzhuellen-fluten-amazon-173370\/\" title=\"AirTags: G\u00fcnstige Anh\u00e4nger und Schutzh\u00fcllen fluten Amazon\">Zubeh\u00f6r von Drittanbietern<\/a> versuchen.<\/p>\n<p><a href=\"https:\/\/images.iphone-ticker.de\/wp-content\/uploads\/2021\/04\/airtags-funktionsuebersicht.jpg\"><img loading=\"lazy\" decoding=\"async\" src=\"https:\/\/images.iphone-ticker.de\/wp-content\/uploads\/2021\/04\/airtags-funktionsuebersicht-700x391.jpg\" alt=\"Airtags Funktionsuebersicht\" width=\"700\" height=\"391\" class=\"alignnone size-large wp-image-173523\" srcset=\"https:\/\/images.iphone-ticker.de\/wp-content\/uploads\/2021\/04\/airtags-funktionsuebersicht-700x391.jpg 700w, https:\/\/images.iphone-ticker.de\/wp-content\/uploads\/2021\/04\/airtags-funktionsuebersicht-500x279.jpg 500w, https:\/\/images.iphone-ticker.de\/wp-content\/uploads\/2021\/04\/airtags-funktionsuebersicht.jpg 1400w\" sizes=\"auto, (max-width: 700px) 100vw, 700px\" \/><\/a><\/p>\n<p>Die AirTags selbst werden einzeln f\u00fcr 35 Euro oder im Viererpack f\u00fcr 119 Euro angeboten. Apples Originalzubeh\u00f6r beginnt mit Anh\u00e4ngern aus Polyurethan in den Farben Wei\u00df, Deep Navy, Sonnenblume und Electric Orange bei 35 Euro. Wer es darauf anlegt, kann sich auch einen Design-Anh\u00e4nger von Herm\u00e8s f\u00fcr 439 Euro rauslassen.<\/p>\n<h2>iPhone 12 jetzt in Violett<\/h2>\n<p>Ebenfalls von heute an sind die Smartphone-Modelle <a href=\"https:\/\/apple.sjv.io\/PqYAX\">iPhone 12 und iPhone 12 mini in Violett<\/a> erh\u00e4ltlich. In einem umgew\u00f6hnlichen Schachzug hat Apple die zus\u00e4tzliche Farboption f\u00fcr die Ger\u00e4te im Zusammenhang mit seinen weiteren Hardware-Ank\u00fcndigungen in dieser Woche vorgestellt.<\/p>\n<p><a href=\"https:\/\/images.iphone-ticker.de\/wp-content\/uploads\/2021\/04\/iphone-12-violett-1.jpg\"><img loading=\"lazy\" decoding=\"async\" src=\"https:\/\/images.iphone-ticker.de\/wp-content\/uploads\/2021\/04\/iphone-12-violett-1-700x596.jpg\" alt=\"Iphone 12 Violett\" width=\"700\" height=\"596\" class=\"alignnone size-large wp-image-173522\" srcset=\"https:\/\/images.iphone-ticker.de\/wp-content\/uploads\/2021\/04\/iphone-12-violett-1-700x596.jpg 700w, https:\/\/images.iphone-ticker.de\/wp-content\/uploads\/2021\/04\/iphone-12-violett-1-500x426.jpg 500w, https:\/\/images.iphone-ticker.de\/wp-content\/uploads\/2021\/04\/iphone-12-violett-1.jpg 1400w\" sizes=\"auto, (max-width: 700px) 100vw, 700px\" \/><\/a><\/p>\n<p>Technisch bleiben die beiden iPhone-Modelle mit ihren 5,4\u201c beziehungsweise 6,1 Zoll gro\u00dfen Bildschirmen dabei unver\u00e4ndert. Apple liefert die Ger\u00e4te lediglich von kommender Woche an in einem den Worten der Ank\u00fcndigung zufolge \u201eatemberaubenden neuen Violett\u201c aus. Damit stehen neben den bereits verf\u00fcgbaren Varianten Blau, Gr\u00fcn, Schwarz, Wei\u00df und Rot mit Violett hier nun sechs verschieden Farboptionen zur Auswahl. Die beiden iPhone-Modelle sind zu Preisen ab 799 Euro beziehungsweise 899 Euro erh\u00e4ltlich.<img loading=\"lazy\" decoding=\"async\" src=\"https:\/\/vg05.met.vgwort.de\/na\/f0c51857abfb440ca53c4a79be7a2b0c\" width=\"1\" height=\"1\" no-lazy class=\"tracking\"><\/p>\n","protected":false},"excerpt":{"rendered":"<a href=\"https:\/\/www.iphone-ticker.de\/bestellstart-fuer-airtags-und-das-iphone-12-in-violett-173518\/\"><img width=\"150\" height=\"150\" src=\"https:\/\/images.iphone-ticker.de\/wp-content\/uploads\/2021\/04\/airtags-funktionsuebersicht-150x150.jpg\" class=\"alignright tfe wp-post-image\" alt=\"Airtags Funktionsuebersicht\" decoding=\"async\" loading=\"lazy\" \/><\/a><p>Apple bietet jetzt die AirTags und das neue iPhone 12 in Violett zur Vorbestellung an. Abh\u00e4ngig von den Lagerbest\u00e4nden sollen die neuen Produkte dann in einer Woche, von Freitag, dem 30. April an ausgeliefert werden. Apple beschreibt die AirTags als \u201ekleines und elegantes Zubeh\u00f6r, das dabei hilft, wichtige Gegenst\u00e4nde mit Apples \u201eWo ist?\u201c App zu [&hellip;]<\/p>\n","protected":false},"author":2,"featured_media":173523,"comment_status":"open","ping_status":"closed","sticky":false,"template":"","format":"standard","meta":{"footnotes":""},"categories":[14],"tags":[5031,5603,344],"class_list":["post-173518","post","type-post","status-publish","format-standard","has-post-thumbnail","hentry","category-apple","tag-airtags","tag-bestellstart","tag-iphone"],"aioseo_notices":[],"featured_image":["https:\/\/images.iphone-ticker.de\/wp-content\/uploads\/2021\/04\/airtags-leder-feature.jpg"],"subheadline":["Auslieferung ab n\u00e4chsten Freitag"],"rest_api_enabler":{"featured_image":"https:\/\/images.iphone-ticker.de\/wp-content\/uploads\/2021\/04\/airtags-leder-feature.jpg","subheadline":"Auslieferung ab n\u00e4chsten Freitag"},"_links":{"self":[{"href":"https:\/\/www.iphone-ticker.de\/apiv2\/wp\/v2\/posts\/173518","targetHints":{"allow":["GET"]}}],"collection":[{"href":"https:\/\/www.iphone-ticker.de\/apiv2\/wp\/v2\/posts"}],"about":[{"href":"https:\/\/www.iphone-ticker.de\/apiv2\/wp\/v2\/types\/post"}],"author":[{"embeddable":true,"href":"https:\/\/www.iphone-ticker.de\/apiv2\/wp\/v2\/users\/2"}],"replies":[{"embeddable":true,"href":"https:\/\/www.iphone-ticker.de\/apiv2\/wp\/v2\/comments?post=173518"}],"version-history":[{"count":5,"href":"https:\/\/www.iphone-ticker.de\/apiv2\/wp\/v2\/posts\/173518\/revisions"}],"predecessor-version":[{"id":173531,"href":"https:\/\/www.iphone-ticker.de\/apiv2\/wp\/v2\/posts\/173518\/revisions\/173531"}],"wp:featuredmedia":[{"embeddable":true,"href":"https:\/\/www.iphone-ticker.de\/apiv2\/wp\/v2\/media\/173523"}],"wp:attachment":[{"href":"https:\/\/www.iphone-ticker.de\/apiv2\/wp\/v2\/media?parent=173518"}],"wp:term":[{"taxonomy":"category","embeddable":true,"href":"https:\/\/www.iphone-ticker.de\/apiv2\/wp\/v2\/categories?post=173518"},{"taxonomy":"post_tag","embeddable":true,"href":"https:\/\/www.iphone-ticker.de\/apiv2\/wp\/v2\/tags?post=173518"}],"curies":[{"name":"wp","href":"https:\/\/api.w.org\/{rel}","templated":true}]}}