{"id":173348,"date":"2021-04-21T11:00:21","date_gmt":"2021-04-21T09:00:21","guid":{"rendered":"https:\/\/www.iphone-ticker.de\/?p=173348"},"modified":"2021-04-21T11:00:21","modified_gmt":"2021-04-21T09:00:21","slug":"airtags-ausgekluegelte-funktionen-und-teures-zubehoer","status":"publish","type":"post","link":"https:\/\/www.iphone-ticker.de\/airtags-ausgekluegelte-funktionen-und-teures-zubehoer-173348\/","title":{"rendered":"AirTags: Ausgekl\u00fcgelte Funktionen und teures Zubeh\u00f6r"},"content":{"rendered":"<p>Mit Blick auf die gestrigen Ank\u00fcndigung der <a href=\"https:\/\/apple.sjv.io\/kj0rjn\">AirTags<\/a> blieb eine Reihe von Fragen zu den Eigenschaften des neuen Zubeh\u00f6rs offen. Allem voran ist hier auch die Gr\u00f6\u00dfe des neuen Zubeh\u00f6rs zu erw\u00e4hnen. Mit einem Durchmesser von 3,2 Zentimetern f\u00e4llt der Anh\u00e4nger gr\u00f6\u00dfer als die Zwei-Euro-M\u00fcnze aus (2,6 Zentimeter) und sind mit 0,8 Zentimeter auch dicker, als dies auf vielen Bildern wirkt.<\/p>\n<p><a href=\"https:\/\/images.iphone-ticker.de\/wp-content\/uploads\/2021\/04\/apple-airtag-groesse.jpg\"><img loading=\"lazy\" decoding=\"async\" src=\"https:\/\/images.iphone-ticker.de\/wp-content\/uploads\/2021\/04\/apple-airtag-groesse-500x347.jpg\" alt=\"Apple Airtag Groesse\" width=\"500\" height=\"347\" class=\"alignnone size-medium wp-image-173358\" srcset=\"https:\/\/images.iphone-ticker.de\/wp-content\/uploads\/2021\/04\/apple-airtag-groesse-500x347.jpg 500w, https:\/\/images.iphone-ticker.de\/wp-content\/uploads\/2021\/04\/apple-airtag-groesse-700x486.jpg 700w, https:\/\/images.iphone-ticker.de\/wp-content\/uploads\/2021\/04\/apple-airtag-groesse.jpg 1220w\" sizes=\"auto, (max-width: 500px) 100vw, 500px\" \/><\/a><\/p>\n<p>Die AirTags sind mit einer auswechselbaren CR2032-Batterie ausgestattet, die Apple zufolge bis zu ein Jahr lang h\u00e4lt. Die Zeitangabe basiert auf der Annahme, dass dabei t\u00e4glich viermal ein Suchton \u00fcber den integrierten Lautsprecher abgespielt und einmal t\u00e4glich die sogenannte \u201eGenaue Suche\u201c aktiviert wird. Letzteres Beschreibt die M\u00f6glichkeit, sich vom iPhone direkt zu einem verlegten AirTag f\u00fchren zu lassen. Die Funktion basiert auf der Verwendung von Ultra\u00adbreitband-Technologie und steht somit nur mit den damit kompatiblen Generationen iPhone 11 und iPhone 12 zur Verf\u00fcgung.<\/p>\n<p><a href=\"https:\/\/images.iphone-ticker.de\/wp-content\/uploads\/2021\/04\/airtags-suche-iphone.jpg\"><img loading=\"lazy\" decoding=\"async\" src=\"https:\/\/images.iphone-ticker.de\/wp-content\/uploads\/2021\/04\/airtags-suche-iphone-700x458.jpg\" alt=\"Airtags Suche Iphone\" width=\"700\" height=\"458\" class=\"alignnone size-large wp-image-173355\" srcset=\"https:\/\/images.iphone-ticker.de\/wp-content\/uploads\/2021\/04\/airtags-suche-iphone-700x458.jpg 700w, https:\/\/images.iphone-ticker.de\/wp-content\/uploads\/2021\/04\/airtags-suche-iphone-500x327.jpg 500w, https:\/\/images.iphone-ticker.de\/wp-content\/uploads\/2021\/04\/airtags-suche-iphone.jpg 1400w\" sizes=\"auto, (max-width: 700px) 100vw, 700px\" \/><\/a><\/p>\n<h6>Rechts mit aktivierter &#8222;Genauen Suche&#8220;<\/h6>\n<p>Die elf Gramm leichten AirTags sind nach der Norm IP67 gegen Staub und Wasser gesch\u00fctzt. Dazu z\u00e4hlt auch, dass ein AirTag bis zu 30 Minuten in maximal einem Meter Tiefe unter Wasser liegen kann. Allerdings kann diese Eigenschaft laut Apple aufgrund der Abnutzung nicht dauerhaft gew\u00e4hrleistet werden.<\/p>\n<h2>Anonym \u00fcber Apples \u201eWo ist?\u201c-Netzwerk<\/h2>\n<p>Die AirTags unterst\u00fctzen die Standard-Funktionen von <a href=\"https:\/\/www.apple.com\/de\/icloud\/find-my\/\">Apples \u201eWo ist?\u201c-App<\/a>. Lassen sich also jederzeit Orten und bei Bedarf auch als \u201everloren\u201c markieren. Die Standortdaten bleiben dabei ebenso wie die Daten fremder Ger\u00e4te, die diese Information weiterleiten k\u00f6nnen, anonym.<\/p>\n<p><a href=\"https:\/\/images.iphone-ticker.de\/wp-content\/uploads\/2021\/04\/airtags-wo-ist-app.jpg\"><img loading=\"lazy\" decoding=\"async\" src=\"https:\/\/images.iphone-ticker.de\/wp-content\/uploads\/2021\/04\/airtags-wo-ist-app-700x553.jpg\" alt=\"Airtags Wo Ist App\" width=\"700\" height=\"553\" class=\"alignnone size-large wp-image-173357\" srcset=\"https:\/\/images.iphone-ticker.de\/wp-content\/uploads\/2021\/04\/airtags-wo-ist-app-700x553.jpg 700w, https:\/\/images.iphone-ticker.de\/wp-content\/uploads\/2021\/04\/airtags-wo-ist-app-500x395.jpg 500w, https:\/\/images.iphone-ticker.de\/wp-content\/uploads\/2021\/04\/airtags-wo-ist-app.jpg 1400w\" sizes=\"auto, (max-width: 700px) 100vw, 700px\" \/><\/a><\/p>\n<p>Apple hat auch eine Funktion implementiert, die heimliches Tracking verhindern soll. So werden iPhone-Besitzer dar\u00fcber informiert, wenn sie von einem AirTag \u201ebegleitet\u201c werden, der nicht ihnen selbst geh\u00f6rt. Dieser kann dann \u00fcber das eigene iPhone akustisch geortet werden.<\/p>\n<p>Umgekehrt sollen Falschmeldungen, beispielsweise wenn mehrere AirTag-Nutzer gemeinsam etwas unternehmen, ausgeschlossen werden. Die Benachrichtigungen zu unerlaubtem Tracking werden nur dann aktiviert, wenn sich der Besitzer des betreffenden AirTag nicht in der N\u00e4he befindet.<\/p>\n<h2>AirTag-Halterung will extra gekauft werden<\/h2>\n<p>Anders als die Schl\u00fcsselfindern von Tile oder Chipolo kommt der AirTag ohne Halterung oder dergleichen. Wer den kleinen Chip an den Koffer oder Schl\u00fcsselbund h\u00e4ngen will, muss auf erg\u00e4nzend angebotenes Zubeh\u00f6r zur\u00fcckgreifen. Der Standardpreis von 35 Euro f\u00fcr den AirTag verdoppelt sich auf diese Weise ganz schnell. So bietet Apple die passenden Anh\u00e4nger f\u00fcr weitere 35 Euro an, nach oben sind dem Ganzen kaum Grenzen gesetzt, so bietet Apple beispielsweise auch einen <a href=\"https:\/\/www.apple.com\/de\/shop\/product\/MX8A2ZM\/A\/airtag-herm%C3%A8s-gep%C3%A4ckanh%C3%A4nger\">Gep\u00e4ckanh\u00e4nger von Herm\u00e8s<\/a> zum Preis von 449 Euro als Zubeh\u00f6r an. G\u00fcnstiger sind die L\u00f6sungen von Drittanbieter wie Belkin, dessen <a href=\"https:\/\/www.apple.com\/de\/shop\/product\/HNPR2ZM\/A\/belkin-secure-holder-mit-schl%C3%BCsselanh%C3%A4nger\">Secure Holder mit S<\/a>chl\u00fcsselanh\u00e4nger in verschiedenen Farben f\u00fcr 13,95 Euro in den Handel kommt.<\/p>\n<p><a href=\"https:\/\/images.iphone-ticker.de\/wp-content\/uploads\/2021\/04\/apple-airtag-mit-schluesselanhaenger-belkin.jpg\"><img loading=\"lazy\" decoding=\"async\" src=\"https:\/\/images.iphone-ticker.de\/wp-content\/uploads\/2021\/04\/apple-airtag-mit-schluesselanhaenger-belkin-700x379.jpg\" alt=\"Apple Airtag Mit Schluesselanhaenger Belkin\" width=\"700\" height=\"379\" class=\"alignnone size-large wp-image-173353\" srcset=\"https:\/\/images.iphone-ticker.de\/wp-content\/uploads\/2021\/04\/apple-airtag-mit-schluesselanhaenger-belkin-700x379.jpg 700w, https:\/\/images.iphone-ticker.de\/wp-content\/uploads\/2021\/04\/apple-airtag-mit-schluesselanhaenger-belkin-500x270.jpg 500w, https:\/\/images.iphone-ticker.de\/wp-content\/uploads\/2021\/04\/apple-airtag-mit-schluesselanhaenger-belkin.jpg 1400w\" sizes=\"auto, (max-width: 700px) 100vw, 700px\" \/><\/a><br \/>\n<img loading=\"lazy\" decoding=\"async\" src=\"https:\/\/vg05.met.vgwort.de\/na\/fbde1b81f9bf4af684427424ad53914a\" width=\"1\" height=\"1\" no-lazy class=\"tracking\"> <\/p>\n","protected":false},"excerpt":{"rendered":"<a href=\"https:\/\/www.iphone-ticker.de\/airtags-ausgekluegelte-funktionen-und-teures-zubehoer-173348\/\"><img width=\"150\" height=\"150\" src=\"https:\/\/images.iphone-ticker.de\/wp-content\/uploads\/2021\/04\/apple-airtag-groesse-150x150.jpg\" class=\"alignright tfe wp-post-image\" alt=\"Apple Airtag Groesse\" decoding=\"async\" loading=\"lazy\" \/><\/a><p>Mit Blick auf die gestrigen Ank\u00fcndigung der AirTags blieb eine Reihe von Fragen zu den Eigenschaften des neuen Zubeh\u00f6rs offen. Allem voran ist hier auch die Gr\u00f6\u00dfe des neuen Zubeh\u00f6rs zu erw\u00e4hnen. Mit einem Durchmesser von 3,2 Zentimetern f\u00e4llt der Anh\u00e4nger gr\u00f6\u00dfer als die Zwei-Euro-M\u00fcnze aus (2,6 Zentimeter) und sind mit 0,8 Zentimeter auch dicker, [&hellip;]<\/p>\n","protected":false},"author":2,"featured_media":173358,"comment_status":"open","ping_status":"closed","sticky":false,"template":"","format":"standard","meta":{"footnotes":""},"categories":[1],"tags":[5031,3912],"class_list":["post-173348","post","type-post","status-publish","format-standard","has-post-thumbnail","hentry","category-news","tag-airtags","tag-apple"],"aioseo_notices":[],"subheadline":["Herm\u00e8s-Halter kostet mehr als ein iPad"],"featured_image":["https:\/\/images.iphone-ticker.de\/wp-content\/uploads\/2021\/04\/apple-airtags.jpg"],"rest_api_enabler":{"subheadline":"Herm\u00e8s-Halter kostet mehr als ein iPad","featured_image":"https:\/\/images.iphone-ticker.de\/wp-content\/uploads\/2021\/04\/apple-airtags.jpg"},"_links":{"self":[{"href":"https:\/\/www.iphone-ticker.de\/apiv2\/wp\/v2\/posts\/173348","targetHints":{"allow":["GET"]}}],"collection":[{"href":"https:\/\/www.iphone-ticker.de\/apiv2\/wp\/v2\/posts"}],"about":[{"href":"https:\/\/www.iphone-ticker.de\/apiv2\/wp\/v2\/types\/post"}],"author":[{"embeddable":true,"href":"https:\/\/www.iphone-ticker.de\/apiv2\/wp\/v2\/users\/2"}],"replies":[{"embeddable":true,"href":"https:\/\/www.iphone-ticker.de\/apiv2\/wp\/v2\/comments?post=173348"}],"version-history":[{"count":8,"href":"https:\/\/www.iphone-ticker.de\/apiv2\/wp\/v2\/posts\/173348\/revisions"}],"predecessor-version":[{"id":173363,"href":"https:\/\/www.iphone-ticker.de\/apiv2\/wp\/v2\/posts\/173348\/revisions\/173363"}],"wp:featuredmedia":[{"embeddable":true,"href":"https:\/\/www.iphone-ticker.de\/apiv2\/wp\/v2\/media\/173358"}],"wp:attachment":[{"href":"https:\/\/www.iphone-ticker.de\/apiv2\/wp\/v2\/media?parent=173348"}],"wp:term":[{"taxonomy":"category","embeddable":true,"href":"https:\/\/www.iphone-ticker.de\/apiv2\/wp\/v2\/categories?post=173348"},{"taxonomy":"post_tag","embeddable":true,"href":"https:\/\/www.iphone-ticker.de\/apiv2\/wp\/v2\/tags?post=173348"}],"curies":[{"name":"wp","href":"https:\/\/api.w.org\/{rel}","templated":true}]}}