{"id":172597,"date":"2021-04-06T10:32:51","date_gmt":"2021-04-06T08:32:51","guid":{"rendered":"https:\/\/www.iphone-ticker.de\/?p=172597"},"modified":"2021-04-06T10:44:42","modified_gmt":"2021-04-06T08:44:42","slug":"ard-mediathek-mit-neuem-klassik-angebot","status":"publish","type":"post","link":"https:\/\/www.iphone-ticker.de\/ard-mediathek-mit-neuem-klassik-angebot-172597\/","title":{"rendered":"Von Filmmusik bis Callas: ARD Mediathek mit neuem Klassik-Angebot"},"content":{"rendered":"<p>\u00dcber das Oster-Wochenende hat die ARD ihre <a rel=\"noindex, nofollow\" href=\"http:\/\/www.ifun.de\/app\/981496660\">offizielle Mediathek<\/a> ausgebaut und dieser nun einen neuen Klassik-Bereich mit auf den Weg gegeben, der den Zugriff auf zahlreiche klassische Musikinhalte von Barock bis Filmmusik anbietet. Im Web ist die neue Kategorie-Ansicht unter der Adresse <a href=\"https:\/\/ard-klassik.de\">ard-klassik.de<\/a> zu erreichen.<\/p>\n<p><a href=\"https:\/\/images.iphone-ticker.de\/wp-content\/uploads\/2021\/04\/ard-klassik-web.jpg\"><img loading=\"lazy\" decoding=\"async\" class=\"aligncenter size-medium wp-image-172599\" src=\"https:\/\/images.iphone-ticker.de\/wp-content\/uploads\/2021\/04\/ard-klassik-web-500x332.jpg\" alt=\"Ard Klassik Web\" width=\"500\" height=\"332\" srcset=\"https:\/\/images.iphone-ticker.de\/wp-content\/uploads\/2021\/04\/ard-klassik-web-500x332.jpg 500w, https:\/\/images.iphone-ticker.de\/wp-content\/uploads\/2021\/04\/ard-klassik-web-700x465.jpg 700w, https:\/\/images.iphone-ticker.de\/wp-content\/uploads\/2021\/04\/ard-klassik-web.jpg 1102w\" sizes=\"auto, (max-width: 500px) 100vw, 500px\" \/><\/a><\/p>\n<h2>In der App und im Web<\/h2>\n<p>Hier k\u00f6nnen interessierte Anwender die Aufnahmen aller Landesrundfunkanstalten (sowie deren Orchester und Ch\u00f6re) erstmals auf einer gemeinsamen Plattform durchst\u00f6bern, begutachten und anh\u00f6ren.<\/p>\n<p>Das Angebot richtet sich dabei nicht ausschlie\u00dflich an Klassik-Fans sondern nimmt auch Einsteiger an die Hand und f\u00fchrt diese durch kuratierte Kategorie-Zusammenstellungen wie &#8222;Gute Laune mit Klassik&#8220;, &#8222;Italienisch Kochen mit Klassik&#8220; und &#8222;Eine musikalische Auszeit in Spielfilml\u00e4nge&#8220; die ein Best-Of der ARD-Eigenaufnahmen pr\u00e4sentieren und auch die Nutzer erreichen, die mit diskreten Bezeichnungen wie &#8222;Schostakowitsch \u00b7 Jazz Suite 2: Walzer 2&#8220; eher wenig anfangen k\u00f6nnen.<\/p>\n<p><a href=\"https:\/\/images.iphone-ticker.de\/wp-content\/uploads\/2021\/04\/ard-klassik-app.jpg\"><img loading=\"lazy\" decoding=\"async\" class=\"aligncenter size-large wp-image-172598\" src=\"https:\/\/images.iphone-ticker.de\/wp-content\/uploads\/2021\/04\/ard-klassik-app-700x601.jpg\" alt=\"Ard Klassik App\" width=\"700\" height=\"601\" srcset=\"https:\/\/images.iphone-ticker.de\/wp-content\/uploads\/2021\/04\/ard-klassik-app-700x601.jpg 700w, https:\/\/images.iphone-ticker.de\/wp-content\/uploads\/2021\/04\/ard-klassik-app-500x429.jpg 500w, https:\/\/images.iphone-ticker.de\/wp-content\/uploads\/2021\/04\/ard-klassik-app.jpg 1500w\" sizes=\"auto, (max-width: 700px) 100vw, 700px\" \/><\/a><\/p>\n<p>Das neue Portal kombiniert reine Ton-Aufnahmen mit Video-Mitschnitten und zeigt sowohl aktuelle Aufnahmen als auch Archiv-Mitschnitte wie etwa den von Maria Callas vor dem NDR Sinfonieorchester.<\/p>\n<h2>Gro\u00dfe Themenwelt mit Eigenaufnahmen<\/h2>\n<p>Nach Angaben der ARD-Verantwortlichen ist der neue Klassik-Bereich des ARD als dauerhaftes Repertoire angelegt, das einen breiten Klangk\u00f6rpern zur Verf\u00fcgung stellen wird und sukzessive weiter ausgebaut werden soll. Zu den Highlights der Startaufstellung z\u00e4hlen aktuell Mitschnitte von Dirigenten wie Teodor Currentzis, Alan Gilbert, Bernard Haitink, Mariss Jansons, Zubin Mehta, Esa-Pekka Salonen und Solo-St\u00fccke von Lang Lang, Martha Argerich, Giora Feidman, Julia Fischer, Igor Levit oder Anna Netrebko.<\/p>\n<p>Die neue Themenwelt Klassik erweitert die ARD Mediathek nur wenige Wochen nachdem diese zum Jahresanfang einen neuen Abruf-Rekord einstellen konnte: Im Januar z\u00e4hlte die Mediathek mit 170 Millionen Zugriffen eine so starke Nutzung wie noch nie.<\/p>\n<!-- WP-Appbox (Version: 4.5.12 \/\/ Store: appstore \/\/ ID: 981496660) -->\t<!-- app-link -->\n\t<div id=\"article-single-app-preview\">\n\t\t<div id=\"article-single-app-preview-header\">\n\t\t\t<span class=\"title\">Laden im App Store<\/span>\n\t\t<\/div>\n\t\t<div id=\"article-single-app-preview-content\">\n\t\t\t<div id=\"article-single-app-preview-img\"><img loading=\"lazy\" decoding=\"async\" src=\"\/\/www.iphone-ticker.de\/wp-content\/cache\/wp-appbox\/978fe06233ed38b79f33bb5310348315\/ai-39dfb821599f8f129df5bc47643f1de3\" alt=\"ARD Mediathek\"  height=\"72\" width=\"72\" class=\"asl-icon-img\" \/><\/div>\n\t\t\t<div id=\"article-single-app-preview-desc\">\n\t\t\t\t<span class=\"name\">ARD Mediathek<\/span><br \/>\n\t\t\t\t<span class=\"seller\">Entwickler: <a target=\"_blank\" rel=\"nofollow\" href=\"https:\/\/apps.apple.com\/de\/developer\/sudwestrundfunk-anstalt-des-offentlichen-rechts\/id610313722\">Sudwestrundfunk, Anstalt des offentlichen Rechts<\/a><\/span>\n\t\t\t<\/div>\n\t\t\t<a target=\"_blank\" rel=\"nofollow\" href=\"https:\/\/apps.apple.com\/de\/app\/ard-mediathek\/id981496660\"><div id=\"article-single-app-preview-download\">Preis: Kostenlos<br \/>\n\t\t\t<span class=\"size\">Laden<\/span><\/div><\/a>\n\t\t<\/div>\n\t\t<!-- <div id=\"article-single-app-preview-footer\"><\/div>\t-->\n\t<\/div>\n\t<!-- app-link\/ende --><!-- \/WP-Appbox -->\n<p><img loading=\"lazy\" decoding=\"async\" src=\"https:\/\/vg02.met.vgwort.de\/na\/78d8bed31a78497e8f97ea38dfcf3c6e\" width=\"1\" height=\"1\" no-lazy class=\"tracking\"><\/p>\n","protected":false},"excerpt":{"rendered":"<a href=\"https:\/\/www.iphone-ticker.de\/ard-mediathek-mit-neuem-klassik-angebot-172597\/\"><img width=\"150\" height=\"150\" src=\"https:\/\/images.iphone-ticker.de\/wp-content\/uploads\/2021\/04\/ard-klassik-feature-150x150.jpg\" class=\"alignright tfe wp-post-image\" alt=\"Ard Klassik Feature\" decoding=\"async\" loading=\"lazy\" \/><\/a><p>\u00dcber das Oster-Wochenende hat die ARD ihre offizielle Mediathek ausgebaut und dieser nun einen neuen Klassik-Bereich mit auf den Weg gegeben, der den Zugriff auf zahlreiche klassische Musikinhalte von Barock bis Filmmusik anbietet. Im Web ist die neue Kategorie-Ansicht unter der Adresse ard-klassik.de zu erreichen. In der App und im Web Hier k\u00f6nnen interessierte Anwender [&hellip;]<\/p>\n","protected":false},"author":1,"featured_media":172600,"comment_status":"open","ping_status":"closed","sticky":false,"template":"","format":"standard","meta":{"footnotes":""},"categories":[39],"tags":[514,3109,914,77,74],"class_list":["post-172597","post","type-post","status-publish","format-standard","has-post-thumbnail","hentry","category-apps","tag-ard","tag-klassik","tag-mediathek","tag-musik","tag-tipp"],"aioseo_notices":[],"subheadline":["Gro\u00dfe Themenwelt mit Eigenaufnahmen"],"featured_image":["https:\/\/images.iphone-ticker.de\/wp-content\/uploads\/2021\/04\/ard-klassik-feature.jpg"],"rest_api_enabler":{"subheadline":"Gro\u00dfe Themenwelt mit Eigenaufnahmen","featured_image":"https:\/\/images.iphone-ticker.de\/wp-content\/uploads\/2021\/04\/ard-klassik-feature.jpg"},"_links":{"self":[{"href":"https:\/\/www.iphone-ticker.de\/apiv2\/wp\/v2\/posts\/172597","targetHints":{"allow":["GET"]}}],"collection":[{"href":"https:\/\/www.iphone-ticker.de\/apiv2\/wp\/v2\/posts"}],"about":[{"href":"https:\/\/www.iphone-ticker.de\/apiv2\/wp\/v2\/types\/post"}],"author":[{"embeddable":true,"href":"https:\/\/www.iphone-ticker.de\/apiv2\/wp\/v2\/users\/1"}],"replies":[{"embeddable":true,"href":"https:\/\/www.iphone-ticker.de\/apiv2\/wp\/v2\/comments?post=172597"}],"version-history":[{"count":2,"href":"https:\/\/www.iphone-ticker.de\/apiv2\/wp\/v2\/posts\/172597\/revisions"}],"predecessor-version":[{"id":172602,"href":"https:\/\/www.iphone-ticker.de\/apiv2\/wp\/v2\/posts\/172597\/revisions\/172602"}],"wp:featuredmedia":[{"embeddable":true,"href":"https:\/\/www.iphone-ticker.de\/apiv2\/wp\/v2\/media\/172600"}],"wp:attachment":[{"href":"https:\/\/www.iphone-ticker.de\/apiv2\/wp\/v2\/media?parent=172597"}],"wp:term":[{"taxonomy":"category","embeddable":true,"href":"https:\/\/www.iphone-ticker.de\/apiv2\/wp\/v2\/categories?post=172597"},{"taxonomy":"post_tag","embeddable":true,"href":"https:\/\/www.iphone-ticker.de\/apiv2\/wp\/v2\/tags?post=172597"}],"curies":[{"name":"wp","href":"https:\/\/api.w.org\/{rel}","templated":true}]}}