{"id":172064,"date":"2021-03-24T13:41:40","date_gmt":"2021-03-24T12:41:40","guid":{"rendered":"https:\/\/www.iphone-ticker.de\/?p=172064"},"modified":"2021-03-24T13:44:26","modified_gmt":"2021-03-24T12:44:26","slug":"iphone-13-frontglas-soll-kleinere-aussparung-zeigen","status":"publish","type":"post","link":"https:\/\/www.iphone-ticker.de\/iphone-13-frontglas-soll-kleinere-aussparung-zeigen-172064\/","title":{"rendered":"iPhone 13: Frontglas soll kleinere Aussparung zeigen"},"content":{"rendered":"<p>Ob die n\u00e4chste iPhone-Generation \u00fcber einen Fingerabdruck-Scanner unter dem Display verf\u00fcgt, ist eben so ungewiss wie die Frage, ob Apple die Sensor-Aussparung beim diesj\u00e4hrigen iPhone-Model \u00fcberarbeiten wird. Deren Innereien haben sich in den zur\u00fcckliegenden Jahren bereits ge\u00e4ndert, optisch ist die so genannte &#8222;Notch&#8220; jedoch immer noch identisch mit der, die Apple 2017 beim iPhone X eingef\u00fchrt hat.<\/p>\n<p><a href=\"https:\/\/images.iphone-ticker.de\/wp-content\/uploads\/2021\/03\/irepair.jpg\"><img loading=\"lazy\" decoding=\"async\" class=\"aligncenter size-medium wp-image-172065\" src=\"https:\/\/images.iphone-ticker.de\/wp-content\/uploads\/2021\/03\/irepair-500x500.jpg\" alt=\"Irepair\" width=\"500\" height=\"500\" srcset=\"https:\/\/images.iphone-ticker.de\/wp-content\/uploads\/2021\/03\/irepair-500x500.jpg 500w, https:\/\/images.iphone-ticker.de\/wp-content\/uploads\/2021\/03\/irepair-700x700.jpg 700w, https:\/\/images.iphone-ticker.de\/wp-content\/uploads\/2021\/03\/irepair-150x150.jpg 150w, https:\/\/images.iphone-ticker.de\/wp-content\/uploads\/2021\/03\/irepair.jpg 800w\" sizes=\"auto, (max-width: 500px) 100vw, 500px\" \/><\/a><\/p>\n<p>Die Ger\u00fcchtelage derzeit: Im kommenden Jahr soll die &#8222;Notch&#8220; erstmals etwas weniger Platz beanspruchen, so zusammenschrumpfen, dass links und rechts mehr vom Display erkannt werden kann und soll die hinter ihr versteckten Sensoren, Infrarot- und Kamera-Module neu anordnen.<\/p>\n<h2>Neue Position dank flacher Kanten?<\/h2>\n<p>Was dabei herauskommen k\u00f6nnte zeigt ein von Joe Rossignol ver\u00f6ffentlichtes Foto des griechischen Smartphone Reparatur-Anbieters <a href=\"https:\/\/irepair.gr\/\">iRepair<\/a>. Dieser hat erste Glasfronten aus China abgelichtet, die auf das n\u00e4chste iPhone-Modell passen sollen und mit einer deutlich schmaleren Display-Aussparung antreten.<\/p>\n<p>Auff\u00e4lligste Ver\u00e4nderung neben der Gr\u00f6\u00dfe: Der Lautsprecher Ausschnitt soll an den oberen Ger\u00e4te-Rand wandern. Eine Neu-Positionierung, die erst durch die flachen R\u00e4nder der iPhone 12-Familie m\u00f6glich geworden sein d\u00fcrfte &#8211; ein Hardware-Design, das weitgehend unver\u00e4ndert wohl auch im iPhone 13 zum Einsatz kommen wird.<\/p>\n<p><a href=\"https:\/\/images.iphone-ticker.de\/wp-content\/uploads\/2021\/03\/iphone-13-notch.jpg\"><img loading=\"lazy\" decoding=\"async\" class=\"aligncenter size-large wp-image-172067\" src=\"https:\/\/images.iphone-ticker.de\/wp-content\/uploads\/2021\/03\/iphone-13-notch-700x483.jpg\" alt=\"Iphone 13 Notch\" width=\"700\" height=\"483\" srcset=\"https:\/\/images.iphone-ticker.de\/wp-content\/uploads\/2021\/03\/iphone-13-notch-700x483.jpg 700w, https:\/\/images.iphone-ticker.de\/wp-content\/uploads\/2021\/03\/iphone-13-notch-500x345.jpg 500w, https:\/\/images.iphone-ticker.de\/wp-content\/uploads\/2021\/03\/iphone-13-notch-1536x1061.jpg 1536w, https:\/\/images.iphone-ticker.de\/wp-content\/uploads\/2021\/03\/iphone-13-notch.jpg 1600w\" sizes=\"auto, (max-width: 700px) 100vw, 700px\" \/><\/a><\/p>\n<h2>Ohrh\u00f6rer auch Lautsprecher<\/h2>\n<p>Was viele Anwenderinnen und Anwender nicht wissen: Den Ohrh\u00f6rer nutzt das iPhone nicht nur f\u00fcr Telefonate. Beim Videokonsum im Querformat \u00fcbernimmt die &#8222;H\u00f6rermuschel&#8220; die Funktion eines Stereo-Lautsprechers und sorgt in Kombination mit den Lautsprechern auf der Ger\u00e4te-Unterseite f\u00fcr einen relativ lauten Stereoklang.<\/p>\n<p>Das Foto der Reparatur-Anbieter, das zuerst von dem Apple-Blog MacRumors.com <a href=\"https:\/\/www.macrumors.com\/2021\/03\/23\/alleged-iphone-13-front-glass-photo\/\">ver\u00f6ffentlicht wurde<\/a>, zeigt drei Frontgl\u00e4ser f\u00fcr die auch in diesem Jahr angebotenen iPhone-Varianten mit 5,4 Zoll, 6,1 Zoll und 6,7 Zoll.<\/p>\n<p><img loading=\"lazy\" decoding=\"async\" class=\"tracking\" src=\"https:\/\/vg02.met.vgwort.de\/na\/dc49f03c276d435584a51f0f8e175fa7\" width=\"1\" height=\"1\" \/><\/p>\n","protected":false},"excerpt":{"rendered":"<a href=\"https:\/\/www.iphone-ticker.de\/iphone-13-frontglas-soll-kleinere-aussparung-zeigen-172064\/\"><img width=\"150\" height=\"150\" src=\"https:\/\/images.iphone-ticker.de\/wp-content\/uploads\/2021\/03\/iphone-13-notch-150x150.jpg\" class=\"alignright tfe wp-post-image\" alt=\"Iphone 13 Notch\" decoding=\"async\" loading=\"lazy\" \/><\/a><p>Ob die n\u00e4chste iPhone-Generation \u00fcber einen Fingerabdruck-Scanner unter dem Display verf\u00fcgt, ist eben so ungewiss wie die Frage, ob Apple die Sensor-Aussparung beim diesj\u00e4hrigen iPhone-Model \u00fcberarbeiten wird. Deren Innereien haben sich in den zur\u00fcckliegenden Jahren bereits ge\u00e4ndert, optisch ist die so genannte &#8222;Notch&#8220; jedoch immer noch identisch mit der, die Apple 2017 beim iPhone X [&hellip;]<\/p>\n","protected":false},"author":1,"featured_media":172067,"comment_status":"open","ping_status":"closed","sticky":false,"template":"","format":"standard","meta":{"footnotes":""},"categories":[1],"tags":[],"class_list":["post-172064","post","type-post","status-publish","format-standard","has-post-thumbnail","hentry","category-news"],"aioseo_notices":[],"subheadline":["Ohrh\u00f6rer auch Lautsprecher"],"featured_image":["https:\/\/images.iphone-ticker.de\/wp-content\/uploads\/2021\/03\/notch-iphone-13-feature.jpg"],"rest_api_enabler":{"subheadline":"Ohrh\u00f6rer auch Lautsprecher","featured_image":"https:\/\/images.iphone-ticker.de\/wp-content\/uploads\/2021\/03\/notch-iphone-13-feature.jpg"},"_links":{"self":[{"href":"https:\/\/www.iphone-ticker.de\/apiv2\/wp\/v2\/posts\/172064","targetHints":{"allow":["GET"]}}],"collection":[{"href":"https:\/\/www.iphone-ticker.de\/apiv2\/wp\/v2\/posts"}],"about":[{"href":"https:\/\/www.iphone-ticker.de\/apiv2\/wp\/v2\/types\/post"}],"author":[{"embeddable":true,"href":"https:\/\/www.iphone-ticker.de\/apiv2\/wp\/v2\/users\/1"}],"replies":[{"embeddable":true,"href":"https:\/\/www.iphone-ticker.de\/apiv2\/wp\/v2\/comments?post=172064"}],"version-history":[{"count":5,"href":"https:\/\/www.iphone-ticker.de\/apiv2\/wp\/v2\/posts\/172064\/revisions"}],"predecessor-version":[{"id":172072,"href":"https:\/\/www.iphone-ticker.de\/apiv2\/wp\/v2\/posts\/172064\/revisions\/172072"}],"wp:featuredmedia":[{"embeddable":true,"href":"https:\/\/www.iphone-ticker.de\/apiv2\/wp\/v2\/media\/172067"}],"wp:attachment":[{"href":"https:\/\/www.iphone-ticker.de\/apiv2\/wp\/v2\/media?parent=172064"}],"wp:term":[{"taxonomy":"category","embeddable":true,"href":"https:\/\/www.iphone-ticker.de\/apiv2\/wp\/v2\/categories?post=172064"},{"taxonomy":"post_tag","embeddable":true,"href":"https:\/\/www.iphone-ticker.de\/apiv2\/wp\/v2\/tags?post=172064"}],"curies":[{"name":"wp","href":"https:\/\/api.w.org\/{rel}","templated":true}]}}