{"id":171879,"date":"2021-03-19T17:43:26","date_gmt":"2021-03-19T16:43:26","guid":{"rendered":"https:\/\/www.iphone-ticker.de\/?p=171879"},"modified":"2021-03-20T08:27:34","modified_gmt":"2021-03-20T07:27:34","slug":"digitales-gruenes-zertifikat-details-zum-corona-impf-nachweis","status":"publish","type":"post","link":"https:\/\/www.iphone-ticker.de\/digitales-gruenes-zertifikat-details-zum-corona-impf-nachweis-171879\/","title":{"rendered":"Digitales gr\u00fcnes Zertifikat: Details zum Corona-Impf-Nachweis"},"content":{"rendered":"<p>Vor zwei Tagen meldete sich die EU-Kommission in Fragen eines europaweit g\u00fcltigen Impf-Nachweises zu Wort und schlug die Einf\u00fchrung eines &#8222;Digital Green Certificate&#8220; vor.<br \/>\n<a href=\"https:\/\/images.iphone-ticker.de\/wp-content\/uploads\/2021\/03\/Digital_Green.jpg\"><img loading=\"lazy\" decoding=\"async\" class=\"aligncenter size-medium wp-image-171882\" src=\"https:\/\/images.iphone-ticker.de\/wp-content\/uploads\/2021\/03\/Digital_Green-500x338.jpg\" alt=\"Digital Green\" width=\"500\" height=\"338\" srcset=\"https:\/\/images.iphone-ticker.de\/wp-content\/uploads\/2021\/03\/Digital_Green-500x338.jpg 500w, https:\/\/images.iphone-ticker.de\/wp-content\/uploads\/2021\/03\/Digital_Green-700x473.jpg 700w, https:\/\/images.iphone-ticker.de\/wp-content\/uploads\/2021\/03\/Digital_Green-1536x1038.jpg 1536w, https:\/\/images.iphone-ticker.de\/wp-content\/uploads\/2021\/03\/Digital_Green-2048x1384.jpg 2048w\" sizes=\"auto, (max-width: 500px) 100vw, 500px\" \/><\/a><\/p>\n<p>Wer genau wissen will was es mit dem so genannten &#8222;digitalen gr\u00fcnen Zertifikat&#8220; auf sich hat, muss inzwischen nicht mehr den 50 Seiten starken, auf englischer Sprache verfassten Vorschlag (<a href=\"https:\/\/ec.europa.eu\/info\/files\/proposal-regulation-interoperable-certificates-vaccination-testing-and-recovery-digital-green-certificate_en\">PDF-Download<\/a>) f\u00fcr eine entsprechende Verordnung lesen sondern kann mittlerweile auf erkl\u00e4rende Zusammenfassungen wie <a href=\"https:\/\/ec.europa.eu\/commission\/presscorner\/api\/files\/attachment\/868508\/Digital%20Green%20Certificate_en.pdf.pdf\">dieses Factsheet<\/a> ausweichen, das die Idee hinter der Corona-Impf-App kompakt beschreibt.<\/p>\n<p>Vorgeschlagen wird ein digitales Zertifikat, f\u00fcr alle Europ\u00e4er und Europ\u00e4erinnen, die eine der drei folgenden Voraussetzungen erf\u00fcllen:<\/p>\n<ul>\n<li>Man wurde bereits gegen COVID-19 geimpft.<\/li>\n<li>Man hat ein aktuelles, negatives Testergebnis.<\/li>\n<li>Man hat eine COVID-19-Erkrankung \u00fcberstanden.<\/li>\n<\/ul>\n<h2>Kostenlos, digital und auf Papier<\/h2>\n<p>Das gr\u00fcne Zertifikat soll nach der Ausstellung kostenlos, sowohl in digitaler Form als auch auf Papier ausgeh\u00e4ndigt werden, ist mit einem QR-Code zum Pr\u00fcfen der Echtheit versehen und sowohl in der Landessprache als auch in Englisch beschriftet. In ganz Europa g\u00fcltig, soll das Zertifikat daf\u00fcr sorgen, dass seine Besitzer ein Standard-Dokument vorlegen k\u00f6nnen, wo auch immer dieses verlangt wird.<\/p>\n<p><b>Die EU-Kommission erkl\u00e4rt zum Hintergrund:<\/b><\/p>\n<blockquote><p>Um die Ma\u00dfnahmen zur Eind\u00e4mmung der Ausbreitung des Coronavirus einzuhalten, wurden Reisende in der EU aufgefordert, verschiedene Dokumente wie \u00e4rztliche Bescheinigungen, Testergebnisse oder Erkl\u00e4rungen vorzulegen. Das Fehlen standardisierter Formate hat dazu gef\u00fchrt, dass Reisenden Probleme widerfahren, wenn sie sich innerhalb der EU bewegen.<\/p><\/blockquote>\n<p><a href=\"https:\/\/images.iphone-ticker.de\/wp-content\/uploads\/2021\/03\/impf-qr.jpg\"><img loading=\"lazy\" decoding=\"async\" class=\"aligncenter size-large wp-image-171881\" src=\"https:\/\/images.iphone-ticker.de\/wp-content\/uploads\/2021\/03\/impf-qr-700x390.jpg\" alt=\"Impf Qr\" width=\"700\" height=\"390\" srcset=\"https:\/\/images.iphone-ticker.de\/wp-content\/uploads\/2021\/03\/impf-qr-700x390.jpg 700w, https:\/\/images.iphone-ticker.de\/wp-content\/uploads\/2021\/03\/impf-qr-500x279.jpg 500w, https:\/\/images.iphone-ticker.de\/wp-content\/uploads\/2021\/03\/impf-qr.jpg 1500w\" sizes=\"auto, (max-width: 700px) 100vw, 700px\" \/><\/a><\/p>\n<h2>F\u00fcr alle, egal ob geimpft oder nicht<\/h2>\n<p>Um die Art und Wiese der Ausgabe sollen sich dann die einzelnen Mitgliedsstaaten k\u00fcmmern. Denkbar w\u00e4re, dass die digitalen Zertifikate hierzulande direkt in der Corona-Warn-App gespeichert werden. Diese w\u00fcrde sich unter anderem f\u00fcr Sicherung anbieten, da diese auch negative Testergebnisse entgegennimmt und die EU-Kommission auch diese ganz ausdr\u00fccklich im Zertifikat erfassen m\u00f6chte:<\/p>\n<blockquote><p>Alle Personen \u2013 ob geimpft oder nicht \u2013 sollten bei Reisen in der EU vom digitalen gr\u00fcnen Zertifikat profitieren. Um eine Diskriminierung nicht geimpfter Personen zu verhindern, schl\u00e4gt die Kommission vor, nicht nur interoperable Impfzertifikate, sondern auch COVID-19-Testzertifikate sowie Zertifikate f\u00fcr Personen, die von COVID-19 genesen sind, auszustellen.<\/p><\/blockquote>\n<p>Der Vorschlag soll noch vor dem Sommer umgesetzt werden und muss daf\u00fcr noch vom Europ\u00e4ischen Parlament und vom Europ\u00e4ischen Rat angenommen werden.<br \/>\n<div class=\"responsive-video\"><iframe loading=\"lazy\" src=\"https:\/\/www.youtube-nocookie.com\/embed\/GO8j1cUmyLY\" width=\"700\" height=\"371\" frameborder=\"0\" allowfullscreen=\"allowfullscreen\"><\/iframe><\/div><\/p>\n<p><img loading=\"lazy\" decoding=\"async\" src=\"https:\/\/vg02.met.vgwort.de\/na\/5634d6d2a22f42248b5a01f904004308\" width=\"1\" height=\"1\" no-lazy class=\"tracking\"><\/p>\n","protected":false},"excerpt":{"rendered":"<a href=\"https:\/\/www.iphone-ticker.de\/digitales-gruenes-zertifikat-details-zum-corona-impf-nachweis-171879\/\"><img width=\"150\" height=\"150\" src=\"https:\/\/images.iphone-ticker.de\/wp-content\/uploads\/2021\/03\/dg-cert-150x150.jpg\" class=\"alignright tfe wp-post-image\" alt=\"Dg Cert\" decoding=\"async\" loading=\"lazy\" \/><\/a><p>Vor zwei Tagen meldete sich die EU-Kommission in Fragen eines europaweit g\u00fcltigen Impf-Nachweises zu Wort und schlug die Einf\u00fchrung eines &#8222;Digital Green Certificate&#8220; vor. Wer genau wissen will was es mit dem so genannten &#8222;digitalen gr\u00fcnen Zertifikat&#8220; auf sich hat, muss inzwischen nicht mehr den 50 Seiten starken, auf englischer Sprache verfassten Vorschlag (PDF-Download) f\u00fcr [&hellip;]<\/p>\n","protected":false},"author":1,"featured_media":171883,"comment_status":"closed","ping_status":"closed","sticky":false,"template":"","format":"standard","meta":{"footnotes":""},"categories":[1],"tags":[3914,5055,394],"class_list":["post-171879","post","type-post","status-publish","format-standard","has-post-thumbnail","hentry","category-news","tag-apps","tag-coronavirus","tag-gesundheit"],"aioseo_notices":[],"featured_image":["https:\/\/images.iphone-ticker.de\/wp-content\/uploads\/2021\/03\/dgc-iphone-feature.jpg"],"subheadline":["Vorschlag, Video und Factsheet"],"rest_api_enabler":{"featured_image":"https:\/\/images.iphone-ticker.de\/wp-content\/uploads\/2021\/03\/dgc-iphone-feature.jpg","subheadline":"Vorschlag, Video und Factsheet"},"_links":{"self":[{"href":"https:\/\/www.iphone-ticker.de\/apiv2\/wp\/v2\/posts\/171879","targetHints":{"allow":["GET"]}}],"collection":[{"href":"https:\/\/www.iphone-ticker.de\/apiv2\/wp\/v2\/posts"}],"about":[{"href":"https:\/\/www.iphone-ticker.de\/apiv2\/wp\/v2\/types\/post"}],"author":[{"embeddable":true,"href":"https:\/\/www.iphone-ticker.de\/apiv2\/wp\/v2\/users\/1"}],"replies":[{"embeddable":true,"href":"https:\/\/www.iphone-ticker.de\/apiv2\/wp\/v2\/comments?post=171879"}],"version-history":[{"count":5,"href":"https:\/\/www.iphone-ticker.de\/apiv2\/wp\/v2\/posts\/171879\/revisions"}],"predecessor-version":[{"id":171888,"href":"https:\/\/www.iphone-ticker.de\/apiv2\/wp\/v2\/posts\/171879\/revisions\/171888"}],"wp:featuredmedia":[{"embeddable":true,"href":"https:\/\/www.iphone-ticker.de\/apiv2\/wp\/v2\/media\/171883"}],"wp:attachment":[{"href":"https:\/\/www.iphone-ticker.de\/apiv2\/wp\/v2\/media?parent=171879"}],"wp:term":[{"taxonomy":"category","embeddable":true,"href":"https:\/\/www.iphone-ticker.de\/apiv2\/wp\/v2\/categories?post=171879"},{"taxonomy":"post_tag","embeddable":true,"href":"https:\/\/www.iphone-ticker.de\/apiv2\/wp\/v2\/tags?post=171879"}],"curies":[{"name":"wp","href":"https:\/\/api.w.org\/{rel}","templated":true}]}}