{"id":171552,"date":"2021-03-15T07:14:44","date_gmt":"2021-03-15T06:14:44","guid":{"rendered":"https:\/\/www.iphone-ticker.de\/?p=171552"},"modified":"2021-03-15T07:16:40","modified_gmt":"2021-03-15T06:16:40","slug":"neue-apple-videos-bewerben-airpods-pro-und-iphone-12","status":"publish","type":"post","link":"https:\/\/www.iphone-ticker.de\/neue-apple-videos-bewerben-airpods-pro-und-iphone-12-171552\/","title":{"rendered":"Neue Apple-Videos pushen AirPods Pro und iPhone 12"},"content":{"rendered":"<p>Apple hat zum Wochenende zwei neue Werbe-Videos f\u00fcr das iPhone 12 und die ger\u00e4uschunterdr\u00fcckenden Ohrh\u00f6rer AirPods Pro ver\u00f6ffentlicht. W\u00e4hrend der iPhone 12-Clip als typischer 30-Sek\u00fcnder die Haltbarkeit der aktuellen Ger\u00e4te-Generation unter Beweis stellen will, bringt es das AirPods Pro-Video auf knapp zwei Minuten und platziert sich damit ehr als Image-Film.<\/p>\n<p><a href=\"https:\/\/images.iphone-ticker.de\/wp-content\/uploads\/2021\/03\/relax-iphone.jpg\"><img loading=\"lazy\" decoding=\"async\" src=\"https:\/\/images.iphone-ticker.de\/wp-content\/uploads\/2021\/03\/relax-iphone-500x289.jpg\" alt=\"Relax Iphone\" width=\"500\" height=\"289\" class=\"aligncenter size-medium wp-image-171554\" srcset=\"https:\/\/images.iphone-ticker.de\/wp-content\/uploads\/2021\/03\/relax-iphone-500x289.jpg 500w, https:\/\/images.iphone-ticker.de\/wp-content\/uploads\/2021\/03\/relax-iphone-700x405.jpg 700w, https:\/\/images.iphone-ticker.de\/wp-content\/uploads\/2021\/03\/relax-iphone.jpg 1237w\" sizes=\"auto, (max-width: 500px) 100vw, 500px\" \/><\/a><\/p>\n<p>Der Werbeclip f\u00fcr die kleinen, komplett kabellosen Ohrh\u00f6rer Apples tr\u00e4gt die \u00dcberschrift &#8222;Jump&#8220; und setzt auf das bew\u00e4hrte Konzept: Wir folgen dem Protagonisten mit durch die Stadt. Anstatt sich hier zu spontanen Tanzeinlagen hinrei\u00dfen zu lassen, setzt die Hauptfigur in &#8222;Jump&#8220; auf zahlreiche Springseil-Auftritt bzw. Abspr\u00fcnge.<\/p>\n<p>An der transportierten Botschaft \u00e4ndert sich nichts. Dank AirPods ist man sowohl abgeschieden und entkoppelt vom Alltagsl\u00e4rm der gro\u00dfen Stadt, als auch mittendrin und Mittelpunkt des eigenen Soundtracks. F\u00fcr diesen zeichnet im Jump-Clip Young Franco mit seiner Nummer \u201cFallin\u2019 Apart (Feat. Denzel Curry &amp; Pell)\u201d verantwortlich.<\/p>\n<p><div class=\"responsive-video\"><iframe loading=\"lazy\" width=\"700\" height=\"371\" src=\"https:\/\/www.youtube-nocookie.com\/embed\/BaLHthRsqQk\" frameborder=\"0\" allowfullscreen><\/iframe><\/div><\/p>\n<h2>Apple wirbt erneut mit Wasserfestigkeit<\/h2>\n<p>Im 30-Sek\u00fcnder f\u00fcr das iPhone 12, den Apple unter der \u00dcberschrift &#8222;Cook&#8220; auf die Video-Plattform YouTube geladen hat, macht der Konzern erneut darauf aufmerksam wie Widerstandsf\u00e4hig die aktuelle iPhone-Generation ist. Mehl und Lebensmittelreste lassen sich einfach unter flie\u00dfend Wasser absp\u00fclen &#8211; und bitte keine Sorge, wenn das Ger\u00e4t mal eben in die Sp\u00fcle f\u00e4llt. Bei solchen Lappalien bricht das Glas schon lange nicht mehr.<\/p>\n<p>Allerdings m\u00fcssen wir hier erneut darauf hinweisen, dass Apple Wassersch\u00e4den, auch solche die durch ein Absp\u00fclen des Ger\u00e4tes verursacht wurden, in den Garantie-Bedingungen ausdr\u00fccklich von jenen Defekten ausschlie\u00dft, die Apple im Zweifelsfall korrigiert. Hier steht weiterhin der Anwender in der Pflicht.<\/p>\n<p><div class=\"responsive-video\"><iframe loading=\"lazy\" width=\"700\" height=\"371\" src=\"https:\/\/www.youtube-nocookie.com\/embed\/SCQpOaR3sVo\" frameborder=\"0\" allowfullscreen><\/iframe><\/div><\/p>\n<p><img loading=\"lazy\" decoding=\"async\" src=\"https:\/\/vg09.met.vgwort.de\/na\/f05fa7532ee545e5a0453bc3fed4b3b3\" width=\"1\" height=\"1\" no-lazy class=\"tracking\"><\/p>\n","protected":false},"excerpt":{"rendered":"<a href=\"https:\/\/www.iphone-ticker.de\/neue-apple-videos-bewerben-airpods-pro-und-iphone-12-171552\/\"><img width=\"150\" height=\"150\" src=\"https:\/\/images.iphone-ticker.de\/wp-content\/uploads\/2021\/03\/iphone-clip-kochen-150x150.jpg\" class=\"alignright tfe wp-post-image\" alt=\"Iphone Clip Kochen\" decoding=\"async\" loading=\"lazy\" \/><\/a><p>Apple hat zum Wochenende zwei neue Werbe-Videos f\u00fcr das iPhone 12 und die ger\u00e4uschunterdr\u00fcckenden Ohrh\u00f6rer AirPods Pro ver\u00f6ffentlicht. W\u00e4hrend der iPhone 12-Clip als typischer 30-Sek\u00fcnder die Haltbarkeit der aktuellen Ger\u00e4te-Generation unter Beweis stellen will, bringt es das AirPods Pro-Video auf knapp zwei Minuten und platziert sich damit ehr als Image-Film. Der Werbeclip f\u00fcr die kleinen, [&hellip;]<\/p>\n","protected":false},"author":1,"featured_media":171555,"comment_status":"open","ping_status":"closed","sticky":false,"template":"","format":"standard","meta":{"footnotes":""},"categories":[1],"tags":[4903,4946,8,9],"class_list":["post-171552","post","type-post","status-publish","format-standard","has-post-thumbnail","hentry","category-news","tag-airpods-pro","tag-iphone-12","tag-video","tag-werbung"],"aioseo_notices":[],"subheadline":["Apple wirbt erneut mit Wasserfestigkeit"],"featured_image":["https:\/\/images.iphone-ticker.de\/wp-content\/uploads\/2021\/03\/iphone-clip-kochen.jpg"],"rest_api_enabler":{"subheadline":"Apple wirbt erneut mit Wasserfestigkeit","featured_image":"https:\/\/images.iphone-ticker.de\/wp-content\/uploads\/2021\/03\/iphone-clip-kochen.jpg"},"_links":{"self":[{"href":"https:\/\/www.iphone-ticker.de\/apiv2\/wp\/v2\/posts\/171552","targetHints":{"allow":["GET"]}}],"collection":[{"href":"https:\/\/www.iphone-ticker.de\/apiv2\/wp\/v2\/posts"}],"about":[{"href":"https:\/\/www.iphone-ticker.de\/apiv2\/wp\/v2\/types\/post"}],"author":[{"embeddable":true,"href":"https:\/\/www.iphone-ticker.de\/apiv2\/wp\/v2\/users\/1"}],"replies":[{"embeddable":true,"href":"https:\/\/www.iphone-ticker.de\/apiv2\/wp\/v2\/comments?post=171552"}],"version-history":[{"count":6,"href":"https:\/\/www.iphone-ticker.de\/apiv2\/wp\/v2\/posts\/171552\/revisions"}],"predecessor-version":[{"id":171560,"href":"https:\/\/www.iphone-ticker.de\/apiv2\/wp\/v2\/posts\/171552\/revisions\/171560"}],"wp:featuredmedia":[{"embeddable":true,"href":"https:\/\/www.iphone-ticker.de\/apiv2\/wp\/v2\/media\/171555"}],"wp:attachment":[{"href":"https:\/\/www.iphone-ticker.de\/apiv2\/wp\/v2\/media?parent=171552"}],"wp:term":[{"taxonomy":"category","embeddable":true,"href":"https:\/\/www.iphone-ticker.de\/apiv2\/wp\/v2\/categories?post=171552"},{"taxonomy":"post_tag","embeddable":true,"href":"https:\/\/www.iphone-ticker.de\/apiv2\/wp\/v2\/tags?post=171552"}],"curies":[{"name":"wp","href":"https:\/\/api.w.org\/{rel}","templated":true}]}}