{"id":170425,"date":"2021-02-18T14:17:21","date_gmt":"2021-02-18T13:17:21","guid":{"rendered":"https:\/\/www.iphone-ticker.de\/?p=170425"},"modified":"2021-02-18T15:30:41","modified_gmt":"2021-02-18T14:30:41","slug":"iphone-defekt-apple-tauschgeraete-sollen-seltener-werden","status":"publish","type":"post","link":"https:\/\/www.iphone-ticker.de\/iphone-defekt-apple-tauschgeraete-sollen-seltener-werden-170425\/","title":{"rendered":"iPhone defekt? Apple-Tauschger\u00e4te sollen seltener werden"},"content":{"rendered":"<p>Wer bei Apple schon mal mit einem defekten iPhone vorstellig geworden ist, kennt das Prozedere, das nach vorheriger Terminabsprache in den Deutschland-Filialen des Konzerns durchlaufen werden musste: Nach Schilderung des Defekts und anschlie\u00dfender Inaugenscheinnahme durch den freundlichen Apple-Mitarbeiter, griff dieser in der \u00fcberwiegenden Anzahl der F\u00e4lle in das Regal mit den Austauschger\u00e4ten und zauberte hier ein baugleiches, oft general\u00fcberholtes iPhone-Modell hervor, das gegen das Defekte eingetauscht wurde.<\/p>\n<p><a href=\"https:\/\/images.iphone-ticker.de\/wp-content\/uploads\/2019\/08\/iphone-reparatur-apple.jpg\"><img loading=\"lazy\" decoding=\"async\" class=\"aligncenter size-medium wp-image-146010\" src=\"https:\/\/images.iphone-ticker.de\/wp-content\/uploads\/2019\/08\/iphone-reparatur-apple-500x290.jpg\" alt=\"Iphone Reparatur Apple\" width=\"500\" height=\"290\" srcset=\"https:\/\/images.iphone-ticker.de\/wp-content\/uploads\/2019\/08\/iphone-reparatur-apple-500x290.jpg 500w, https:\/\/images.iphone-ticker.de\/wp-content\/uploads\/2019\/08\/iphone-reparatur-apple-700x406.jpg 700w, https:\/\/images.iphone-ticker.de\/wp-content\/uploads\/2019\/08\/iphone-reparatur-apple.jpg 1000w\" sizes=\"auto, (max-width: 500px) 100vw, 500px\" \/><\/a><br \/>\nAbgesehen von kleineren Eingriffen, die direkt vom Service-Mitarbeiter vor Ort durchgef\u00fchrt werden konnten (einer der Klassiker hier: das Entfernen von Fusseln aus der Lightning-Buchse, die das Laden am Kabel unterbunden haben), gingen Reparatur-Kunden so fast immer mit einem &#8222;neuen&#8220; Ger\u00e4t nach Hause. Dies wird sich zuk\u00fcnftig \u00e4ndern.<\/p>\n<h2>Vorerst nur f\u00fcr iPhone 12 mini und iPhone 12<\/h2>\n<p>So hat Apple damit begonnen die Belegschaft \u00fcber eine Umstellung der Service-Abl\u00e4ufe zu informieren. Statt grunds\u00e4tzlich zum Austauschger\u00e4t zu greifen, soll in den Filialgesch\u00e4ften langfristig mehr repariert werden. Kunden sollen das eigenen Ger\u00e4t so nach dem Eingriff direkt wieder mitnehmen k\u00f6nnen und sparen sich so das Einspielen eines Ger\u00e4te-Backups.<\/p>\n<p>Nach Informationen des Bloggers Joe Rossignol, der sich seinerseits auf ein internes Mitarbeiter-Memo des Konzerns <a href=\"https:\/\/www.macrumors.com\/2021\/02\/16\/iphone-12-same-unit-repairs\/\">beruft<\/a>, soll Apple schon in der kommenden Woche verst\u00e4rkt Reparatur-Eingriffe am Ger\u00e4te des Kunden setzen. Vor allem defekte iPhone-R\u00fcckseiten sollen sich so schnell reparieren und direkt im Laden tauschen lassen. Initial wird Apple die Reparaturen nur f\u00fcr iPhone 12 mini und iPhone 12 anbieten und scheint die Pro-Modelle aktuell noch von der Initiative auszunehmen. Apple begr\u00fcndet den Schritt mit der \u00d6ko-Bilanz des Unternehmens, die von einer Zunahme der In-House-Reparaturen profitieren soll.<\/p>\n<p><img loading=\"lazy\" decoding=\"async\" src=\"https:\/\/vg08.met.vgwort.de\/na\/dc9b938b7dcb4876b0ab81cb6cf46ad5\" width=\"1\" height=\"1\" no-lazy class=\"tracking\"><\/p>\n","protected":false},"excerpt":{"rendered":"<a href=\"https:\/\/www.iphone-ticker.de\/iphone-defekt-apple-tauschgeraete-sollen-seltener-werden-170425\/\"><img decoding=\"async\" width=\"150\" src=\"https:\/\/images.iphone-ticker.de\/wp-content\/uploads\/2019\/08\/iphone-reparatur-apple-500x290.jpg\" class=\"alignright wp-post-image tfe\" alt=\"Iphone Reparatur Apple\" title=\"\" \/><\/a><p>Wer bei Apple schon mal mit einem defekten iPhone vorstellig geworden ist, kennt das Prozedere, das nach vorheriger Terminabsprache in den Deutschland-Filialen des Konzerns durchlaufen werden musste: Nach Schilderung des Defekts und anschlie\u00dfender Inaugenscheinnahme durch den freundlichen Apple-Mitarbeiter, griff dieser in der \u00fcberwiegenden Anzahl der F\u00e4lle in das Regal mit den Austauschger\u00e4ten und zauberte hier [&hellip;]<\/p>\n","protected":false},"author":1,"featured_media":0,"comment_status":"open","ping_status":"closed","sticky":false,"template":"","format":"standard","meta":{"footnotes":""},"categories":[749],"tags":[3912,4946,794],"class_list":["post-170425","post","type-post","status-publish","format-standard","hentry","category-iphone-2","tag-apple","tag-iphone-12","tag-reparatur"],"aioseo_notices":[],"featured_image":["https:\/\/images.iphone-ticker.de\/wp-content\/uploads\/2020\/10\/iphone-12-reparatur-feature.jpg"],"subheadline":["iPhone 12 mini und iPhone 12 betroffen"],"rest_api_enabler":{"featured_image":"https:\/\/images.iphone-ticker.de\/wp-content\/uploads\/2020\/10\/iphone-12-reparatur-feature.jpg","subheadline":"iPhone 12 mini und iPhone 12 betroffen"},"_links":{"self":[{"href":"https:\/\/www.iphone-ticker.de\/apiv2\/wp\/v2\/posts\/170425","targetHints":{"allow":["GET"]}}],"collection":[{"href":"https:\/\/www.iphone-ticker.de\/apiv2\/wp\/v2\/posts"}],"about":[{"href":"https:\/\/www.iphone-ticker.de\/apiv2\/wp\/v2\/types\/post"}],"author":[{"embeddable":true,"href":"https:\/\/www.iphone-ticker.de\/apiv2\/wp\/v2\/users\/1"}],"replies":[{"embeddable":true,"href":"https:\/\/www.iphone-ticker.de\/apiv2\/wp\/v2\/comments?post=170425"}],"version-history":[{"count":2,"href":"https:\/\/www.iphone-ticker.de\/apiv2\/wp\/v2\/posts\/170425\/revisions"}],"predecessor-version":[{"id":170428,"href":"https:\/\/www.iphone-ticker.de\/apiv2\/wp\/v2\/posts\/170425\/revisions\/170428"}],"wp:attachment":[{"href":"https:\/\/www.iphone-ticker.de\/apiv2\/wp\/v2\/media?parent=170425"}],"wp:term":[{"taxonomy":"category","embeddable":true,"href":"https:\/\/www.iphone-ticker.de\/apiv2\/wp\/v2\/categories?post=170425"},{"taxonomy":"post_tag","embeddable":true,"href":"https:\/\/www.iphone-ticker.de\/apiv2\/wp\/v2\/tags?post=170425"}],"curies":[{"name":"wp","href":"https:\/\/api.w.org\/{rel}","templated":true}]}}