{"id":169652,"date":"2021-02-03T09:36:15","date_gmt":"2021-02-03T08:36:15","guid":{"rendered":"https:\/\/www.iphone-ticker.de\/?p=169652"},"modified":"2021-02-03T09:36:43","modified_gmt":"2021-02-03T08:36:43","slug":"im-blitzangebot-3-port-usb-c-netzteil-mit-66-watt","status":"publish","type":"post","link":"https:\/\/www.iphone-ticker.de\/im-blitzangebot-3-port-usb-c-netzteil-mit-66-watt-169652\/","title":{"rendered":"Im Blitzangebot: 3-Port USB-C-Netzteil mit 66 Watt"},"content":{"rendered":"<p>ifun.de-Leser &#8218;Sedony&#8216; hat uns auf <a rel=\"noindex, nofollow\" href=\"http:\/\/www.ifun.de\/amzn\/B08M3L8BFT\">dieses USB-C-Netzteil<\/a> des No-Name-Anbieters MiniX aufmerksam gemacht und f\u00fchrt damit die Reihe g\u00fcnstiger Netzteil-Ber\u00fccksichtigungen fort, die am Montag <a href=\"https:\/\/www.ifun.de\/erstmals-reduziert-omnia-90-w-usb-c-netzteil-laedt-2-macs-165702\/\">mit Omnia startete<\/a> und gestern eine <a href=\"https:\/\/www.ifun.de\/dual-usb-c-netzteil-65-watt-mit-zwei-sonderaktionen-165765\/\">Ugreen-Aktion<\/a> ber\u00fccksichtigte. Das kompakte GaN-Netzteil von MiniX verteilt eine Ladeleistung von 66 Watt auf drei integrierte Anschl\u00fcsse: Zwei USB-C-Ports und einen USB-A-Port. <\/p>\n<p><a href=\"https:\/\/images.iphone-ticker.de\/wp-content\/uploads\/2021\/02\/minix-geraete.jpg\"><img loading=\"lazy\" decoding=\"async\" src=\"https:\/\/images.iphone-ticker.de\/wp-content\/uploads\/2021\/02\/minix-geraete-500x383.jpg\" alt=\"Minix Geraete\" width=\"500\" height=\"383\" class=\"aligncenter size-medium wp-image-169654\" srcset=\"https:\/\/images.iphone-ticker.de\/wp-content\/uploads\/2021\/02\/minix-geraete-500x383.jpg 500w, https:\/\/images.iphone-ticker.de\/wp-content\/uploads\/2021\/02\/minix-geraete-700x536.jpg 700w, https:\/\/images.iphone-ticker.de\/wp-content\/uploads\/2021\/02\/minix-geraete.jpg 1500w\" sizes=\"auto, (max-width: 500px) 100vw, 500px\" \/><\/a><\/p>\n<p>Neben einem Stecker f\u00fcr europ\u00e4ische Dosen ist das Power Delivery-Netzteil mit Reise-Aufs\u00e4tzen f\u00fcr amerikanische und englische Steckdosen versehen und teilt die gebotene Ladeleistung in Abh\u00e4ngigkeit von der aktuellen Belegung wie folgt auf. <\/p>\n<p>Einzeln genutzt liefern die USB-C-Ports bis zu 65 Watt, der USB-A-Port bis zu 36 Watt. Sind beide USB-C-Ports gelegt, liefen diese jeweils 30 Watt. Sind ein USB-C- und ein USB-A-Port belegt, spuckt das Netzteil 45 Watt und 18 Watt aus. Bei Belegung aller Ports werden 30 Watt, 18 Watt dun 18 Watt geliefert. <\/p>\n<p>Im Blitzangebot wird das Mehrfach-Netzteil <a rel=\"noindex, nofollow\" href=\"http:\/\/www.ifun.de\/amzn\/B08M3L8BFT\">aktuell f\u00fcr 29,66 Euro<\/a> statt 34,99 angeboten. Sedony schreibt: <\/p>\n<blockquote><p>Wer ein super kompaktes Netzteil sucht, das keine Ger\u00e4usche macht und g\u00fcnstig ist: <a rel=\"noindex, nofollow\" href=\"http:\/\/www.ifun.de\/amzn\/B08M3L8BFT\">MiniX-Charger<\/a>. Bin super zufrieden damit! Man kann sowohl das MacBook, wie auch das iPhone und die Apple Watch parallel laden\u2026<\/p><\/blockquote>\n<script>\r\n  function open_amazon(link) {\r\n    if (navigator.userAgent.indexOf(\"Firefox\") != -1) {\r\n      window.open(link, '_blank');\r\n    } else {\r\n      var tag = document.createElement('a');\r\n      tag.setAttribute('href', link);\r\n      tag.innerHTML = \"amzn\";\r\n      tag.click();\r\n    }\r\n  }\r\n<\/script>\r\n    <div id=\"article-single-amazon-preview\" onclick=\"return open_amazon('https:\/\/www.amazon.de\/dp\/B08M3L8BFT?tag=musicweb02&linkCode=ogi&th=1&psc=1');\">\n  <div id=\"article-single-amazon-preview-header\">\n    <span class=\"title\">Produkthinweis<\/span>\n      <\/div>\n  <div id=\"article-single-amazon-preview-content\">\n    <div id=\"article-single-amazon-preview-img\" style=\"background: url('https:\/\/m.media-amazon.com\/images\/I\/31XbDKQPVpL.jpg') center center no-repeat; background-size: cover;\"><\/div>\n    <div id=\"article-single-amazon-preview-desc\">\n      <span class=\"bezeichnung\"><a href=\"https:\/\/www.amazon.de\/dp\/B08M3L8BFT?tag=musicweb02&linkCode=ogi&th=1&psc=1\" style=\"text-decoration: none; border-bottom: 0px; box-shadow: none;\">MINIX 66W Turbo 3-Port GaN Wandladeger\u00e4t 2 x USB-C Schnellladeger\u00e4t, 1 x USB-A Schnellladung 3.0, kompatibel mit...<\/a><\/span>\n      <span class=\"preis--aktuell\">29,66 EUR<\/span>\n      <span class=\"preis--alt\"><\/span>\n    <\/div>\n  <\/div>\n<\/div>\n","protected":false},"excerpt":{"rendered":"<a href=\"https:\/\/www.iphone-ticker.de\/im-blitzangebot-3-port-usb-c-netzteil-mit-66-watt-169652\/\"><img width=\"150\" height=\"150\" src=\"https:\/\/images.iphone-ticker.de\/wp-content\/uploads\/2021\/02\/minix-geraete-150x150.jpg\" class=\"alignright tfe wp-post-image\" alt=\"Minix Geraete\" decoding=\"async\" loading=\"lazy\" \/><\/a><p>ifun.de-Leser &#8218;Sedony&#8216; hat uns auf dieses USB-C-Netzteil des No-Name-Anbieters MiniX aufmerksam gemacht und f\u00fchrt damit die Reihe g\u00fcnstiger Netzteil-Ber\u00fccksichtigungen fort, die am Montag mit Omnia startete und gestern eine Ugreen-Aktion ber\u00fccksichtigte. Das kompakte GaN-Netzteil von MiniX verteilt eine Ladeleistung von 66 Watt auf drei integrierte Anschl\u00fcsse: Zwei USB-C-Ports und einen USB-A-Port. Neben einem Stecker f\u00fcr [&hellip;]<\/p>\n","protected":false},"author":1,"featured_media":169654,"comment_status":"open","ping_status":"closed","sticky":false,"template":"","format":"standard","meta":{"footnotes":""},"categories":[24],"tags":[1422,452,3140,5239],"class_list":["post-169652","post","type-post","status-publish","format-standard","has-post-thumbnail","hentry","category-zubehor","tag-netzteil","tag-sparen","tag-usb-c","tag-zubehoer"],"aioseo_notices":[],"featured_image":["https:\/\/images.iphone-ticker.de\/wp-content\/uploads\/2021\/02\/minix-feature.jpg"],"subheadline":["2x USB-C und 1x USB-A"],"rest_api_enabler":{"featured_image":"https:\/\/images.iphone-ticker.de\/wp-content\/uploads\/2021\/02\/minix-feature.jpg","subheadline":"2x USB-C und 1x USB-A"},"_links":{"self":[{"href":"https:\/\/www.iphone-ticker.de\/apiv2\/wp\/v2\/posts\/169652","targetHints":{"allow":["GET"]}}],"collection":[{"href":"https:\/\/www.iphone-ticker.de\/apiv2\/wp\/v2\/posts"}],"about":[{"href":"https:\/\/www.iphone-ticker.de\/apiv2\/wp\/v2\/types\/post"}],"author":[{"embeddable":true,"href":"https:\/\/www.iphone-ticker.de\/apiv2\/wp\/v2\/users\/1"}],"replies":[{"embeddable":true,"href":"https:\/\/www.iphone-ticker.de\/apiv2\/wp\/v2\/comments?post=169652"}],"version-history":[{"count":2,"href":"https:\/\/www.iphone-ticker.de\/apiv2\/wp\/v2\/posts\/169652\/revisions"}],"predecessor-version":[{"id":169656,"href":"https:\/\/www.iphone-ticker.de\/apiv2\/wp\/v2\/posts\/169652\/revisions\/169656"}],"wp:featuredmedia":[{"embeddable":true,"href":"https:\/\/www.iphone-ticker.de\/apiv2\/wp\/v2\/media\/169654"}],"wp:attachment":[{"href":"https:\/\/www.iphone-ticker.de\/apiv2\/wp\/v2\/media?parent=169652"}],"wp:term":[{"taxonomy":"category","embeddable":true,"href":"https:\/\/www.iphone-ticker.de\/apiv2\/wp\/v2\/categories?post=169652"},{"taxonomy":"post_tag","embeddable":true,"href":"https:\/\/www.iphone-ticker.de\/apiv2\/wp\/v2\/tags?post=169652"}],"curies":[{"name":"wp","href":"https:\/\/api.w.org\/{rel}","templated":true}]}}