{"id":1696,"date":"2008-01-09T08:06:14","date_gmt":"2008-01-09T07:06:14","guid":{"rendered":"http:\/\/www.iphone-ticker.de\/2008\/01\/09\/bose-sounddock-mag-kein-iphone\/"},"modified":"2008-01-09T08:07:59","modified_gmt":"2008-01-09T07:07:59","slug":"bose-sounddock-mag-kein-iphone","status":"publish","type":"post","link":"https:\/\/www.iphone-ticker.de\/bose-sounddock-mag-kein-iphone-1696\/","title":{"rendered":"Bose SoundDock mag kein iPhone"},"content":{"rendered":"<p><img src='http:\/\/www.iphone-ticker.de\/wp-content\/uploads\/2008\/01\/sounddokk.jpg' alt='sounddokk.jpg' align=\"right\" \/>\u00c4ltere Bose SoundDocks machen zumindest teilweise Probleme bei der Benutzung mit dem iPhone. <a href=\"http:\/\/modmyifone.com\/forums\/showthread.php?t=20946\" target=\"_blank\">Verschiedene<\/a> <a href=\"http:\/\/forums.macrumors.com\/showthread.php?t=361259\" target=\"_blank\">Anwender<\/a> berichten von unerfreulichen Ereignissen: das Display flackert und anschlie\u00dfend l\u00e4sst sich das iPhone nicht mehr zu benutzen.<\/p>\n<p>Ein oder zwei solcher F\u00e4lle w\u00e4ren jetzt vielleicht noch in der Toleranz und wom\u00f6glich auch auf andere Einfl\u00fcsse zur\u00fcckzuf\u00fchren. Interessant ist allerdings <a href=\"http:\/\/discussions.apple.com\/thread.jspa?threadID=1331690\" target=\"_blank\">diese aktuelle Diskussion<\/a> in den Apple Foren: Ein Anwender berichtet, dass Bose nach einem solchen Vorfall sowohl sein SoundDock kostenlos tauscht, wie auch die Reparaturkosten f\u00fcr das iPhone \u00fcbernimmt. Wird hier ein Serienfehler eingestanden, oder handelt es sich um vorbildliche Kulanz?<\/p>\n","protected":false},"excerpt":{"rendered":"<a href=\"https:\/\/www.iphone-ticker.de\/bose-sounddock-mag-kein-iphone-1696\/\"><img width=\"150\" height=\"107\" src=\"https:\/\/images.iphone-ticker.de\/wp-content\/uploads\/2008\/01\/sounddokk.jpg\" class=\"alignright tfe wp-post-image\" alt=\"\" decoding=\"async\" loading=\"lazy\" \/><\/a><p>\u00c4ltere Bose SoundDocks machen zumindest teilweise Probleme bei der Benutzung mit dem iPhone. Verschiedene Anwender berichten von unerfreulichen Ereignissen: das Display flackert und anschlie\u00dfend l\u00e4sst sich das iPhone nicht mehr zu benutzen. Ein oder zwei solcher F\u00e4lle w\u00e4ren jetzt vielleicht noch in der Toleranz und wom\u00f6glich auch auf andere Einfl\u00fcsse zur\u00fcckzuf\u00fchren. Interessant ist allerdings diese [&hellip;]<\/p>\n","protected":false},"author":2,"featured_media":1697,"comment_status":"open","ping_status":"open","sticky":false,"template":"","format":"standard","meta":{"footnotes":""},"categories":[1],"tags":[185,31],"class_list":["post-1696","post","type-post","status-publish","format-standard","has-post-thumbnail","hentry","category-news","tag-bose","tag-dock"],"aioseo_notices":[],"rest_api_enabler":[],"_links":{"self":[{"href":"https:\/\/www.iphone-ticker.de\/apiv2\/wp\/v2\/posts\/1696","targetHints":{"allow":["GET"]}}],"collection":[{"href":"https:\/\/www.iphone-ticker.de\/apiv2\/wp\/v2\/posts"}],"about":[{"href":"https:\/\/www.iphone-ticker.de\/apiv2\/wp\/v2\/types\/post"}],"author":[{"embeddable":true,"href":"https:\/\/www.iphone-ticker.de\/apiv2\/wp\/v2\/users\/2"}],"replies":[{"embeddable":true,"href":"https:\/\/www.iphone-ticker.de\/apiv2\/wp\/v2\/comments?post=1696"}],"version-history":[{"count":0,"href":"https:\/\/www.iphone-ticker.de\/apiv2\/wp\/v2\/posts\/1696\/revisions"}],"wp:featuredmedia":[{"embeddable":true,"href":"https:\/\/www.iphone-ticker.de\/apiv2\/wp\/v2\/media\/1697"}],"wp:attachment":[{"href":"https:\/\/www.iphone-ticker.de\/apiv2\/wp\/v2\/media?parent=1696"}],"wp:term":[{"taxonomy":"category","embeddable":true,"href":"https:\/\/www.iphone-ticker.de\/apiv2\/wp\/v2\/categories?post=1696"},{"taxonomy":"post_tag","embeddable":true,"href":"https:\/\/www.iphone-ticker.de\/apiv2\/wp\/v2\/tags?post=1696"}],"curies":[{"name":"wp","href":"https:\/\/api.w.org\/{rel}","templated":true}]}}