{"id":168697,"date":"2021-01-14T08:51:51","date_gmt":"2021-01-14T07:51:51","guid":{"rendered":"https:\/\/www.iphone-ticker.de\/?p=168697"},"modified":"2021-01-14T08:53:04","modified_gmt":"2021-01-14T07:53:04","slug":"feuergefahr-belkin-ruft-ladegeraete-zurueck","status":"publish","type":"post","link":"https:\/\/www.iphone-ticker.de\/feuergefahr-belkin-ruft-ladegeraete-zurueck-168697\/","title":{"rendered":"Feuergefahr: Belkin ruft Ladeger\u00e4te zur\u00fcck"},"content":{"rendered":"<p>Der Zubeh\u00f6r-Hersteller Belkin, seit Herbst 2018 eine Tochter des f\u00fcr die Fertigung zahlreicher Apple-Produkte zu st\u00e4ndigen Riesenkonzerns Foxconn, hat einen <a href=\"https:\/\/www.belkin.com\/uk\/support-article?articleNum=317696\">offiziellen Produktr\u00fcckruf<\/a> ausgegeben, den auch die amerikanische Verbraucherschutz-Beh\u00f6rde &#8222;Consumer Product Safety Commission&#8220; auf ihrer Webseite ver\u00f6ffentlicht hat.<\/p>\n<p><a href=\"https:\/\/images.iphone-ticker.de\/wp-content\/uploads\/2021\/01\/belkin-lade.jpg\"><img loading=\"lazy\" decoding=\"async\" class=\"aligncenter size-full wp-image-168698\" src=\"https:\/\/images.iphone-ticker.de\/wp-content\/uploads\/2021\/01\/belkin-lade.jpg\" alt=\"Belkin Lade\" width=\"500\" height=\"291\" \/><\/a><\/p>\n<p>Hier (<a href=\"https:\/\/www.belkin.com\/support\/assets\/belkin\/others\/Verbrauchermitteilung%20Deutsche.pdf\">PDF<\/a>) ruft Belkin den &#8222;Portable Wireless Chargers + Stand&#8220; in der so genannten Special Edition zur\u00fcck und warnt Anwender vor dem weiteren Einsatz des Ladest\u00e4nders, der ab Werk mit einem portablen Akku ausgeliefert wird.<\/p>\n<h2>Weltweit auch von Apple verkauft<\/h2>\n<p>Wie Belkin anf\u00fchrt, kann ein Produktionsfehler am Netzteil zur ernsten Fehlfunktionen wie der \u00dcberhitzung des Ladeger\u00e4tes f\u00fchren. Hierdurch best\u00fcnde sowohl die Gefahr von Stromschl\u00e4gen als auch eine Feuergefahr f\u00fcr die Besitzer der weltweit verkauften QI- und Akku-Ladeger\u00e4te.<\/p>\n<p>Belkin appelliert an seine Nutzer: Solltet ihr das Belkin-Ladeger\u00e4t &#8222;Portable Wireless Chargers + Stand&#8220; in der Special Edition WIZ003 einsetzen, trennt dies unverz\u00fcglich von der Stromversorgung und kontaktiert den Hersteller \u00fcber das <a href=\"https:\/\/www.belkin.com\/us\/support\/wiz003recallform\/\">hier eingerichtet Kontaktformular<\/a>, um Informationen zum weiteren Vorgehen zu erhalten.<\/p>\n<p>Laut Belkin sind nicht alle Modelle des &#8222;Portable Wireless Chargers + Stand&#8220; sondern lediglich die Ger\u00e4te mit den folgenden Seriennummern betroffen. Diese lassen sich am Akku ablesen:<\/p>\n<ul>\n<li>35B01DO6029400-35B01DO6033704<\/li>\n<li>35B01DO5010350-35B01DO5014350<\/li>\n<li>35B01DO6016560-35B01DO6020560<\/li>\n<li>35B01DO5014500-35B01DO5020003<\/li>\n<li>35B01DO6010001-35B01DO6010500<\/li>\n<li>35B01DO6010501-35B01DO6015500<\/li>\n<\/ul>\n<h2>Mehrere Alternativen verf\u00fcgbar<\/h2>\n<p><a href=\"https:\/\/images.iphone-ticker.de\/wp-content\/uploads\/2020\/10\/aukey-pb-wl-02.jpg\"><img loading=\"lazy\" decoding=\"async\" class=\"aligncenter size-large wp-image-165161\" src=\"https:\/\/images.iphone-ticker.de\/wp-content\/uploads\/2020\/10\/aukey-pb-wl-02-700x382.jpg\" alt=\"Aukey Pb Wl 02\" width=\"700\" height=\"382\" srcset=\"https:\/\/images.iphone-ticker.de\/wp-content\/uploads\/2020\/10\/aukey-pb-wl-02-700x382.jpg 700w, https:\/\/images.iphone-ticker.de\/wp-content\/uploads\/2020\/10\/aukey-pb-wl-02-500x273.jpg 500w, https:\/\/images.iphone-ticker.de\/wp-content\/uploads\/2020\/10\/aukey-pb-wl-02.jpg 1106w\" sizes=\"auto, (max-width: 700px) 100vw, 700px\" \/><\/a><\/p>\n<p>Wer schnellen Ersatz sucht findet mit der <a rel=\"noindex, nofollow\" href=\"http:\/\/www.ifun.de\/amzn\/B08F59TXDK\">ACME PB301 Wireless Powerbank<\/a> einen vergleichbaren Ladest\u00e4nder mit integriertem Akku und QI-Ladung zum Aufstellen des eigenen iPhone. Diese wird auf Amazon derzeit f\u00fcr knapp 35 Euro angeboten.<\/p>\n<p>Qi-Akku-Aufsteller im Querformat bieten unter anderem <a rel=\"noindex, nofollow\" href=\"http:\/\/www.ifun.de\/amzn\/B08G74SS56\">GIM Wireless<\/a> und <a rel=\"noindex, nofollow\" href=\"http:\/\/www.ifun.de\/amzn\/B085ZSGBLW\">Aukey<\/a> an, f\u00fcr beide steht aktuell ein 20%-Gutschein auf den jeweiligen Produktseiten bereit.<\/p>\n<script>\r\n  function open_amazon(link) {\r\n    if (navigator.userAgent.indexOf(\"Firefox\") != -1) {\r\n      window.open(link, '_blank');\r\n    } else {\r\n      var tag = document.createElement('a');\r\n      tag.setAttribute('href', link);\r\n      tag.innerHTML = \"amzn\";\r\n      tag.click();\r\n    }\r\n  }\r\n<\/script>\r\n    <div id=\"article-single-amazon-preview\" onclick=\"return open_amazon('https:\/\/www.amazon.de\/dp\/B08F59TXDK?tag=musicweb02&linkCode=ogi&th=1&psc=1');\">\n  <div id=\"article-single-amazon-preview-header\">\n    <span class=\"title\">Produkthinweis<\/span>\n      <\/div>\n  <div id=\"article-single-amazon-preview-content\">\n    <div id=\"article-single-amazon-preview-img\" style=\"background: url('https:\/\/m.media-amazon.com\/images\/I\/31SYwcFDVuL.jpg') center center no-repeat; background-size: cover;\"><\/div>\n    <div id=\"article-single-amazon-preview-desc\">\n      <span class=\"bezeichnung\"><a href=\"https:\/\/www.amazon.de\/dp\/B08F59TXDK?tag=musicweb02&linkCode=ogi&th=1&psc=1\" style=\"text-decoration: none; border-bottom: 0px; box-shadow: none;\">ACME PB301 Wireless Powerbank 10000mah Externer Akku Power Bank USB C Schwarz<\/a><\/span>\n      <span class=\"preis--aktuell\"><\/span>\n      <span class=\"preis--alt\"><\/span>\n    <\/div>\n  <\/div>\n<\/div>\n<script>\r\n  function open_amazon(link) {\r\n    if (navigator.userAgent.indexOf(\"Firefox\") != -1) {\r\n      window.open(link, '_blank');\r\n    } else {\r\n      var tag = document.createElement('a');\r\n      tag.setAttribute('href', link);\r\n      tag.innerHTML = \"amzn\";\r\n      tag.click();\r\n    }\r\n  }\r\n<\/script>\r\n    <div id=\"article-single-amazon-preview\" onclick=\"return open_amazon('https:\/\/www.amazon.de\/dp\/B08G74SS56?tag=musicweb02&linkCode=ogi&th=1&psc=1');\">\n  <div id=\"article-single-amazon-preview-header\">\n    <span class=\"title\">Produkthinweis<\/span>\n      <\/div>\n  <div id=\"article-single-amazon-preview-content\">\n    <div id=\"article-single-amazon-preview-img\" style=\"background: url('https:\/\/m.media-amazon.com\/images\/I\/41VopET6ZvL.jpg') center center no-repeat; background-size: cover;\"><\/div>\n    <div id=\"article-single-amazon-preview-desc\">\n      <span class=\"bezeichnung\"><a href=\"https:\/\/www.amazon.de\/dp\/B08G74SS56?tag=musicweb02&linkCode=ogi&th=1&psc=1\" style=\"text-decoration: none; border-bottom: 0px; box-shadow: none;\">GIM Wireless Powerbank 20000mAh, externer Akku mit klappbarem St\u00e4nder, tragbares Ladeger\u00e4t mit Power Delivery, Quick...<\/a><\/span>\n      <span class=\"preis--aktuell\"><\/span>\n      <span class=\"preis--alt\"><\/span>\n    <\/div>\n  <\/div>\n<\/div>\n\n<p><img loading=\"lazy\" decoding=\"async\" src=\"https:\/\/vg08.met.vgwort.de\/na\/3919d7c9bf4a42d4b7b6e620ac863395\" width=\"1\" height=\"1\" no-lazy class=\"tracking\"><\/p>\n","protected":false},"excerpt":{"rendered":"<a href=\"https:\/\/www.iphone-ticker.de\/feuergefahr-belkin-ruft-ladegeraete-zurueck-168697\/\"><img width=\"150\" height=\"150\" src=\"https:\/\/images.iphone-ticker.de\/wp-content\/uploads\/2021\/01\/belkin-lade-150x150.jpg\" class=\"alignright tfe wp-post-image\" alt=\"Belkin Lade\" decoding=\"async\" loading=\"lazy\" \/><\/a><p>Der Zubeh\u00f6r-Hersteller Belkin, seit Herbst 2018 eine Tochter des f\u00fcr die Fertigung zahlreicher Apple-Produkte zu st\u00e4ndigen Riesenkonzerns Foxconn, hat einen offiziellen Produktr\u00fcckruf ausgegeben, den auch die amerikanische Verbraucherschutz-Beh\u00f6rde &#8222;Consumer Product Safety Commission&#8220; auf ihrer Webseite ver\u00f6ffentlicht hat. Hier (PDF) ruft Belkin den &#8222;Portable Wireless Chargers + Stand&#8220; in der so genannten Special Edition zur\u00fcck und [&hellip;]<\/p>\n","protected":false},"author":1,"featured_media":168698,"comment_status":"open","ping_status":"closed","sticky":false,"template":"","format":"standard","meta":{"footnotes":""},"categories":[24],"tags":[27,28,4113,5462,5239],"class_list":["post-168697","post","type-post","status-publish","format-standard","has-post-thumbnail","hentry","category-zubehor","tag-akku","tag-belkin","tag-qi-ladegeraet","tag-rueckrufe","tag-zubehoer"],"aioseo_notices":[],"subheadline":["Weltweit auch von Apple verkauft"],"featured_image":["https:\/\/images.iphone-ticker.de\/wp-content\/uploads\/2020\/07\/Belkin-Portable-Stand-and-Charger-feature.jpg"],"rest_api_enabler":{"subheadline":"Weltweit auch von Apple verkauft","featured_image":"https:\/\/images.iphone-ticker.de\/wp-content\/uploads\/2020\/07\/Belkin-Portable-Stand-and-Charger-feature.jpg"},"_links":{"self":[{"href":"https:\/\/www.iphone-ticker.de\/apiv2\/wp\/v2\/posts\/168697","targetHints":{"allow":["GET"]}}],"collection":[{"href":"https:\/\/www.iphone-ticker.de\/apiv2\/wp\/v2\/posts"}],"about":[{"href":"https:\/\/www.iphone-ticker.de\/apiv2\/wp\/v2\/types\/post"}],"author":[{"embeddable":true,"href":"https:\/\/www.iphone-ticker.de\/apiv2\/wp\/v2\/users\/1"}],"replies":[{"embeddable":true,"href":"https:\/\/www.iphone-ticker.de\/apiv2\/wp\/v2\/comments?post=168697"}],"version-history":[{"count":4,"href":"https:\/\/www.iphone-ticker.de\/apiv2\/wp\/v2\/posts\/168697\/revisions"}],"predecessor-version":[{"id":168702,"href":"https:\/\/www.iphone-ticker.de\/apiv2\/wp\/v2\/posts\/168697\/revisions\/168702"}],"wp:featuredmedia":[{"embeddable":true,"href":"https:\/\/www.iphone-ticker.de\/apiv2\/wp\/v2\/media\/168698"}],"wp:attachment":[{"href":"https:\/\/www.iphone-ticker.de\/apiv2\/wp\/v2\/media?parent=168697"}],"wp:term":[{"taxonomy":"category","embeddable":true,"href":"https:\/\/www.iphone-ticker.de\/apiv2\/wp\/v2\/categories?post=168697"},{"taxonomy":"post_tag","embeddable":true,"href":"https:\/\/www.iphone-ticker.de\/apiv2\/wp\/v2\/tags?post=168697"}],"curies":[{"name":"wp","href":"https:\/\/api.w.org\/{rel}","templated":true}]}}