{"id":167659,"date":"2020-12-17T15:02:51","date_gmt":"2020-12-17T14:02:51","guid":{"rendered":"https:\/\/www.iphone-ticker.de\/?p=167659"},"modified":"2020-12-17T16:16:19","modified_gmt":"2020-12-17T15:16:19","slug":"facebook-messenger-und-instagram-muessen-an-eu-regeln-angepasst-werden","status":"publish","type":"post","link":"https:\/\/www.iphone-ticker.de\/facebook-messenger-und-instagram-muessen-an-eu-regeln-angepasst-werden-167659\/","title":{"rendered":"Facebook Messenger und Instagram m\u00fcssen an EU-Regeln angepasst werden"},"content":{"rendered":"<p>Offenbar um den europ\u00e4ischen Verbraucherschutzgesetzen und damit verbunden der von der EU verabschiedeten Datenschutzrichtlinie f\u00fcr elektronische Kommunikation zu entsprechen, hat Facebook verschiedenen Funktionen bei den hauseigenen Apps deaktiviert. Nutzer des Facebook Messenger und von Instagram bekommen teils die Meldung angezeigt, dass einige Funktionen der Apps nicht verf\u00fcgbar sind.<\/p>\n<p><a href=\"https:\/\/images.iphone-ticker.de\/wp-content\/uploads\/2020\/12\/facebook-instagram-datenschutz-meldung.jpg\"><img loading=\"lazy\" decoding=\"async\" src=\"https:\/\/images.iphone-ticker.de\/wp-content\/uploads\/2020\/12\/facebook-instagram-datenschutz-meldung-500x194.jpg\" alt=\"Facebook Instagram Datenschutz Meldung\" width=\"500\" height=\"194\" class=\"alignnone size-medium wp-image-167663\" srcset=\"https:\/\/images.iphone-ticker.de\/wp-content\/uploads\/2020\/12\/facebook-instagram-datenschutz-meldung-500x194.jpg 500w, https:\/\/images.iphone-ticker.de\/wp-content\/uploads\/2020\/12\/facebook-instagram-datenschutz-meldung-700x272.jpg 700w, https:\/\/images.iphone-ticker.de\/wp-content\/uploads\/2020\/12\/facebook-instagram-datenschutz-meldung.jpg 1170w\" sizes=\"auto, (max-width: 500px) 100vw, 500px\" \/><\/a><\/p>\n<p>Der deutsche Wortlaut der Hinweise sorgte teils f\u00fcr Verwirrung, denn die Facebook-Verantwortlichen hatten \u201emessaging services\u201c zun\u00e4chst mit \u201eNachrichtendienste\u201c \u00fcbersetzt. Gemeint ist allerdings weniger der BND, sondern vielmehr \u201eMessaging-Dienste\u201c, konkret der als eigene App vorliegende Facebook Messenger oder der in Instagram integrierte Chat-Bereich. <\/p>\n<p>Worin die Verst\u00f6\u00dfe im Detail bestehen ist unklar. M\u00f6glich ist, dass Facebook die kritischen Bestandteile entfernt hat, um gesetzlichen Ma\u00dfnahmen &#8211; unter Umst\u00e4nden im Zusammenhang mit einer vorliegenden Klage &#8211; zuvorzukommen. Der Konzern hat sich bislang nicht kl\u00e4rend zum Thema ge\u00e4u\u00dfert.<\/p>\n<p>Dem US-Magazin <a href=\"https:\/\/www.theverge.com\/2020\/12\/17\/22180119\/facebook-messenger-features-disabled-instagram-europe-prompt-eu\">The Verge<\/a> zufolge beziehen sich die \u00c4nderungen nicht auf die Grundfunktionen der Apps, Facebook habe lediglich Zusatzfunktionen wie Umfragen, personalisierte Antworten und teilweise auch Sticker abgeschaltet. Ein Sprecher habe verlauten lassen, dass all dies schon sehr bald wieder zur Verf\u00fcgung stehe.<\/p>\n<p><h8>Danke Jannik<\/h8><\/p>\n","protected":false},"excerpt":{"rendered":"<a href=\"https:\/\/www.iphone-ticker.de\/facebook-messenger-und-instagram-muessen-an-eu-regeln-angepasst-werden-167659\/\"><img width=\"150\" height=\"150\" src=\"https:\/\/images.iphone-ticker.de\/wp-content\/uploads\/2020\/12\/facebook-instagram-datenschutz-meldung-150x150.jpg\" class=\"alignright tfe wp-post-image\" alt=\"Facebook Instagram Datenschutz Meldung\" decoding=\"async\" loading=\"lazy\" \/><\/a><p>Offenbar um den europ\u00e4ischen Verbraucherschutzgesetzen und damit verbunden der von der EU verabschiedeten Datenschutzrichtlinie f\u00fcr elektronische Kommunikation zu entsprechen, hat Facebook verschiedenen Funktionen bei den hauseigenen Apps deaktiviert. Nutzer des Facebook Messenger und von Instagram bekommen teils die Meldung angezeigt, dass einige Funktionen der Apps nicht verf\u00fcgbar sind. Der deutsche Wortlaut der Hinweise sorgte teils [&hellip;]<\/p>\n","protected":false},"author":2,"featured_media":167663,"comment_status":"open","ping_status":"closed","sticky":false,"template":"","format":"standard","meta":{"footnotes":""},"categories":[1],"tags":[672,455,1321],"class_list":["post-167659","post","type-post","status-publish","format-standard","has-post-thumbnail","hentry","category-news","tag-datenschutz","tag-facebook","tag-instagram"],"aioseo_notices":[],"subheadline":["Einzelne Funktionen deaktiviert"],"featured_image":["https:\/\/images.iphone-ticker.de\/wp-content\/uploads\/2019\/11\/zuckerberg-facebook.jpg"],"rest_api_enabler":{"subheadline":"Einzelne Funktionen deaktiviert","featured_image":"https:\/\/images.iphone-ticker.de\/wp-content\/uploads\/2019\/11\/zuckerberg-facebook.jpg"},"_links":{"self":[{"href":"https:\/\/www.iphone-ticker.de\/apiv2\/wp\/v2\/posts\/167659","targetHints":{"allow":["GET"]}}],"collection":[{"href":"https:\/\/www.iphone-ticker.de\/apiv2\/wp\/v2\/posts"}],"about":[{"href":"https:\/\/www.iphone-ticker.de\/apiv2\/wp\/v2\/types\/post"}],"author":[{"embeddable":true,"href":"https:\/\/www.iphone-ticker.de\/apiv2\/wp\/v2\/users\/2"}],"replies":[{"embeddable":true,"href":"https:\/\/www.iphone-ticker.de\/apiv2\/wp\/v2\/comments?post=167659"}],"version-history":[{"count":5,"href":"https:\/\/www.iphone-ticker.de\/apiv2\/wp\/v2\/posts\/167659\/revisions"}],"predecessor-version":[{"id":167672,"href":"https:\/\/www.iphone-ticker.de\/apiv2\/wp\/v2\/posts\/167659\/revisions\/167672"}],"wp:featuredmedia":[{"embeddable":true,"href":"https:\/\/www.iphone-ticker.de\/apiv2\/wp\/v2\/media\/167663"}],"wp:attachment":[{"href":"https:\/\/www.iphone-ticker.de\/apiv2\/wp\/v2\/media?parent=167659"}],"wp:term":[{"taxonomy":"category","embeddable":true,"href":"https:\/\/www.iphone-ticker.de\/apiv2\/wp\/v2\/categories?post=167659"},{"taxonomy":"post_tag","embeddable":true,"href":"https:\/\/www.iphone-ticker.de\/apiv2\/wp\/v2\/tags?post=167659"}],"curies":[{"name":"wp","href":"https:\/\/api.w.org\/{rel}","templated":true}]}}