{"id":166552,"date":"2020-11-25T15:41:40","date_gmt":"2020-11-25T14:41:40","guid":{"rendered":"https:\/\/www.iphone-ticker.de\/?p=166552"},"modified":"2021-11-24T19:10:14","modified_gmt":"2021-11-24T18:10:14","slug":"apples-weihnachtsvideo-ein-werbeclip-fuer-den-homepod-mini","status":"publish","type":"post","link":"https:\/\/www.iphone-ticker.de\/apples-weihnachtsvideo-ein-werbeclip-fuer-den-homepod-mini-166552\/","title":{"rendered":"Apples Weihnachtsvideo: Ein Werbeclip f\u00fcr den HomePod mini"},"content":{"rendered":"<p>Apples diesj\u00e4hriges Weihnachtsvideo steht ganz im Zeichen des HomePod mini. Das knapp zweieinhalb Minuten lange Video mit dem Titel \u201eThe magic of mini\u201c w\u00fcrde auch als \u00fcberlanger Werbespot f\u00fcr den neuen Apple-Lautsprecher durchgehen.<\/p>\n<p>Als zentrale Figur setzt das neue Apple-Video Tierra Whack in Szene. Die amerikanische Rapperin liefert zugleich die akustische Untermalung f\u00fcr das Video und l\u00e4sst mit dem Kommando \u201eHey Siri, turn it way up\u201c einen gro\u00dfen, alten HomePod dem kleinen HomePod mini weichen.<\/p>\n<p>Apple ver\u00f6ffentlicht seine Weihnachtsfilme regelm\u00e4\u00dfig gegen Ende des Monats November. <a href=\"https:\/\/www.ifun.de\/the-surprise-apples-weihnachtsvideo-2019-ist-da-146481\/\">In den vergangenen Jahren<\/a> hatten die Produktionen h\u00e4ufig einen stark famili\u00e4ren Bezug. Als eines der von den Nutzern am besten bewerteten Weihnachtsvideos von Apple z\u00e4hlt weiterhin der Clip \u201eMisunderstood\u201c aus dem Jahr 2013.<\/p>\n<p>https:\/\/www.youtube.com\/watch?v=0dUswys8s7k<\/p>\n","protected":false},"excerpt":{"rendered":"<a href=\"https:\/\/www.iphone-ticker.de\/apples-weihnachtsvideo-ein-werbeclip-fuer-den-homepod-mini-166552\/\"><img width=\"150\" height=\"150\" src=\"https:\/\/images.iphone-ticker.de\/wp-content\/uploads\/2020\/11\/apple-weihnachtsvideo-2020-150x150.jpg\" class=\"alignright tfe wp-post-image\" alt=\"Apple Weihnachtsvideo 2020\" decoding=\"async\" loading=\"lazy\" \/><\/a><p>Apples diesj\u00e4hriges Weihnachtsvideo steht ganz im Zeichen des HomePod mini. Das knapp zweieinhalb Minuten lange Video mit dem Titel \u201eThe magic of mini\u201c w\u00fcrde auch als \u00fcberlanger Werbespot f\u00fcr den neuen Apple-Lautsprecher durchgehen. Als zentrale Figur setzt das neue Apple-Video Tierra Whack in Szene. Die amerikanische Rapperin liefert zugleich die akustische Untermalung f\u00fcr das Video [&hellip;]<\/p>\n","protected":false},"author":2,"featured_media":166554,"comment_status":"open","ping_status":"closed","sticky":false,"template":"","format":"standard","meta":{"footnotes":""},"categories":[1,489],"tags":[3912,5347,8],"class_list":["post-166552","post","type-post","status-publish","format-standard","has-post-thumbnail","hentry","category-news","category-videos","tag-apple","tag-homepod-mini","tag-video"],"aioseo_notices":[],"subheadline":["\u201eThe magic of mini\u201c"],"featured_image":["https:\/\/images.iphone-ticker.de\/wp-content\/uploads\/2020\/11\/apple-weihnachtsvideo-2020.jpg"],"rest_api_enabler":{"subheadline":"\u201eThe magic of mini\u201c","featured_image":"https:\/\/images.iphone-ticker.de\/wp-content\/uploads\/2020\/11\/apple-weihnachtsvideo-2020.jpg"},"_links":{"self":[{"href":"https:\/\/www.iphone-ticker.de\/apiv2\/wp\/v2\/posts\/166552","targetHints":{"allow":["GET"]}}],"collection":[{"href":"https:\/\/www.iphone-ticker.de\/apiv2\/wp\/v2\/posts"}],"about":[{"href":"https:\/\/www.iphone-ticker.de\/apiv2\/wp\/v2\/types\/post"}],"author":[{"embeddable":true,"href":"https:\/\/www.iphone-ticker.de\/apiv2\/wp\/v2\/users\/2"}],"replies":[{"embeddable":true,"href":"https:\/\/www.iphone-ticker.de\/apiv2\/wp\/v2\/comments?post=166552"}],"version-history":[{"count":5,"href":"https:\/\/www.iphone-ticker.de\/apiv2\/wp\/v2\/posts\/166552\/revisions"}],"predecessor-version":[{"id":182958,"href":"https:\/\/www.iphone-ticker.de\/apiv2\/wp\/v2\/posts\/166552\/revisions\/182958"}],"wp:featuredmedia":[{"embeddable":true,"href":"https:\/\/www.iphone-ticker.de\/apiv2\/wp\/v2\/media\/166554"}],"wp:attachment":[{"href":"https:\/\/www.iphone-ticker.de\/apiv2\/wp\/v2\/media?parent=166552"}],"wp:term":[{"taxonomy":"category","embeddable":true,"href":"https:\/\/www.iphone-ticker.de\/apiv2\/wp\/v2\/categories?post=166552"},{"taxonomy":"post_tag","embeddable":true,"href":"https:\/\/www.iphone-ticker.de\/apiv2\/wp\/v2\/tags?post=166552"}],"curies":[{"name":"wp","href":"https:\/\/api.w.org\/{rel}","templated":true}]}}