{"id":16644,"date":"2010-12-17T13:54:45","date_gmt":"2010-12-17T12:54:45","guid":{"rendered":"http:\/\/www.iphone-ticker.de\/?p=16644"},"modified":"2010-12-17T13:55:39","modified_gmt":"2010-12-17T12:55:39","slug":"weises-iphone-4-zuruck-im-vertriebspartner-auswahl-menu","status":"publish","type":"post","link":"https:\/\/www.iphone-ticker.de\/weises-iphone-4-zuruck-im-vertriebspartner-auswahl-menu-16644\/","title":{"rendered":"Wei\u00dfes iPhone 4: Zur\u00fcck im Vertriebspartner Auswahl-Menu"},"content":{"rendered":"<p><a href=\"http:\/\/www.iphone-ticker.de\/wp-content\/uploads\/2010\/10\/weisses_iphone.jpg\"><img loading=\"lazy\" decoding=\"async\" class=\"alignright\" title=\"Weisses iPhone 4\" src=\"http:\/\/www.iphone-ticker.de\/wp-content\/uploads\/2010\/10\/weisses_iphone.jpg\" alt=\"\" width=\"98\" height=\"133\" \/><\/a>Apples Ansage steht: Das wei\u00dfe iPhone, so best\u00e4tigte Cupertino noch mal am 27. Oktober, wird sich sp\u00e4testens im Fr\u00fchjahr 2011 ganz regul\u00e4r bestellen lassen. <\/p>\n<p>Die anfangs vage Terminzusage, &#8222;Fr\u00fchjahr 2011&#8220;, wurde zuletzt von der Nachrichtenagentur Reuters und neuen Werbematerialien, die sowohl in deutschen Telekom Shops als auch in amerikanischen Apples Stores ausgelegt wurden quasi best\u00e4tigt.<\/p>\n<p>Nun h\u00f6ren wir aus Vertriebspartner-Kreisen der Telekom von der Wiedereinf\u00fchrung des wei\u00dfen iPhone 4-Modells in das Vertriebspartner-Portal. Das 16GB und 32GB-Modell konnten bereits zum Launch der 4. iPhone-Generation kurzfristig als Versandger\u00e4t oder zur Direkt-Ausgabe gebucht werden, verschwanden mit dem bekanntwerden der Lieferprobleme jedoch wieder aus dem System. Jetzt sind sie zur\u00fcck. <\/p>\n<p>Apple hatte den Verkaufsstart des wei\u00dfen iPhones eigentlich f\u00fcr das diesj\u00e4hrige Weihnachtsgesch\u00e4ft vorgesehen \u2013 schon im Juni jedoch mit teils widerspr\u00fcchlichen Meldungen f\u00fcr Verwirrung gesorgt. <\/p>\n<p><!--more--><\/p>\n<p>Wer sich f\u00fcr das Thema interessiert sollte folgenden Artikeln einen Besuch abstatten:<\/p>\n<ul>\n<li><a href=\"http:\/\/www.iphone-ticker.de\/2010\/06\/23\/weises-iphone-4-erst-in-der-2-juli-halfte\/\">Apple: Wei\u00dfes iPhone 4 erst in der 2. Juli-H\u00e4lfte<\/a><\/li>\n<li><a href=\"http:\/\/www.iphone-ticker.de\/2010\/07\/12\/weises-iphone-4-vermutlich-ab-28-juli-lieferbar\/\">Wei\u00dfes iPhone 4 vermutlich ab 28. Juli lieferbar<\/a><\/li>\n<li><a href=\"http:\/\/www.iphone-ticker.de\/2010\/07\/19\/das-weise-iphone-4-drei-glas-displays-pro-stunde-und-probleme-mit-der-farbe\/\">Drei Glas-Displays pro Stunde und Probleme mit der Farbe<\/a><\/li>\n<li><a href=\"http:\/\/www.iphone-ticker.de\/2010\/08\/09\/sieben-zweizeiler-locktopus-weises-iphone-4-hintergrund-tricks-comic-avatare-reel-director-android-und-mehr\/\">Apple merzt Produktionsfehler beim wei\u00dfen iPhone aus<\/a><\/li>\n<li><a href=\"http:\/\/www.iphone-ticker.de\/2010\/10\/27\/gerucht-weises-iphone-4-gestrichen-erst-wieder-iphone-5-mit-weisem-gehause\/\">Ger\u00fccht: Kein wei\u00dfes iPhone 4, erst 5. Generation kommt wieder mit wei\u00dfem Geh\u00e4use [Update]<\/a><\/li>\n<li><a href=\"http:\/\/www.iphone-ticker.de\/2010\/10\/27\/apple-das-weise-iphone-4-kommt-erst-im-fruhjahr-2011\/\">Apple: Das wei\u00dfe iPhone 4 kommt erst im Fr\u00fchjahr 2011<\/a><\/li>\n<li><a href=\"http:\/\/www.iphone-ticker.de\/2010\/12\/05\/apple-store-sichtungen-bestatigen-reuters-meldung-weises-iphone-im-fruhjahr-2011\/\">Apple Store-Sichtungen best\u00e4tigen Reuters-Meldung: Wei\u00dfes iPhone im Fr\u00fchjahr 2011<\/a><\/li>\n<li><a href=\"http:\/\/www.iphone-ticker.de\/2010\/12\/08\/telekom-auftakt-probleme-beim-50-tag-shop-werbung-mit-weisem-iphone-4-neue-nachrichten-zentrale-in-arbeit\/\">Telekom: Shop-Werbung mit wei\u00dfem iPhone 4<\/a><\/li>\n<\/ul>\n","protected":false},"excerpt":{"rendered":"<a href=\"https:\/\/www.iphone-ticker.de\/weises-iphone-4-zuruck-im-vertriebspartner-auswahl-menu-16644\/\"><img decoding=\"async\" width=\"150\" src=\"http:\/\/www.iphone-ticker.de\/wp-content\/uploads\/2010\/10\/weisses_iphone.jpg\" class=\"alignright wp-post-image tfe\" alt=\"\" title=\"Weisses iPhone 4\" \/><\/a><p>Apples Ansage steht: Das wei\u00dfe iPhone, so best\u00e4tigte Cupertino noch mal am 27. Oktober, wird sich sp\u00e4testens im Fr\u00fchjahr 2011 ganz regul\u00e4r bestellen lassen. Die anfangs vage Terminzusage, &#8222;Fr\u00fchjahr 2011&#8220;, wurde zuletzt von der Nachrichtenagentur Reuters und neuen Werbematerialien, die sowohl in deutschen Telekom Shops als auch in amerikanischen Apples Stores ausgelegt wurden quasi best\u00e4tigt. [&hellip;]<\/p>\n","protected":false},"author":1,"featured_media":0,"comment_status":"open","ping_status":"closed","sticky":false,"template":"","format":"standard","meta":{"footnotes":""},"categories":[6],"tags":[3912,3910,363],"class_list":["post-16644","post","type-post","status-publish","format-standard","hentry","category-rumors","tag-apple","tag-rumors","tag-telekom"],"aioseo_notices":[],"rest_api_enabler":[],"_links":{"self":[{"href":"https:\/\/www.iphone-ticker.de\/apiv2\/wp\/v2\/posts\/16644","targetHints":{"allow":["GET"]}}],"collection":[{"href":"https:\/\/www.iphone-ticker.de\/apiv2\/wp\/v2\/posts"}],"about":[{"href":"https:\/\/www.iphone-ticker.de\/apiv2\/wp\/v2\/types\/post"}],"author":[{"embeddable":true,"href":"https:\/\/www.iphone-ticker.de\/apiv2\/wp\/v2\/users\/1"}],"replies":[{"embeddable":true,"href":"https:\/\/www.iphone-ticker.de\/apiv2\/wp\/v2\/comments?post=16644"}],"version-history":[{"count":5,"href":"https:\/\/www.iphone-ticker.de\/apiv2\/wp\/v2\/posts\/16644\/revisions"}],"predecessor-version":[{"id":16659,"href":"https:\/\/www.iphone-ticker.de\/apiv2\/wp\/v2\/posts\/16644\/revisions\/16659"}],"wp:attachment":[{"href":"https:\/\/www.iphone-ticker.de\/apiv2\/wp\/v2\/media?parent=16644"}],"wp:term":[{"taxonomy":"category","embeddable":true,"href":"https:\/\/www.iphone-ticker.de\/apiv2\/wp\/v2\/categories?post=16644"},{"taxonomy":"post_tag","embeddable":true,"href":"https:\/\/www.iphone-ticker.de\/apiv2\/wp\/v2\/tags?post=16644"}],"curies":[{"name":"wp","href":"https:\/\/api.w.org\/{rel}","templated":true}]}}