{"id":165867,"date":"2020-11-10T15:12:27","date_gmt":"2020-11-10T14:12:27","guid":{"rendered":"https:\/\/www.iphone-ticker.de\/?p=165867"},"modified":"2020-11-10T15:41:38","modified_gmt":"2020-11-10T14:41:38","slug":"liegt-nicht-flach-apples-lederhuelle-mit-kamerarand","status":"publish","type":"post","link":"https:\/\/www.iphone-ticker.de\/liegt-nicht-flach-apples-lederhuelle-mit-kamerarand-165867\/","title":{"rendered":"Liegt nicht flach: Apples Lederh\u00fclle mit Kamerarand"},"content":{"rendered":"<p>Vielleicht ist euch die Eigenart der 60 Euro teuren Lederh\u00fcllen f\u00fcr das iPhone 12 Pro, mit deren Auslieferung Apple in den vergangenen Tagen begonnen hat, <a href=\"https:\/\/www.iphone-ticker.de\/iphone-12-studio-ledercases-und-magsafe-duo-im-video-165773\/\">bereits in diesem Video<\/a> von Aaron Zollo aufgefallen. Vielleicht geht es auch aber auch so wie dem ifun.de-Leser Marcel, der uns heute entt\u00e4uscht kontaktiert hat, nachdem dieser beim Auspacken der neuen Schutzh\u00fclle erst mal in Stutzen gekommen ist.<\/p>\n<p>Anders als in vergangenen Jahren hat sich Apple 2020 daf\u00fcr entschieden, den offiziellen Leder-H\u00fcllen eine Kunststoff-Lippe mit auf den Weg zu geben, die rund um das Kamera-Modul der neuen iPhone-Modelle angebracht ist und ihrerseits daf\u00fcr sorgt, dass die R\u00fcckseite der neuen H\u00fcllen nicht mehr komplett flach auf dem Tisch liegt.<\/p>\n<p>W\u00e4hrend Apples Lederh\u00fcllen das Kamera-Modul der aktuellen iPhone-Modelle in zur\u00fcckliegenden Jahren stets ausgeglichen haben und so daf\u00fcr sorgten, dass die gesamte iPhone-R\u00fcckseite wieder ein Niveau erreichte, \u00fcbertragen die aktuellen H\u00fcllen die Differenz zwischen Kamera-Modul und iPhone-R\u00fccken (leicht abgeschw\u00e4cht) einfach auf ihre R\u00fcckseite.<\/p>\n<p><a href=\"https:\/\/images.iphone-ticker.de\/wp-content\/uploads\/2020\/11\/leder-case.jpg\"><img loading=\"lazy\" decoding=\"async\" class=\"aligncenter size-large wp-image-165869\" src=\"https:\/\/images.iphone-ticker.de\/wp-content\/uploads\/2020\/11\/leder-case-700x612.jpg\" alt=\"Leder Case\" width=\"700\" height=\"612\" srcset=\"https:\/\/images.iphone-ticker.de\/wp-content\/uploads\/2020\/11\/leder-case-700x612.jpg 700w, https:\/\/images.iphone-ticker.de\/wp-content\/uploads\/2020\/11\/leder-case-500x437.jpg 500w, https:\/\/images.iphone-ticker.de\/wp-content\/uploads\/2020\/11\/leder-case-1536x1343.jpg 1536w, https:\/\/images.iphone-ticker.de\/wp-content\/uploads\/2020\/11\/leder-case.jpg 2000w\" sizes=\"auto, (max-width: 700px) 100vw, 700px\" \/><\/a><\/p>\n<p>Eine Information, die Marcel gerne an alle Lederh\u00fcllen-Interessenten durchgereicht wissen m\u00f6chte &#8211; was wir nat\u00fcrlich gerne machen. Vielleicht k\u00f6nnen wir so ja eine Handvoll entt\u00e4uschter Gesichter und die sich anschlie\u00dfenden Retouren vermeiden.<\/p>\n<p>Marcel berichtet von seinem neuen LederCase in Baltischblau, das drei Tage vor der geplanten Lieferung des bestellten iPhone 12 Pro Max aufgeschlagen ist. Ausgepackt wurde dieses noch voller Vorfreude, der Blick auf die so nicht erwartete Kunststoff-Lippe sorgte dann jedoch f\u00fcr einentt\u00e4uschtes Gesicht und die Frage, wie effektiv sich so etwa die Qi-Ladefl\u00e4che im eigenen Auto nutzen lassen w\u00fcrde.<\/p>\n<p>Auch wenn der Rahmen um das Kamera-Modul auf Apples Produktfotos klar zu erkennen ist, \u00fcberraschte die Gr\u00f6\u00dfe des herausstehenden Anteils dann doch.<\/p>\n<p>ifun.de-Leser Marcel schreibt:<\/p>\n<blockquote><p>&#8222;Den hervorstehenden Kamerabuckel hab ich immer dahingehend verteidigt, dass dieser Buckel ja sowieso in der H\u00fclle untergeht und das ganze iPhone mit H\u00fclle dann hinten Plan ist. Dem ist jetzt dann ja leider nicht mehr so. Ich denke momentan wirklich dar\u00fcber nach, dieses \u00fcber 60 Euro teure Case wieder zu retournieren. Bin wirklich etwas entt\u00e4uscht.<\/p><\/blockquote>\n<p><div class=\"responsive-video\"><iframe loading=\"lazy\" width=\"700\" height=\"371\" src=\"https:\/\/www.youtube-nocookie.com\/embed\/8AyL13pptQM\" frameborder=\"0\" allowfullscreen><\/iframe><\/div><br \/>\n<img loading=\"lazy\" decoding=\"async\" src=\"https:\/\/vg06.met.vgwort.de\/na\/f605ddeb6e374437b4a7b00a4256703d\" width=\"1\" height=\"1\" class=\"tracking\"><\/p>\n","protected":false},"excerpt":{"rendered":"<a href=\"https:\/\/www.iphone-ticker.de\/liegt-nicht-flach-apples-lederhuelle-mit-kamerarand-165867\/\"><img width=\"150\" height=\"150\" src=\"https:\/\/images.iphone-ticker.de\/wp-content\/uploads\/2020\/11\/leder-case-150x150.jpg\" class=\"alignright tfe wp-post-image\" alt=\"Leder Case\" decoding=\"async\" loading=\"lazy\" \/><\/a><p>Vielleicht ist euch die Eigenart der 60 Euro teuren Lederh\u00fcllen f\u00fcr das iPhone 12 Pro, mit deren Auslieferung Apple in den vergangenen Tagen begonnen hat, bereits in diesem Video von Aaron Zollo aufgefallen. Vielleicht geht es auch aber auch so wie dem ifun.de-Leser Marcel, der uns heute entt\u00e4uscht kontaktiert hat, nachdem dieser beim Auspacken der [&hellip;]<\/p>\n","protected":false},"author":1,"featured_media":165869,"comment_status":"open","ping_status":"closed","sticky":false,"template":"","format":"standard","meta":{"footnotes":""},"categories":[749],"tags":[3912,21,22,4946],"class_list":["post-165867","post","type-post","status-publish","format-standard","has-post-thumbnail","hentry","category-iphone-2","tag-apple","tag-case","tag-hulle","tag-iphone-12"],"aioseo_notices":[],"featured_image":["https:\/\/images.iphone-ticker.de\/wp-content\/uploads\/2020\/11\/leder-case-buckel-feature.jpg"],"subheadline":["iPhone 12 Pro Max"],"rest_api_enabler":{"featured_image":"https:\/\/images.iphone-ticker.de\/wp-content\/uploads\/2020\/11\/leder-case-buckel-feature.jpg","subheadline":"iPhone 12 Pro Max"},"_links":{"self":[{"href":"https:\/\/www.iphone-ticker.de\/apiv2\/wp\/v2\/posts\/165867","targetHints":{"allow":["GET"]}}],"collection":[{"href":"https:\/\/www.iphone-ticker.de\/apiv2\/wp\/v2\/posts"}],"about":[{"href":"https:\/\/www.iphone-ticker.de\/apiv2\/wp\/v2\/types\/post"}],"author":[{"embeddable":true,"href":"https:\/\/www.iphone-ticker.de\/apiv2\/wp\/v2\/users\/1"}],"replies":[{"embeddable":true,"href":"https:\/\/www.iphone-ticker.de\/apiv2\/wp\/v2\/comments?post=165867"}],"version-history":[{"count":3,"href":"https:\/\/www.iphone-ticker.de\/apiv2\/wp\/v2\/posts\/165867\/revisions"}],"predecessor-version":[{"id":165872,"href":"https:\/\/www.iphone-ticker.de\/apiv2\/wp\/v2\/posts\/165867\/revisions\/165872"}],"wp:featuredmedia":[{"embeddable":true,"href":"https:\/\/www.iphone-ticker.de\/apiv2\/wp\/v2\/media\/165869"}],"wp:attachment":[{"href":"https:\/\/www.iphone-ticker.de\/apiv2\/wp\/v2\/media?parent=165867"}],"wp:term":[{"taxonomy":"category","embeddable":true,"href":"https:\/\/www.iphone-ticker.de\/apiv2\/wp\/v2\/categories?post=165867"},{"taxonomy":"post_tag","embeddable":true,"href":"https:\/\/www.iphone-ticker.de\/apiv2\/wp\/v2\/tags?post=165867"}],"curies":[{"name":"wp","href":"https:\/\/api.w.org\/{rel}","templated":true}]}}