{"id":165773,"date":"2020-11-09T08:27:55","date_gmt":"2020-11-09T07:27:55","guid":{"rendered":"https:\/\/www.iphone-ticker.de\/?p=165773"},"modified":"2020-11-09T08:27:55","modified_gmt":"2020-11-09T07:27:55","slug":"iphone-12-studio-ledercases-und-magsafe-duo-im-video","status":"publish","type":"post","link":"https:\/\/www.iphone-ticker.de\/iphone-12-studio-ledercases-und-magsafe-duo-im-video-165773\/","title":{"rendered":"iPhone 12 Studio: Ledercases und MagSafe Duo im Video"},"content":{"rendered":"<p>Mit dem bevorstehenden Start der iPhone 12 mini- und iPhone 12 Pro Max-Auslieferungen Ende der Woche, tritt Apple jetzt im Zubeh\u00f6r-Bereich aufs Gaspedal und hat damit angefangen die Werbetrommel f\u00fcr all jene Accessoires zu r\u00fchren, die uns im Laufe der Woche wohl noch in vielen Rezensionen \u00fcber den Weg laufen werden.<\/p>\n<p><a href=\"https:\/\/images.iphone-ticker.de\/wp-content\/uploads\/2020\/11\/magsafe-duo-ladegaraet.jpg\"><img loading=\"lazy\" decoding=\"async\" src=\"https:\/\/images.iphone-ticker.de\/wp-content\/uploads\/2020\/11\/magsafe-duo-ladegaraet-500x290.jpg\" alt=\"Magsafe Duo Ladegaraet\" width=\"500\" height=\"290\" class=\"aligncenter size-medium wp-image-165730\" srcset=\"https:\/\/images.iphone-ticker.de\/wp-content\/uploads\/2020\/11\/magsafe-duo-ladegaraet-500x290.jpg 500w, https:\/\/images.iphone-ticker.de\/wp-content\/uploads\/2020\/11\/magsafe-duo-ladegaraet-700x406.jpg 700w, https:\/\/images.iphone-ticker.de\/wp-content\/uploads\/2020\/11\/magsafe-duo-ladegaraet.jpg 1144w\" sizes=\"auto, (max-width: 500px) 100vw, 500px\" \/><\/a><\/p>\n<h6>Teurer als der HomePod mini: Apples MagSafe Duo<\/h6>\n<h2>iPhone 12 Studio startet mobil<\/h2>\n<p>Teil der Offensive ist das sogenannte &#8222;iPhone 12 Studio&#8220;. <a href=\"https:\/\/experience.apple\/iphone\/de\">Eine mobile Webseite<\/a>, die sich ausschlie\u00dflich vom iPhone ansteuern l\u00e4sst und unter der \u00dcberschrift &#8222;Kombinieren. Personalisieren.&#8220; das bereits von der Apple Watch bekannte Mix-and-Match-Konzept visuell ansprechend auf das iPhone transportiert.<\/p>\n<p>Hier lassen sich iPhone 12-Modell, H\u00fclle und Leder-Wallet in allen verf\u00fcgbaren Farbkombinationen miteinander kombinieren. Die Illusion von Individualit\u00e4t darf anschlie\u00dfend mit dem eigenen Namen beschriftet, als Hochglanz-Grafik geladen und, wenn es nach Apple geht, flei\u00dfig in den sozialen Netzwerken geteilt werden.<\/p>\n<p><a href=\"https:\/\/images.iphone-ticker.de\/wp-content\/uploads\/2020\/11\/iPhone-12-Studio.jpg\"><img loading=\"lazy\" decoding=\"async\" src=\"https:\/\/images.iphone-ticker.de\/wp-content\/uploads\/2020\/11\/iPhone-12-Studio-700x398.jpg\" alt=\"IPhone 12 Studio\" width=\"700\" height=\"398\" class=\"aligncenter size-large wp-image-165774\" srcset=\"https:\/\/images.iphone-ticker.de\/wp-content\/uploads\/2020\/11\/iPhone-12-Studio-700x398.jpg 700w, https:\/\/images.iphone-ticker.de\/wp-content\/uploads\/2020\/11\/iPhone-12-Studio-500x284.jpg 500w, https:\/\/images.iphone-ticker.de\/wp-content\/uploads\/2020\/11\/iPhone-12-Studio.jpg 1500w\" sizes=\"auto, (max-width: 700px) 100vw, 700px\" \/><\/a><\/p>\n<h2>MagSafe Duo Ladeger\u00e4t<\/h2>\n<p>Zum Bestellstart von iPhone 12 mini und iPhone 12 Pro Max am vergangenen Freitag l\u00fcftete Apple erstmals auch die Preise, die f\u00fcr das <a href=\"https:\/\/www.iphone-ticker.de\/magsafe-zubehoer-duo-ladecase-und-lederhuelle-kommen-fuer-145-euro-165727\/\">MagSafe Duo Ladeger\u00e4t<\/a> f\u00e4llig werden und d\u00fcrfte viele Nutzer damit unfreiwillig dazu gebracht haben, einen Atemzug Luft zwischen den geschlossenen Zahnreihen hindurchzuziehen. <\/p>\n<p>Knackige 145,20 Euro, noch ohne Bestellm\u00f6glichkeit und ohne Liefertermin, ist schon eine Ansage &#8211; und deutlich teurer als der neue HomePod mini. Mittlerweile existieren erste Videos des Doppel-Ladeger\u00e4tes:<\/p>\n<p><div class=\"responsive-video\"><iframe loading=\"lazy\" width=\"700\" height=\"371\" src=\"https:\/\/www.youtube-nocookie.com\/embed\/mMokSOYzJUw\" frameborder=\"0\" allowfullscreen><\/iframe><\/div><\/p>\n<h2>Apple Ledercases<\/h2>\n<p>Im Video pr\u00e4sentieren sich auch die mittlerweile verf\u00fcgbaren Apple-Leder-H\u00fcllen. Diese hat unter anderem <a href=\"https:\/\/twitter.com\/zollotech\">Aaron Zollo<\/a> vor die Kamera gehalten und pr\u00e4sentiert die f\u00fcr das iPhone 12 und das iPhone 12 pro verf\u00fcgbaren Varianten auf den inzwischen YouTube-typischen 10 Minuten.<\/p>\n<p><div class=\"responsive-video\"><iframe loading=\"lazy\" width=\"700\" height=\"371\" src=\"https:\/\/www.youtube-nocookie.com\/embed\/r3WhhhP29Gc\" frameborder=\"0\" allowfullscreen><\/iframe><\/div><\/p>\n<p><img loading=\"lazy\" decoding=\"async\" src=\"https:\/\/vg09.met.vgwort.de\/na\/46a7c7ddefb2462b89fdd05217201541\" width=\"1\" height=\"1\" class=\"tracking\"><\/p>\n","protected":false},"excerpt":{"rendered":"<a href=\"https:\/\/www.iphone-ticker.de\/iphone-12-studio-ledercases-und-magsafe-duo-im-video-165773\/\"><img width=\"150\" height=\"150\" src=\"https:\/\/images.iphone-ticker.de\/wp-content\/uploads\/2020\/11\/iphone-12-studio-feature-150x150.jpg\" class=\"alignright tfe wp-post-image\" alt=\"Iphone 12 Studio Feature\" decoding=\"async\" loading=\"lazy\" \/><\/a><p>Mit dem bevorstehenden Start der iPhone 12 mini- und iPhone 12 Pro Max-Auslieferungen Ende der Woche, tritt Apple jetzt im Zubeh\u00f6r-Bereich aufs Gaspedal und hat damit angefangen die Werbetrommel f\u00fcr all jene Accessoires zu r\u00fchren, die uns im Laufe der Woche wohl noch in vielen Rezensionen \u00fcber den Weg laufen werden. Teurer als der HomePod [&hellip;]<\/p>\n","protected":false},"author":1,"featured_media":165775,"comment_status":"open","ping_status":"closed","sticky":false,"template":"","format":"standard","meta":{"footnotes":""},"categories":[24],"tags":[3912,4946,2196,8,5239],"class_list":["post-165773","post","type-post","status-publish","format-standard","has-post-thumbnail","hentry","category-zubehor","tag-apple","tag-iphone-12","tag-magsafe","tag-video","tag-zubehoer"],"aioseo_notices":[],"subheadline":["Die Illusion von Individualit\u00e4t"],"featured_image":["https:\/\/images.iphone-ticker.de\/wp-content\/uploads\/2020\/11\/iphone-12-studio-feature.jpg"],"rest_api_enabler":{"subheadline":"Die Illusion von Individualit\u00e4t","featured_image":"https:\/\/images.iphone-ticker.de\/wp-content\/uploads\/2020\/11\/iphone-12-studio-feature.jpg"},"_links":{"self":[{"href":"https:\/\/www.iphone-ticker.de\/apiv2\/wp\/v2\/posts\/165773","targetHints":{"allow":["GET"]}}],"collection":[{"href":"https:\/\/www.iphone-ticker.de\/apiv2\/wp\/v2\/posts"}],"about":[{"href":"https:\/\/www.iphone-ticker.de\/apiv2\/wp\/v2\/types\/post"}],"author":[{"embeddable":true,"href":"https:\/\/www.iphone-ticker.de\/apiv2\/wp\/v2\/users\/1"}],"replies":[{"embeddable":true,"href":"https:\/\/www.iphone-ticker.de\/apiv2\/wp\/v2\/comments?post=165773"}],"version-history":[{"count":1,"href":"https:\/\/www.iphone-ticker.de\/apiv2\/wp\/v2\/posts\/165773\/revisions"}],"predecessor-version":[{"id":165776,"href":"https:\/\/www.iphone-ticker.de\/apiv2\/wp\/v2\/posts\/165773\/revisions\/165776"}],"wp:featuredmedia":[{"embeddable":true,"href":"https:\/\/www.iphone-ticker.de\/apiv2\/wp\/v2\/media\/165775"}],"wp:attachment":[{"href":"https:\/\/www.iphone-ticker.de\/apiv2\/wp\/v2\/media?parent=165773"}],"wp:term":[{"taxonomy":"category","embeddable":true,"href":"https:\/\/www.iphone-ticker.de\/apiv2\/wp\/v2\/categories?post=165773"},{"taxonomy":"post_tag","embeddable":true,"href":"https:\/\/www.iphone-ticker.de\/apiv2\/wp\/v2\/tags?post=165773"}],"curies":[{"name":"wp","href":"https:\/\/api.w.org\/{rel}","templated":true}]}}