{"id":165554,"date":"2020-11-04T10:09:14","date_gmt":"2020-11-04T09:09:14","guid":{"rendered":"https:\/\/www.iphone-ticker.de\/?p=165554"},"modified":"2020-11-04T10:09:14","modified_gmt":"2020-11-04T09:09:14","slug":"airpods-pro-laute-aussengeraeusche-deaktivieren-transparenzmodus","status":"publish","type":"post","link":"https:\/\/www.iphone-ticker.de\/airpods-pro-laute-aussengeraeusche-deaktivieren-transparenzmodus-165554\/","title":{"rendered":"AirPods Pro: Laute Au\u00dfenger\u00e4usche deaktivieren Transparenzmodus"},"content":{"rendered":"<p>Haben Apples <a href=\"https:\/\/apple.sjv.io\/x3zW5\" title=\"AirPods Pro\">AirPods Pro<\/a> eine automatische Funktion zum Schutz des Geh\u00f6rs integriert? Mit Blick auf eingehende Leserberichte k\u00f6nnte das fast meinen, doch tun wir uns schwer daran, den Effekt als gewolltes und kontrolliertes \u201everstecktes Feature\u201c zu best\u00e4tigen. Zudem w\u00e4re es verwunderlich, wenn Apple eine solche Funktion integriert und nicht damit wirbt.<\/p>\n<p><a href=\"https:\/\/images.iphone-ticker.de\/wp-content\/uploads\/2020\/11\/airpods-pro-im-case.jpg\"><img loading=\"lazy\" decoding=\"async\" src=\"https:\/\/images.iphone-ticker.de\/wp-content\/uploads\/2020\/11\/airpods-pro-im-case-500x489.jpg\" alt=\"Airpods Pro Im Case\" width=\"500\" height=\"489\" class=\"alignnone size-medium wp-image-165558\" srcset=\"https:\/\/images.iphone-ticker.de\/wp-content\/uploads\/2020\/11\/airpods-pro-im-case-500x489.jpg 500w, https:\/\/images.iphone-ticker.de\/wp-content\/uploads\/2020\/11\/airpods-pro-im-case-700x684.jpg 700w, https:\/\/images.iphone-ticker.de\/wp-content\/uploads\/2020\/11\/airpods-pro-im-case.jpg 1200w\" sizes=\"auto, (max-width: 500px) 100vw, 500px\" \/><\/a><\/p>\n<p>Konkret geht es um die Benutzung der AirPods Pro im Transparenzmodus. Hier werden Au\u00dfenger\u00e4usche ja bewusst verst\u00e4rkt, sodass man besser wahrnimmt, was um einen herum geschieht. Leserberichten zufolge wird dieser Modus jedoch beim Einfluss lauter Au\u00dfenger\u00e4usche, beispielsweise Polizeisirenen oder quietschender Bremsen und Gleise, automatisch deaktiviert und die H\u00f6rer stattdessen auf Ger\u00e4uschunterdr\u00fcckung geschaltet. Der Moduswechsel geschieht automatisch und wird auch r\u00fcckg\u00e4ngig gemacht, sobald sich der Au\u00dfenger\u00e4uschpegel wieder normalisiert hat.<\/p>\n<blockquote>\n<p>Wenn ich zum Beispiel an den Bahngleisen stehe und der Zug am Bremsen ist entsteht ja ein hochfrequenter Ton. Sobald dieser Ton ert\u00f6nt gehen die AirPods Pro trotz Transparenz-Modus in den Ger\u00e4uschunterdr\u00fcckungs-Modus. Sobald der Ton dann weg ist schaltet sich automatisch und unbemerkt (also ohne Switch-Ton) der Transparenz-Modus wieder ein.<\/p>\n<\/blockquote>\n<p>Die AirPods Pro lassen sich in drei verschiedenen Stufen der Ger\u00e4uschkontrolle verwenden. Neben der aktiven Ger\u00e4uschunterdr\u00fcckung gibt es den Transparenzmodus, bei dem externe Ger\u00e4usche durchgelassen werden und einen inaktiven Modus, in dem man die Ohrh\u00f6rer ganz gew\u00f6hnlich und ohne Zusatzfunktion nutzen kann. Zwischen diesen unterschiedlichen Modi kann man beispielsweise \u00fcber die <a href=\"https:\/\/www.iphone-ticker.de\/tipp-druckschalter-funktion-der-airpods-pro-anpassen-152296\/\" title=\"Tipp: Druckschalter-Funktion der AirPods Pro anpassen\">Druckschalter im H\u00f6rer<\/a> oder <a href=\"https:\/\/www.iphone-ticker.de\/tipp-airpods-pro-geraeuschkontrollmodus-auf-der-apple-watch-aendern-152483\/\" title=\"Tipp: AirPods Pro Ger\u00e4uschkontrollmodus auf der Apple Watch \u00e4ndern\">\u00fcber die Apple Watch<\/a> wechseln.<\/p>\n<h2>Apple-Funktion \u201eKopfh\u00f6rerlautst\u00e4rke beschr\u00e4nken\u201c<\/h2>\n<p>Das beschriebene Erscheinungsbild ist \u00fcbrigens nicht mit der Apple-Funktion \u201e<a href=\"https:\/\/support.apple.com\/de-de\/guide\/iphone\/iphb71f9b54d\/ios\">Kopfh\u00f6rerlautst\u00e4rke beschr\u00e4nken<\/a>\u201c zu verwechseln. Der Schalter diesbez\u00fcglich findet sich beim iPhone in den Einstellungen \u201eT\u00f6ne &amp; Haptik\u201c. Hier l\u00e4sst sich im Bereich \u201eLaute T\u00f6ne reduzieren\u201c ein maximaler Dezibel-Wert f\u00fcr die Lautst\u00e4rke verbundener Kopfh\u00f6rer ausw\u00e4hlen, um beispielsweise empfindliche Ohren zu sch\u00fctzen.<img loading=\"lazy\" decoding=\"async\" src=\"https:\/\/vg07.met.vgwort.de\/na\/4cb7fcb92c364138991ea68204d52f6e\" width=\"1\" height=\"1\" class=\"tracking\"><\/p>\n<p><h8>Danke f\u00fcr eure Mails<\/h8><\/p>\n","protected":false},"excerpt":{"rendered":"<a href=\"https:\/\/www.iphone-ticker.de\/airpods-pro-laute-aussengeraeusche-deaktivieren-transparenzmodus-165554\/\"><img width=\"150\" height=\"150\" src=\"https:\/\/images.iphone-ticker.de\/wp-content\/uploads\/2020\/11\/airpods-pro-im-case-150x150.jpg\" class=\"alignright tfe wp-post-image\" alt=\"Airpods Pro Im Case\" decoding=\"async\" loading=\"lazy\" \/><\/a><p>Haben Apples AirPods Pro eine automatische Funktion zum Schutz des Geh\u00f6rs integriert? Mit Blick auf eingehende Leserberichte k\u00f6nnte das fast meinen, doch tun wir uns schwer daran, den Effekt als gewolltes und kontrolliertes \u201everstecktes Feature\u201c zu best\u00e4tigen. Zudem w\u00e4re es verwunderlich, wenn Apple eine solche Funktion integriert und nicht damit wirbt. Konkret geht es um [&hellip;]<\/p>\n","protected":false},"author":2,"featured_media":165558,"comment_status":"open","ping_status":"closed","sticky":false,"template":"","format":"standard","meta":{"footnotes":""},"categories":[1],"tags":[4903,5378,90],"class_list":["post-165554","post","type-post","status-publish","format-standard","has-post-thumbnail","hentry","category-news","tag-airpods-pro","tag-gehoer","tag-sicherheit"],"aioseo_notices":[],"featured_image":["https:\/\/images.iphone-ticker.de\/wp-content\/uploads\/2020\/06\/airpods-pro-2.jpg"],"subheadline":["Versteckte Funktion zum Geh\u00f6rschutz?"],"rest_api_enabler":{"featured_image":"https:\/\/images.iphone-ticker.de\/wp-content\/uploads\/2020\/06\/airpods-pro-2.jpg","subheadline":"Versteckte Funktion zum Geh\u00f6rschutz?"},"_links":{"self":[{"href":"https:\/\/www.iphone-ticker.de\/apiv2\/wp\/v2\/posts\/165554","targetHints":{"allow":["GET"]}}],"collection":[{"href":"https:\/\/www.iphone-ticker.de\/apiv2\/wp\/v2\/posts"}],"about":[{"href":"https:\/\/www.iphone-ticker.de\/apiv2\/wp\/v2\/types\/post"}],"author":[{"embeddable":true,"href":"https:\/\/www.iphone-ticker.de\/apiv2\/wp\/v2\/users\/2"}],"replies":[{"embeddable":true,"href":"https:\/\/www.iphone-ticker.de\/apiv2\/wp\/v2\/comments?post=165554"}],"version-history":[{"count":5,"href":"https:\/\/www.iphone-ticker.de\/apiv2\/wp\/v2\/posts\/165554\/revisions"}],"predecessor-version":[{"id":165560,"href":"https:\/\/www.iphone-ticker.de\/apiv2\/wp\/v2\/posts\/165554\/revisions\/165560"}],"wp:featuredmedia":[{"embeddable":true,"href":"https:\/\/www.iphone-ticker.de\/apiv2\/wp\/v2\/media\/165558"}],"wp:attachment":[{"href":"https:\/\/www.iphone-ticker.de\/apiv2\/wp\/v2\/media?parent=165554"}],"wp:term":[{"taxonomy":"category","embeddable":true,"href":"https:\/\/www.iphone-ticker.de\/apiv2\/wp\/v2\/categories?post=165554"},{"taxonomy":"post_tag","embeddable":true,"href":"https:\/\/www.iphone-ticker.de\/apiv2\/wp\/v2\/tags?post=165554"}],"curies":[{"name":"wp","href":"https:\/\/api.w.org\/{rel}","templated":true}]}}