{"id":165540,"date":"2020-11-04T07:11:50","date_gmt":"2020-11-04T06:11:50","guid":{"rendered":"https:\/\/www.iphone-ticker.de\/?p=165540"},"modified":"2020-11-04T07:11:50","modified_gmt":"2020-11-04T06:11:50","slug":"magsafe-duo-ladegeraet-verkaufsstart-rueckt-naeher","status":"publish","type":"post","link":"https:\/\/www.iphone-ticker.de\/magsafe-duo-ladegeraet-verkaufsstart-rueckt-naeher-165540\/","title":{"rendered":"MagSafe-Duo-Ladeger\u00e4t: Verkaufsstart r\u00fcckt n\u00e4her"},"content":{"rendered":"<p>Vor drei Wochen hat Apple neben den neuen iPhone-Modellen auch die Lade-Technologie <a href=\"https:\/\/www.iphone-ticker.de\/tag\/magsafe\/\">MagSafe<\/a> angek\u00fcndigt. Der Hersteller erweitert hier den Ladestandard Qi unter anderem um ein Magnetsystem zur pr\u00e4zisen Platzierung von Ger\u00e4ten und Zubeh\u00f6r.<\/p>\n<p><a href=\"https:\/\/apple.sjv.io\/xxBMd\">Erste H\u00fcllen<\/a> und ein <a href=\"https:\/\/apple.sjv.io\/zWz4e\" title=\"MagSafe-Ladeger\u00e4t\">einfaches Ladeger\u00e4t<\/a> sind bereits erh\u00e4ltlich, doch warten wir weiterhin auf das von Apple ebenfalls angek\u00fcndigte MagSafe-Duoladeger\u00e4t. Apple hat sich bislang weder zum Preis noch zum Verkaufsstart diesbez\u00fcglich ge\u00e4u\u00dfert und lediglich mitgeteilt, dass dass das Ladeger\u00e4t f\u00fcr iPhone und Apple Watch \u201ezu einem sp\u00e4teren Zeitpunkt\u201c erh\u00e4ltlich sein wird.<\/p>\n<p>Ein <a href=\"https:\/\/www.macrumors.com\/2020\/11\/03\/koreas-nrra-certifies-apple-magsafe-duo-charger\/\">Bericht<\/a> aus den USA spricht nun zumindest daf\u00fcr, dass der Verkaufsstart des MagSafe-Duo-Ladeger\u00e4ts n\u00e4her r\u00fcckt. So hat das Ger\u00e4t mit der Apple-internen Kennnummer A2458 die Tests der koreanischen Zulassungsbeh\u00f6rde \u201eNational Radio Research Agency\u201c durchlaufen und sei demnach f\u00fcr den Verkauf bereit. Entsprechende Pr\u00fcfungen finden nat\u00fcrlich auch f\u00fcr die sonstigen Verkaufsregionen statt, doch scheinen die Koreaner bislang die einzigen, die dies offiziell verk\u00fcnden und somit ein wenig Licht auf das Ende des Warte-Tunnels werfen.<\/p>\n<p><a href=\"https:\/\/images.iphone-ticker.de\/wp-content\/uploads\/2020\/10\/apple-magsafe-dual-charger.jpg\"><img loading=\"lazy\" decoding=\"async\" src=\"https:\/\/images.iphone-ticker.de\/wp-content\/uploads\/2020\/10\/apple-magsafe-dual-charger-700x292.jpg\" alt=\"Apple Magsafe Dual Charger\" width=\"700\" height=\"292\" class=\"alignnone size-large wp-image-164829\" srcset=\"https:\/\/images.iphone-ticker.de\/wp-content\/uploads\/2020\/10\/apple-magsafe-dual-charger-700x292.jpg 700w, https:\/\/images.iphone-ticker.de\/wp-content\/uploads\/2020\/10\/apple-magsafe-dual-charger-500x208.jpg 500w, https:\/\/images.iphone-ticker.de\/wp-content\/uploads\/2020\/10\/apple-magsafe-dual-charger.jpg 1400w\" sizes=\"auto, (max-width: 700px) 100vw, 700px\" \/><\/a><\/p>\n<p>Apple will mit dem MagSafe-Duo-Ladeger\u00e4t die M\u00f6glichkeit bieten, ein iPhone und die Apple Watch gemeinsam und mit maximaler Geschwindigkeit kabellos aufzuladen. Das Duo-Ladeger\u00e4t ist dabei so konzipiert, dass es es zusammengeklappt gut transportiert werden und die Apple Watch w\u00e4hrend des Ladens auch im Nachtmodus stehend platziert werden kann.<\/p>\n<p>Apple hat MagSafe im Rahmen der iPhone-Vorstellung am 13. Oktober angek\u00fcndigt und als Zukunft des drahtlosen Ladens angepriesen. Durch die in iPhone und Zubeh\u00f6r platzierten Magneten soll sich MagSafe zuverl\u00e4ssiger und auch flexibler verwenden lassen.<\/p>\n<p>Neben dem Verf\u00fcgbarkeitsdatum sind wir auch auf den Preis des neuen Duo-Ladeger\u00e4ts gespannt. Das bereits erh\u00e4ltliche <a href=\"https:\/\/apple.sjv.io\/zWz4e\" title=\"MagSafe-Ladeger\u00e4t\">MagSafe-Ladeger\u00e4t<\/a> kostet als einfacher Ladepuck ohne Netzteil bereits 44 Euro. Apples Doppel-Lader erg\u00e4nzt hier nicht nur die Ladem\u00f6glichkeit f\u00fcr die Apple Watch, sondern auch eine klappbare Transportm\u00f6glichkeit.<img loading=\"lazy\" decoding=\"async\" src=\"https:\/\/vg07.met.vgwort.de\/na\/00816d8a27084d5492593177ff0a4369\" width=\"1\" height=\"1\" class=\"tracking\"><\/p>\n","protected":false},"excerpt":{"rendered":"<a href=\"https:\/\/www.iphone-ticker.de\/magsafe-duo-ladegeraet-verkaufsstart-rueckt-naeher-165540\/\"><img width=\"150\" height=\"150\" src=\"https:\/\/images.iphone-ticker.de\/wp-content\/uploads\/2020\/11\/magsafe-duo-ladegearaet-150x150.jpg\" class=\"alignright tfe wp-post-image\" alt=\"Magsafe Duo Ladegearaet\" decoding=\"async\" loading=\"lazy\" \/><\/a><p>Vor drei Wochen hat Apple neben den neuen iPhone-Modellen auch die Lade-Technologie MagSafe angek\u00fcndigt. Der Hersteller erweitert hier den Ladestandard Qi unter anderem um ein Magnetsystem zur pr\u00e4zisen Platzierung von Ger\u00e4ten und Zubeh\u00f6r. Erste H\u00fcllen und ein einfaches Ladeger\u00e4t sind bereits erh\u00e4ltlich, doch warten wir weiterhin auf das von Apple ebenfalls angek\u00fcndigte MagSafe-Duoladeger\u00e4t. Apple hat [&hellip;]<\/p>\n","protected":false},"author":2,"featured_media":165546,"comment_status":"open","ping_status":"closed","sticky":false,"template":"","format":"standard","meta":{"footnotes":""},"categories":[24],"tags":[3912,45,2196],"class_list":["post-165540","post","type-post","status-publish","format-standard","has-post-thumbnail","hentry","category-zubehor","tag-apple","tag-ladegerat","tag-magsafe"],"aioseo_notices":[],"subheadline":["Bereits in der Zulassung"],"featured_image":["https:\/\/images.iphone-ticker.de\/wp-content\/uploads\/2020\/11\/magsafe-duo-ladegearaet.jpg"],"rest_api_enabler":{"subheadline":"Bereits in der Zulassung","featured_image":"https:\/\/images.iphone-ticker.de\/wp-content\/uploads\/2020\/11\/magsafe-duo-ladegearaet.jpg"},"_links":{"self":[{"href":"https:\/\/www.iphone-ticker.de\/apiv2\/wp\/v2\/posts\/165540","targetHints":{"allow":["GET"]}}],"collection":[{"href":"https:\/\/www.iphone-ticker.de\/apiv2\/wp\/v2\/posts"}],"about":[{"href":"https:\/\/www.iphone-ticker.de\/apiv2\/wp\/v2\/types\/post"}],"author":[{"embeddable":true,"href":"https:\/\/www.iphone-ticker.de\/apiv2\/wp\/v2\/users\/2"}],"replies":[{"embeddable":true,"href":"https:\/\/www.iphone-ticker.de\/apiv2\/wp\/v2\/comments?post=165540"}],"version-history":[{"count":6,"href":"https:\/\/www.iphone-ticker.de\/apiv2\/wp\/v2\/posts\/165540\/revisions"}],"predecessor-version":[{"id":165547,"href":"https:\/\/www.iphone-ticker.de\/apiv2\/wp\/v2\/posts\/165540\/revisions\/165547"}],"wp:featuredmedia":[{"embeddable":true,"href":"https:\/\/www.iphone-ticker.de\/apiv2\/wp\/v2\/media\/165546"}],"wp:attachment":[{"href":"https:\/\/www.iphone-ticker.de\/apiv2\/wp\/v2\/media?parent=165540"}],"wp:term":[{"taxonomy":"category","embeddable":true,"href":"https:\/\/www.iphone-ticker.de\/apiv2\/wp\/v2\/categories?post=165540"},{"taxonomy":"post_tag","embeddable":true,"href":"https:\/\/www.iphone-ticker.de\/apiv2\/wp\/v2\/tags?post=165540"}],"curies":[{"name":"wp","href":"https:\/\/api.w.org\/{rel}","templated":true}]}}