{"id":164719,"date":"2020-10-19T08:58:49","date_gmt":"2020-10-19T06:58:49","guid":{"rendered":"https:\/\/www.iphone-ticker.de\/?p=164719"},"modified":"2020-10-19T08:58:49","modified_gmt":"2020-10-19T06:58:49","slug":"5g-unterstuetzung-als-wichtigstes-verkaufsargument-fuer-das-iphone-12","status":"publish","type":"post","link":"https:\/\/www.iphone-ticker.de\/5g-unterstuetzung-als-wichtigstes-verkaufsargument-fuer-das-iphone-12-164719\/","title":{"rendered":"5G-Unterst\u00fctzung als wichtigstes Verkaufsargument f\u00fcr das iPhone 12"},"content":{"rendered":"<p>Die Unterst\u00fctzung der 5G-Netze wird von Apple als eines der wesentlichen Merkmale der neuen iPhone-Generation beworben. Schon bei der Pr\u00e4sentation von iPhone 12 und iPhone 12 Pro wurde das Thema \u00fcber satte sechs Minuten hinweg ausf\u00fchrlich behandelt, f\u00fcnf Minuten lang \u00fcberlie\u00df Apple dabei Hans Vestberg, dem Chef des Mobilunkproviders Verizon die B\u00fchne. Auch der neueste iPhone-Werbespot mit dem Titel \u201eDas leistungsst\u00e4rkste iPhone, das es je gab\u201c hat die neue Funktechnologie im Fokus.<\/p>\n<p><a href=\"https:\/\/images.iphone-ticker.de\/wp-content\/uploads\/2020\/10\/hans-vestberg-verizon-5g.jpg\"><img loading=\"lazy\" decoding=\"async\" src=\"https:\/\/images.iphone-ticker.de\/wp-content\/uploads\/2020\/10\/hans-vestberg-verizon-5g-500x283.jpg\" alt=\"Hans Vestberg Verizon 5g\" width=\"500\" height=\"283\" class=\"alignnone size-medium wp-image-164723\" srcset=\"https:\/\/images.iphone-ticker.de\/wp-content\/uploads\/2020\/10\/hans-vestberg-verizon-5g-500x283.jpg 500w, https:\/\/images.iphone-ticker.de\/wp-content\/uploads\/2020\/10\/hans-vestberg-verizon-5g-700x396.jpg 700w, https:\/\/images.iphone-ticker.de\/wp-content\/uploads\/2020\/10\/hans-vestberg-verizon-5g.jpg 1000w\" sizes=\"auto, (max-width: 500px) 100vw, 500px\" \/><\/a><\/p>\n<p>Apples \u201eSag hallo zu 5G\u201c kommt aus unternehmersicher Sicht dabei sicherlich zum richtigen Zeitpunkt. Ob man diesen Teil des erweiterten Leistungsumfangs der Ger\u00e4te im praktischen Einsatz schon jetzt wahrnimmt, bleibt dabei abzuwarten. In Deutschland nimmt der 5G-Ausbau derzeit erst so richtig Fahrt auf. Zum Monatsbeginn hat O2 den Startschuss f\u00fcr sein eigenes 5G-Netz gegeben und konzentriert sich zun\u00e4chst auf den Ausbau in Gro\u00dfst\u00e4dten. Vodafone und die Telekom haben ihre Netze dagegen bereits 2019 in Betrieb genommen, von einer halbwegs fl\u00e4chendeckenden Versorgung kann allerdings auch hier noch nicht reden. Nennenswerte Fortschritte d\u00fcrfen wir hier im kommenden Jahr erwarten. Alle drei deutschen Provider haben sich f\u00fcr diesen Zeitraum gro\u00dfz\u00fcgige Ausbauziele gesteckt.<\/p>\n<p>Spannend mit Blick auf das n\u00e4chste Jahr bleibt hierzulande auch der Blick auf den Ausbaustatus von LTE. Sowohl die <a href=\"https:\/\/www.iphone-ticker.de\/telekom-3g-abschaltung-am-30-juni-2021-163321\/\" title=\"Telekom: 3G-Abschaltung am 30. Juni 2021\">Telekom<\/a> als auch <a href=\"https:\/\/www.iphone-ticker.de\/vodafone-3g-abschaltung-im-juni-2021-157167\/\" title=\"Vodafone: 3G-Abschaltung im Juni 2021\">Vodafone<\/a> haben angek\u00fcndigt, zum Ende Juni 2021 ihre 3G-Netze abzuschalten. Die Konzerne haben diesen Schritt unter anderem damit begr\u00fcndet, dass die veraltete 3G-Technologie Frequenzen f\u00fcr die wesentlich leistungsf\u00e4higeren Standards 4G und 5G blockiere. In diesem Zusammenhang wurde in Aussicht gestellt, dass auch jene Bereiche, die bisher maximal mit 3G versorgt sind, k\u00fcnftig \u00fcber eine leistungsstarke 4G-Versorgung verf\u00fcgen.<\/p>\n<p>Vertraglich sollte dabei zumindest f\u00fcr den Gro\u00dfteil der Kunden alles beim Alten bleiben. So wurde die 5G-Unterst\u00fctzung in die meisten Mobilfunktarife der Anbieter integriert und man kann davon ausgehen, dass sich die damit verbundenen Konditionen (O2 setzt beispielsweise Tarife zu mindestens 39,99 Euro im Monat voraus) mit wachsender Netzabdeckung k\u00fcnftig auch attraktiver gestalten.<img loading=\"lazy\" decoding=\"async\" src=\"https:\/\/vg06.met.vgwort.de\/na\/4954399db3474165a08a932337cdad5f\" width=\"1\" height=\"1\" class=\"tracking\"><\/p>\n<h2>Apple: &#8222;Das leistungsst\u00e4rkste iPhone, das es je gab&#8220;<\/h2>\n<p><div class=\"responsive-video\"><iframe loading=\"lazy\" width=\"700\" height=\"371\" src=\"https:\/\/www.youtube-nocookie.com\/embed\/gvmXaiC0UdY\" frameborder=\"0\" allowfullscreen><\/iframe><\/div><\/p>\n","protected":false},"excerpt":{"rendered":"<a href=\"https:\/\/www.iphone-ticker.de\/5g-unterstuetzung-als-wichtigstes-verkaufsargument-fuer-das-iphone-12-164719\/\"><img width=\"150\" height=\"150\" src=\"https:\/\/images.iphone-ticker.de\/wp-content\/uploads\/2020\/10\/hans-vestberg-verizon-5g-150x150.jpg\" class=\"alignright tfe wp-post-image\" alt=\"Hans Vestberg Verizon 5g\" decoding=\"async\" loading=\"lazy\" \/><\/a><p>Die Unterst\u00fctzung der 5G-Netze wird von Apple als eines der wesentlichen Merkmale der neuen iPhone-Generation beworben. Schon bei der Pr\u00e4sentation von iPhone 12 und iPhone 12 Pro wurde das Thema \u00fcber satte sechs Minuten hinweg ausf\u00fchrlich behandelt, f\u00fcnf Minuten lang \u00fcberlie\u00df Apple dabei Hans Vestberg, dem Chef des Mobilunkproviders Verizon die B\u00fchne. Auch der neueste [&hellip;]<\/p>\n","protected":false},"author":2,"featured_media":164723,"comment_status":"open","ping_status":"closed","sticky":false,"template":"","format":"standard","meta":{"footnotes":""},"categories":[749],"tags":[2938,3912,4946],"class_list":["post-164719","post","type-post","status-publish","format-standard","has-post-thumbnail","hentry","category-iphone-2","tag-5g","tag-apple","tag-iphone-12"],"aioseo_notices":[],"subheadline":["Apple sagt \"Hallo zu 5G\""],"featured_image":["https:\/\/images.iphone-ticker.de\/wp-content\/uploads\/2020\/10\/apple-buehne-frei-fuer-5g.jpg"],"rest_api_enabler":{"subheadline":"Apple sagt \"Hallo zu 5G\"","featured_image":"https:\/\/images.iphone-ticker.de\/wp-content\/uploads\/2020\/10\/apple-buehne-frei-fuer-5g.jpg"},"_links":{"self":[{"href":"https:\/\/www.iphone-ticker.de\/apiv2\/wp\/v2\/posts\/164719","targetHints":{"allow":["GET"]}}],"collection":[{"href":"https:\/\/www.iphone-ticker.de\/apiv2\/wp\/v2\/posts"}],"about":[{"href":"https:\/\/www.iphone-ticker.de\/apiv2\/wp\/v2\/types\/post"}],"author":[{"embeddable":true,"href":"https:\/\/www.iphone-ticker.de\/apiv2\/wp\/v2\/users\/2"}],"replies":[{"embeddable":true,"href":"https:\/\/www.iphone-ticker.de\/apiv2\/wp\/v2\/comments?post=164719"}],"version-history":[{"count":4,"href":"https:\/\/www.iphone-ticker.de\/apiv2\/wp\/v2\/posts\/164719\/revisions"}],"predecessor-version":[{"id":164725,"href":"https:\/\/www.iphone-ticker.de\/apiv2\/wp\/v2\/posts\/164719\/revisions\/164725"}],"wp:featuredmedia":[{"embeddable":true,"href":"https:\/\/www.iphone-ticker.de\/apiv2\/wp\/v2\/media\/164723"}],"wp:attachment":[{"href":"https:\/\/www.iphone-ticker.de\/apiv2\/wp\/v2\/media?parent=164719"}],"wp:term":[{"taxonomy":"category","embeddable":true,"href":"https:\/\/www.iphone-ticker.de\/apiv2\/wp\/v2\/categories?post=164719"},{"taxonomy":"post_tag","embeddable":true,"href":"https:\/\/www.iphone-ticker.de\/apiv2\/wp\/v2\/tags?post=164719"}],"curies":[{"name":"wp","href":"https:\/\/api.w.org\/{rel}","templated":true}]}}