{"id":164576,"date":"2020-10-15T07:11:48","date_gmt":"2020-10-15T05:11:48","guid":{"rendered":"https:\/\/www.iphone-ticker.de\/?p=164576"},"modified":"2020-10-15T07:11:48","modified_gmt":"2020-10-15T05:11:48","slug":"farbvergleich-abc-news-zeigt-die-neuen-blauen-iphone-modelle-im-video","status":"publish","type":"post","link":"https:\/\/www.iphone-ticker.de\/farbvergleich-abc-news-zeigt-die-neuen-blauen-iphone-modelle-im-video-164576\/","title":{"rendered":"Farbvergleich: ABC News zeigt die neuen blauen iPhone-Modelle im Video"},"content":{"rendered":"<p>Aufgrund der virtuellen Pr\u00e4sentation der neuen iPhone-Modelle konnte Apple im Anschluss an die Ank\u00fcndigung diesmal kein \u201eHands-on\u201c f\u00fcr ausgew\u00e4hlte Personen durchf\u00fchren. Stattdessen stattet das Unternehmen nun aber erste Medienunternehmen mit Testmodellen aus. So konnte der US-Fernsehsender ABC die beiden blauen Versionen iPhone 12 und iPhone 12 Pro bereits in seiner TV-Show \u201eGood Morning America\u201c pr\u00e4sentieren.<\/p>\n<p>Die Blaut\u00f6ne sind dann auch gleich der erste Thema, dessen sich die ABC-Reporterin Becky Worley annimmt. Die Farben der beiden iPhones unterscheiden sich in der direkten Gegen\u00fcberstellung deutlich. Das iPhone 12 wirkt dabei eher wie ein Azurblau, w\u00e4hrend das \u201ePazifikblau\u201c des iPhone 12 Pro als dunkleres Metallic-Blau erscheint.<\/p>\n<p><a href=\"https:\/\/images.iphone-ticker.de\/wp-content\/uploads\/2020\/10\/iphone-12-und-iphone-12-pro-blau-vergleich.jpg\"><img loading=\"lazy\" decoding=\"async\" src=\"https:\/\/images.iphone-ticker.de\/wp-content\/uploads\/2020\/10\/iphone-12-und-iphone-12-pro-blau-vergleich-700x462.jpg\" alt=\"Iphone 12 Und Iphone 12 Pro Blau Vergleich\" width=\"700\" height=\"462\" class=\"alignnone size-large wp-image-164580\" srcset=\"https:\/\/images.iphone-ticker.de\/wp-content\/uploads\/2020\/10\/iphone-12-und-iphone-12-pro-blau-vergleich-700x462.jpg 700w, https:\/\/images.iphone-ticker.de\/wp-content\/uploads\/2020\/10\/iphone-12-und-iphone-12-pro-blau-vergleich-500x330.jpg 500w, https:\/\/images.iphone-ticker.de\/wp-content\/uploads\/2020\/10\/iphone-12-und-iphone-12-pro-blau-vergleich.jpg 1014w\" sizes=\"auto, (max-width: 700px) 100vw, 700px\" \/><\/a><\/p>\n<p>ABC News kann uns zudem auch einen kurzen Blick auf die Magnetfunktion der neuen Ger\u00e4te gew\u00e4hren und es wird demonstriert, wie Apples magnetische Kreditkartenh\u00fclle an die Ger\u00e4ter\u00fcckseite schnappt und satt anliegt.<\/p>\n<p>Einen tats\u00e4chlichen Ger\u00e4tetest bekommen wir allerdings nicht zu sehen. Vielmehr wiederholt die ABC-Reporterin lediglich die von Apple genannten Fakten zum Ger\u00e4t und beschr\u00e4nkt sich auf eine Beschreibung der \u00e4u\u00dferen Unterschiede wie die im Vergleich zum iPhone 11 geraden Kanten und das neue verst\u00e4rkte, laut Apple deutlich robustere Keramikglas.<\/p>\n<p>Ein besonderes Thema waren im Zusammenhang mit der Pr\u00e4sentation nat\u00fcrlich auch die neuen Kamerafunktionen, sowohl hard- als auch softwareseitig. Auch hier sehen wir allerdings nur kurz die bereits aus der Apple-Vorf\u00fchrung bekannten Demo-Bilder. Eigene Aufnahmen gibt es nicht, offenbar darf ABC die Funktionen der neuen Telefone noch nicht im Betrieb zeigen.<\/p>\n<p>Im Videointerview mit einer f\u00fcr das Produktmarketing verantwortlichen Apple-Managerin hat ABC schlie\u00dflich auch nochmal die Tatsache angesprochen, dass Apple den neuen Ger\u00e4ten trotz der hohen Preise kein Ladeger\u00e4t und keine Ohrh\u00f6rer beilegt. Die Apple-Antwort lautet erwartungsgem\u00e4\u00df, dass die Ger\u00e4te aufgrund ihrer zahlreichen Funktionen auch so ihr Geld wert sind. Die meisten Kunden h\u00e4tten solches Zubeh\u00f6r zuhause und man habe so die M\u00f6glichkeit genutzt, einen Beitrag zum Umweltschutz zu leisten.<img loading=\"lazy\" decoding=\"async\" src=\"https:\/\/vg06.met.vgwort.de\/na\/e623b633ca0845fe84b3f3ae8478ef6f\" width=\"1\" height=\"1\" class=\"tracking\"><\/p>\n<p><div class=\"responsive-video\"><iframe loading=\"lazy\" width=\"700\" height=\"371\" src=\"https:\/\/www.youtube-nocookie.com\/embed\/L6W8HSh-T9s\" frameborder=\"0\" allowfullscreen><\/iframe><\/div><\/p>\n<p><h8>Danke Marc<\/h8><\/p>\n","protected":false},"excerpt":{"rendered":"<a href=\"https:\/\/www.iphone-ticker.de\/farbvergleich-abc-news-zeigt-die-neuen-blauen-iphone-modelle-im-video-164576\/\"><img width=\"150\" height=\"150\" src=\"https:\/\/images.iphone-ticker.de\/wp-content\/uploads\/2020\/10\/iphone-12-und-iphone-12-pro-blau-vergleich-150x150.jpg\" class=\"alignright tfe wp-post-image\" alt=\"Iphone 12 Und Iphone 12 Pro Blau Vergleich\" decoding=\"async\" loading=\"lazy\" \/><\/a><p>Aufgrund der virtuellen Pr\u00e4sentation der neuen iPhone-Modelle konnte Apple im Anschluss an die Ank\u00fcndigung diesmal kein \u201eHands-on\u201c f\u00fcr ausgew\u00e4hlte Personen durchf\u00fchren. Stattdessen stattet das Unternehmen nun aber erste Medienunternehmen mit Testmodellen aus. So konnte der US-Fernsehsender ABC die beiden blauen Versionen iPhone 12 und iPhone 12 Pro bereits in seiner TV-Show \u201eGood Morning America\u201c pr\u00e4sentieren. [&hellip;]<\/p>\n","protected":false},"author":2,"featured_media":164580,"comment_status":"open","ping_status":"closed","sticky":false,"template":"","format":"standard","meta":{"footnotes":""},"categories":[749],"tags":[4946,5356,8],"class_list":["post-164576","post","type-post","status-publish","format-standard","has-post-thumbnail","hentry","category-iphone-2","tag-iphone-12","tag-pazifikblau","tag-video"],"aioseo_notices":[],"subheadline":["Premiere bei \"Good Morning America\""],"featured_image":["https:\/\/images.iphone-ticker.de\/wp-content\/uploads\/2020\/10\/abc-news-iphone-12-im-video.jpg"],"rest_api_enabler":{"subheadline":"Premiere bei \"Good Morning America\"","featured_image":"https:\/\/images.iphone-ticker.de\/wp-content\/uploads\/2020\/10\/abc-news-iphone-12-im-video.jpg"},"_links":{"self":[{"href":"https:\/\/www.iphone-ticker.de\/apiv2\/wp\/v2\/posts\/164576","targetHints":{"allow":["GET"]}}],"collection":[{"href":"https:\/\/www.iphone-ticker.de\/apiv2\/wp\/v2\/posts"}],"about":[{"href":"https:\/\/www.iphone-ticker.de\/apiv2\/wp\/v2\/types\/post"}],"author":[{"embeddable":true,"href":"https:\/\/www.iphone-ticker.de\/apiv2\/wp\/v2\/users\/2"}],"replies":[{"embeddable":true,"href":"https:\/\/www.iphone-ticker.de\/apiv2\/wp\/v2\/comments?post=164576"}],"version-history":[{"count":5,"href":"https:\/\/www.iphone-ticker.de\/apiv2\/wp\/v2\/posts\/164576\/revisions"}],"predecessor-version":[{"id":164583,"href":"https:\/\/www.iphone-ticker.de\/apiv2\/wp\/v2\/posts\/164576\/revisions\/164583"}],"wp:featuredmedia":[{"embeddable":true,"href":"https:\/\/www.iphone-ticker.de\/apiv2\/wp\/v2\/media\/164580"}],"wp:attachment":[{"href":"https:\/\/www.iphone-ticker.de\/apiv2\/wp\/v2\/media?parent=164576"}],"wp:term":[{"taxonomy":"category","embeddable":true,"href":"https:\/\/www.iphone-ticker.de\/apiv2\/wp\/v2\/categories?post=164576"},{"taxonomy":"post_tag","embeddable":true,"href":"https:\/\/www.iphone-ticker.de\/apiv2\/wp\/v2\/tags?post=164576"}],"curies":[{"name":"wp","href":"https:\/\/api.w.org\/{rel}","templated":true}]}}