{"id":164477,"date":"2020-10-13T20:07:16","date_gmt":"2020-10-13T18:07:16","guid":{"rendered":"https:\/\/www.iphone-ticker.de\/?p=164477"},"modified":"2020-10-14T19:50:27","modified_gmt":"2020-10-14T17:50:27","slug":"iphone-12-pro-und-iphone-12-pro-max-apples-neue-top-modelle","status":"publish","type":"post","link":"https:\/\/www.iphone-ticker.de\/iphone-12-pro-und-iphone-12-pro-max-apples-neue-top-modelle-164477\/","title":{"rendered":"iPhone 12 Pro und iPhone 12 Pro Max: Apples neue Top-Modelle"},"content":{"rendered":"<p>Neben dem <a href=\"https:\/\/www.apple.com\/de\/iphone-12\/\">iPhone 12 und dem iPhone 12 Mini<\/a> hat Apple auch das <a href=\"https:\/\/www.apple.com\/de\/iphone-12-pro\/\">iPhone Pro<\/a> in zwei Gr\u00f6\u00dfen vorgestellt. Das iPhone 12 Pro kommt ebenfalls mit 5G-Unterst\u00fctzung und in vier verschiedenen Farben. Neu ist hier das Pazifikblau, aber auch die anderen Farben erscheinen auf Basis der verwendeten Materialien, insbesondere der rundumlaufenden polierten Stahlkante brillanter als bislang. Auch Apples neue MagSafe-Technologie wird nat\u00fcrlich unterst\u00fctzt.<\/p>\n<p><a href=\"https:\/\/images.iphone-ticker.de\/wp-content\/uploads\/2020\/10\/iphone-12-pro-small.jpg\"><img loading=\"lazy\" decoding=\"async\" src=\"https:\/\/images.iphone-ticker.de\/wp-content\/uploads\/2020\/10\/iphone-12-pro-small-500x387.jpg\" alt=\"Iphone 12 Pro Small\" width=\"500\" height=\"387\" class=\"alignnone size-medium wp-image-164472\" srcset=\"https:\/\/images.iphone-ticker.de\/wp-content\/uploads\/2020\/10\/iphone-12-pro-small-500x387.jpg 500w, https:\/\/images.iphone-ticker.de\/wp-content\/uploads\/2020\/10\/iphone-12-pro-small-700x542.jpg 700w, https:\/\/images.iphone-ticker.de\/wp-content\/uploads\/2020\/10\/iphone-12-pro-small.jpg 1261w\" sizes=\"auto, (max-width: 500px) 100vw, 500px\" \/><\/a><\/p>\n<p><a href=\"https:\/\/www.apple.com\/de\/iphone-12-pro\/\">iPhone 12 Pro<\/a> kommt mit Super Retina XDR-Bildschirmen mit 6,1 und 6,7 Zoll Bildschirmgr\u00f6\u00dfe. Im Inneren arbeitet ebenfalls ein A14 Bionic Prozessor, der Apple zufolge insbesondere die Kamera- und Bildbearbeitungsfunktionen enorm beschleunigt.<\/p>\n<p>Das iPhone 12 Pro ist mit einer 12-Megapixel-Kamera mit Objektiven f\u00fcr Wide, Ultrawide und Telefotografie ausgestattet. Ein vergr\u00f6\u00dferter Bildsensor erlaubt es, beim Fotografieren deutlich mehr Licht und Bildinformationen einzufangen.<\/p>\n<p><a href=\"https:\/\/images.iphone-ticker.de\/wp-content\/uploads\/2020\/10\/12-pro-kamera.jpg\"><img loading=\"lazy\" decoding=\"async\" src=\"https:\/\/images.iphone-ticker.de\/wp-content\/uploads\/2020\/10\/12-pro-kamera-700x389.jpg\" alt=\"12 Pro Kamera\" width=\"700\" height=\"389\" class=\"alignnone size-large wp-image-164475\" srcset=\"https:\/\/images.iphone-ticker.de\/wp-content\/uploads\/2020\/10\/12-pro-kamera-700x389.jpg 700w, https:\/\/images.iphone-ticker.de\/wp-content\/uploads\/2020\/10\/12-pro-kamera-500x278.jpg 500w, https:\/\/images.iphone-ticker.de\/wp-content\/uploads\/2020\/10\/12-pro-kamera-1536x853.jpg 1536w, https:\/\/images.iphone-ticker.de\/wp-content\/uploads\/2020\/10\/12-pro-kamera.jpg 1781w\" sizes=\"auto, (max-width: 700px) 100vw, 700px\" \/><\/a><\/p>\n<p>Beide Pro-Modelle sollen mit einem k\u00fcnftigen Software-Update mit AppleProRaw eine neue Funktion zur Live-Bildbearbeitung von Raw-Aufnahmen erhalten. S\u00e4mtliche Einflussnahme geschieht verlustfrei und l\u00e4sst sich jederzeit r\u00fcckg\u00e4ngig machen oder ver\u00e4ndern. <\/p>\n<p>Im Videobereich ist jetzt die Aufnahme mit 10-Bit HDR m\u00f6glich. Die Kamera der neuen iPhone-12-Pro-Modelle kann auch als erste Smartphone-Kamera in Dolby Vision HDR aufnehmen.<\/p>\n<p><a href=\"https:\/\/images.iphone-ticker.de\/wp-content\/uploads\/2020\/10\/iphone-12-pro-features.jpg\"><img loading=\"lazy\" decoding=\"async\" src=\"https:\/\/images.iphone-ticker.de\/wp-content\/uploads\/2020\/10\/iphone-12-pro-features-700x393.jpg\" alt=\"Iphone 12 Pro Features\" width=\"700\" height=\"393\" class=\"alignnone size-large wp-image-164481\" srcset=\"https:\/\/images.iphone-ticker.de\/wp-content\/uploads\/2020\/10\/iphone-12-pro-features-700x393.jpg 700w, https:\/\/images.iphone-ticker.de\/wp-content\/uploads\/2020\/10\/iphone-12-pro-features-500x280.jpg 500w, https:\/\/images.iphone-ticker.de\/wp-content\/uploads\/2020\/10\/iphone-12-pro-features-1536x862.jpg 1536w, https:\/\/images.iphone-ticker.de\/wp-content\/uploads\/2020\/10\/iphone-12-pro-features.jpg 1838w\" sizes=\"auto, (max-width: 700px) 100vw, 700px\" \/><\/a><\/p>\n<p>Neu im iPhone 12 Pro ist auch ein integrierter LiDAR-Sensor, Apple hat diesen erstmals in den aktuellen iPad-Pro-Modellen verbaut. Mithilfe von LiDAR lassen sich neue M\u00f6glichkeiten im AR-Bereich nutzen, insbesondere wird aber auch die Autofokusfunktion verbessert. LiDAR arbeitet hier pr\u00e4ziser und schneller, bei schlechten Lichtverh\u00e4ltnissen l\u00e4sst sich das Fokussieren bis zu sechsmal beschleunigen.<\/p>\n<h2>Ab 1.120 Euro, Vorbestellung ab 16. Oktober<\/h2>\n<p>Das iPhone 12 Pro startet mit 128 GB ab 1.120 Euro bzw. 1.217,50 Euro f\u00fcr die Max-Version. Kunden k\u00f6nnen das iPhone 12 Pro ab Freitag, 16. Oktober ab 14 Uhr vorbestellen, mit Verf\u00fcgbarkeit ab Freitag, 23. Oktober. Die Vorbestellung f\u00fcr das iPhone 12 Pro Max beginnt am Freitag, 6. November ab 14 Uhr lokaler Ortszeit, mit Verf\u00fcgbarkeit ab Freitag, 13. November.\n <\/p>\n","protected":false},"excerpt":{"rendered":"<a href=\"https:\/\/www.iphone-ticker.de\/iphone-12-pro-und-iphone-12-pro-max-apples-neue-top-modelle-164477\/\"><img decoding=\"async\" width=\"150\" src=\"https:\/\/images.iphone-ticker.de\/wp-content\/uploads\/2020\/10\/iphone-12-pro-small-500x387.jpg\" class=\"alignright wp-post-image tfe\" alt=\"Iphone 12 Pro Small\" title=\"\" \/><\/a><p>Neben dem iPhone 12 und dem iPhone 12 Mini hat Apple auch das iPhone Pro in zwei Gr\u00f6\u00dfen vorgestellt. Das iPhone 12 Pro kommt ebenfalls mit 5G-Unterst\u00fctzung und in vier verschiedenen Farben. Neu ist hier das Pazifikblau, aber auch die anderen Farben erscheinen auf Basis der verwendeten Materialien, insbesondere der rundumlaufenden polierten Stahlkante brillanter als [&hellip;]<\/p>\n","protected":false},"author":2,"featured_media":0,"comment_status":"open","ping_status":"closed","sticky":false,"template":"","format":"standard","meta":{"footnotes":""},"categories":[749,1975],"tags":[],"class_list":["post-164477","post","type-post","status-publish","format-standard","hentry","category-iphone-2","category-feature"],"aioseo_notices":[],"featured_image":["https:\/\/images.iphone-ticker.de\/wp-content\/uploads\/2020\/10\/iPhone-12-pro.jpg"],"subheadline":["Neu auch in Pazifikblau"],"rest_api_enabler":{"featured_image":"https:\/\/images.iphone-ticker.de\/wp-content\/uploads\/2020\/10\/iPhone-12-pro.jpg","subheadline":"Neu auch in Pazifikblau"},"_links":{"self":[{"href":"https:\/\/www.iphone-ticker.de\/apiv2\/wp\/v2\/posts\/164477","targetHints":{"allow":["GET"]}}],"collection":[{"href":"https:\/\/www.iphone-ticker.de\/apiv2\/wp\/v2\/posts"}],"about":[{"href":"https:\/\/www.iphone-ticker.de\/apiv2\/wp\/v2\/types\/post"}],"author":[{"embeddable":true,"href":"https:\/\/www.iphone-ticker.de\/apiv2\/wp\/v2\/users\/2"}],"replies":[{"embeddable":true,"href":"https:\/\/www.iphone-ticker.de\/apiv2\/wp\/v2\/comments?post=164477"}],"version-history":[{"count":12,"href":"https:\/\/www.iphone-ticker.de\/apiv2\/wp\/v2\/posts\/164477\/revisions"}],"predecessor-version":[{"id":164499,"href":"https:\/\/www.iphone-ticker.de\/apiv2\/wp\/v2\/posts\/164477\/revisions\/164499"}],"wp:attachment":[{"href":"https:\/\/www.iphone-ticker.de\/apiv2\/wp\/v2\/media?parent=164477"}],"wp:term":[{"taxonomy":"category","embeddable":true,"href":"https:\/\/www.iphone-ticker.de\/apiv2\/wp\/v2\/categories?post=164477"},{"taxonomy":"post_tag","embeddable":true,"href":"https:\/\/www.iphone-ticker.de\/apiv2\/wp\/v2\/tags?post=164477"}],"curies":[{"name":"wp","href":"https:\/\/api.w.org\/{rel}","templated":true}]}}